{"id":251,"date":"2010-04-30T07:22:18","date_gmt":"2010-04-30T07:22:18","guid":{"rendered":"http:\/\/mauritiustimes.com\/mt\/2010\/04\/30\/jooned-jeeroburkhan\/"},"modified":"2010-04-30T07:22:18","modified_gmt":"2010-04-30T07:22:18","slug":"jooned-jeeroburkhan","status":"publish","type":"post","link":"https:\/\/www.mauritiustimes.com\/mt\/jooned-jeeroburkhan\/","title":{"rendered":"Jooned Jeeroburkhan"},"content":{"rendered":"<p class=\"MsoNormal\" style=\"margin: 0in 0in 10pt;\"><strong><span style=\"font-family: Verdana; font-size: 12pt; mso-bidi-font-family: Arial; mso-bidi-font-size: 16.0pt; mso-ansi-language: FR-CA;\" lang=\"FR-CA\"><span style=\"color: #000000;\"><span style=\"text-decoration: underline;\">Rituel quinquennal et vote blanc<\/span><\/span><\/span><\/strong><strong><span style=\"font-family: Verdana; font-size: 12pt; mso-bidi-font-family: Arial; mso-bidi-font-size: 16.0pt; mso-ansi-language: FR-CA;\" lang=\"FR-CA\"><span style=\"color: #000000;\">\u00a0<\/span><\/span><\/strong><\/p>\n<p class=\"MsoNormal\" style=\"margin: 0in 0in 10pt;\"><strong><span style=\"font-family: Verdana; font-size: 12pt; mso-bidi-font-family: Arial; mso-bidi-font-size: 16.0pt; mso-ansi-language: FR-CA;\" lang=\"FR-CA\"><span style=\"color: #000000;\">&#8212; JOONEED JEEROBURKHAN<\/span><\/span><\/strong><span style=\"font-family: Verdana; font-size: 12pt; mso-bidi-font-family: Arial; mso-bidi-font-size: 16.0pt; mso-ansi-language: FR-CA;\" lang=\"FR-CA\"><span style=\"color: #000000;\">\u00a0<\/span><\/span><\/p>\n<p class=\"MsoNormal\" style=\"margin: 0in 0in 10pt;\"><span style=\"font-family: Verdana; font-size: 12pt; mso-bidi-font-family: Arial; mso-bidi-font-size: 16.0pt; mso-ansi-language: FR-CA;\" lang=\"FR-CA\"><span style=\"color: #000000;\">Les \u00e9lections du 5 mai vont \u00eatre, plus que jamais, une pure formalit\u00e9. L\u2019issue en a \u00e9t\u00e9 scell\u00e9e longtemps \u00e0 l\u2019avance, cinq ann\u00e9es d\u2019opposition fant\u00f4me et trois mois de \u00ab\u00a0koz-koze\u00a0\u00bb st\u00e9rile autour d\u2019une possible alliance ayant mis le MMM sur la touche. Navin Ramgoolam a d\u00e9j\u00e0 gagn\u00e9 par d\u00e9faut.  <!--more-->  <\/span><\/span><span style=\"font-family: Verdana; font-size: 12pt; mso-bidi-font-family: Arial; mso-bidi-font-size: 16.0pt; mso-ansi-language: FR-CA;\" lang=\"FR-CA\"><span style=\"color: #000000;\">Mais, r\u00e9aliste jusqu\u2019\u00e0 la prudence, le Premier ministre sortant n\u2019a pas voulu prendre de risques \u2013 comme le caudillo du MMM lui-m\u00eame en 1982. \u00c9chaud\u00e9 par l\u2019Accord de Medpoint MSM-MMM qui l\u2019envoya \u00ab\u00a0dan karo kann\u00a0\u00bb en 2000, il s\u2019est veng\u00e9 en \u00e9reintant Paul B\u00e9renger, et nos m\u00e9dias- spectacles, avec son faux cin\u00e9ma et son \u00ab\u00a0koz-koze\u00a0\u00bb prolong\u00e9.<\/span><\/span><\/p>\n<p class=\"MsoNormal\" style=\"margin: 0in 0in 10pt;\"><span style=\"font-family: Verdana; font-size: 12pt; mso-bidi-font-family: Arial; mso-bidi-font-size: 16.0pt; mso-ansi-language: FR-CA;\" lang=\"FR-CA\"><span style=\"color: #000000;\">Se retournant, il a ensuite serr\u00e9 le MSM de Pravind Jugnauth dans une \u00e9treinte qui ressemble dr\u00f4lement au resserrement d\u2019une \u00ab\u00a0prise de l\u2019ours\u00a0\u00bb politique bien amorc\u00e9e avec l\u2019\u00e9lection partielle de 2009 dans la circonscription no 8. Pour paraphraser un historien du Qu\u00e9bec, \u00ab\u00a0le chat Navin, \u00e9chaud\u00e9 ou pas, cherche \u00e0 avaler le serin Pravind\u00a0\u00bb.<\/span><\/span><strong><span style=\"font-family: Verdana; font-size: 12pt; mso-bidi-font-family: Arial; mso-bidi-font-size: 16.0pt; mso-ansi-language: FR-CA;\" lang=\"FR-CA\"><span style=\"color: #000000;\">\u00a0<\/span><\/span><\/strong><\/p>\n<p class=\"MsoNormal\" style=\"margin: 0in 0in 10pt;\"><strong><span style=\"font-family: Verdana; font-size: 12pt; mso-bidi-font-family: Arial; mso-bidi-font-size: 16.0pt; mso-ansi-language: FR-CA;\" lang=\"FR-CA\"><span style=\"color: #000000;\">Alliance \u00ab\u00a0apr\u00e8s\u00a0\u00bb et non \u00ab\u00a0avant\u00a0\u00bb <\/span><\/span><\/strong><\/p>\n<p class=\"MsoNormal\" style=\"margin: 0in 0in 10pt;\"><span style=\"font-family: Verdana; font-size: 12pt; mso-bidi-font-family: Arial; mso-bidi-font-size: 16.0pt; mso-ansi-language: FR-CA;\" lang=\"FR-CA\"><span style=\"color: #000000;\">Et si la date du 5 mai flatte la fiert\u00e9 du PMSD en comm\u00e9morant la mort de Ga\u00ebtan Duval en 1996, il y a fort \u00e0 parier que le tr\u00e8s anglophile chef de l\u2019Alliance de l\u2019Avenir, bien entour\u00e9 \u00e0 Maurice et bien conseill\u00e9 depuis Londres, a voulu devancer les l\u00e9gislatives britanniques du 6 mai o\u00f9 les sondages pr\u00e9voient un recul du Parti travailliste de Gordon Brown.<\/span><\/span><\/p>\n<p class=\"MsoNormal\" style=\"margin: 0in 0in 10pt;\"><span style=\"font-family: Verdana; font-size: 12pt; mso-bidi-font-family: Arial; mso-bidi-font-size: 16.0pt; mso-ansi-language: FR-CA;\" lang=\"FR-CA\"><span style=\"color: #000000;\">En convoquant les Mauriciens aux urnes un jour avant les Britanniques, le PM sortant s\u2019est assur\u00e9 de n\u2019avoir pas \u00e0 subir l\u2019impact psychologique d\u2019un \u00e9ventuel \u00ab\u00a0Hung Parliament\u00a0\u00bb \u00e0 Westminster. Il prive en m\u00eame temps l\u2019Alliance du C\u0153ur de l\u2019occasion d\u2019exploiter sur les \u00celes mauriciennes une possible d\u00e9faite du Labour dans les \u00celes britanniques.<\/span><\/span><\/p>\n<p class=\"MsoNormal\" style=\"margin: 0in 0in 10pt;\"><span style=\"font-family: Verdana; font-size: 12pt; mso-bidi-font-family: Arial; mso-bidi-font-size: 16.0pt; mso-ansi-language: FR-CA;\" lang=\"FR-CA\"><span style=\"color: #000000;\">Ce qui ne veut pas dire qu\u2019une alliance Ptr-MMM est impossible. Mais APR\u00c8S le 5 mai. Question de montrer aux bailleurs de fonds du MMM et consorts, qui ont p\u00e9dal\u00e9 dur pour l\u2019alliance avec le PTr AVANT le scrutin, qu\u2019il est pr\u00eat \u00e0 les \u00e9couter, voire \u00e0 collaborer avec eux, mais \u00c0 SES CONDITIONS, et sur la base de son projet de \u00ab\u00a0d\u00e9mocratisation de l\u2019\u00e9conomie\u00a0\u00bb.<\/span><\/span><strong><span style=\"font-family: Verdana; font-size: 12pt; mso-bidi-font-family: Arial; mso-bidi-font-size: 16.0pt; mso-ansi-language: FR-CA;\" lang=\"FR-CA\"><span style=\"color: #000000;\">\u00a0<\/span><\/span><\/strong><\/p>\n<p class=\"MsoNormal\" style=\"margin: 0in 0in 10pt;\"><strong><span style=\"font-family: Verdana; font-size: 12pt; mso-bidi-font-family: Arial; mso-bidi-font-size: 16.0pt; mso-ansi-language: FR-CA;\" lang=\"FR-CA\"><span style=\"color: #000000;\">L\u2019acte citoyen de la PNK <\/span><\/span><\/strong><\/p>\n<p class=\"MsoNormal\" style=\"margin: 0in 0in 10pt;\"><span style=\"color: #000000;\"><span style=\"font-family: Verdana; font-size: 12pt; mso-bidi-font-family: Arial; mso-bidi-font-size: 16.0pt; mso-ansi-language: FR-CA;\" lang=\"FR-CA\">\u00c0 quelque exception pr\u00e8s, ces m\u00eames bailleurs de fonds financent aussi le PTr et consorts, soit dit en passant. Ce qui montre bien que \u00ab\u00a0d\u00e9mocratiser l\u2019\u00e9conomie\u00a0\u00bb est pour Navin Ramgoolam plus symbole que substance. Tout comme la promesse d\u2019une nouvelle Constitution pour une 2<sup>e<\/sup> R\u00e9publique, id\u00e9e pirat\u00e9e chez la PNK de <\/span><em><span style=\"font-family: Verdana; font-size: 12pt; mso-bidi-font-family: Arial; mso-bidi-font-size: 16.0pt; mso-ansi-language: FR;\" lang=\"FR\">Rezistans ek Alternativ<\/span><\/em><span style=\"font-family: Verdana; font-size: 12pt; mso-bidi-font-family: Arial; mso-bidi-font-size: 16.0pt; mso-ansi-language: FR-CA;\" lang=\"FR-CA\">, et <\/span><span style=\"font-family: Verdana; font-size: 12pt; mso-bidi-font-family: Arial; mso-bidi-font-size: 16.0pt; mso-ansi-language: FR;\" lang=\"FR\">Mouvement Premier mai<\/span><span style=\"font-family: Verdana; font-size: 12pt; mso-bidi-font-family: Arial; mso-bidi-font-size: 16.0pt; mso-ansi-language: FR-CA;\" lang=\"FR-CA\">, alors m\u00eame que ses candidats \u00e9taient disqualifi\u00e9s pour leur acte de citoyennet\u00e9 et leur refus du tribalisme.<\/span><\/span><\/p>\n<p class=\"MsoNormal\" style=\"margin: 0in 0in 10pt;\"><span style=\"font-family: Verdana; font-size: 12pt; mso-bidi-font-family: Arial; mso-bidi-font-size: 16.0pt; mso-ansi-language: FR-CA;\" lang=\"FR-CA\"><span style=\"color: #000000;\">Les grands enjeux pour Maurice, \u00c9tat-archipel au c\u0153ur du nouvel axe du monde qu\u2019est l\u2019oc\u00e9an Indien, de la nouvelle mondialisation non-colonialiste qui s\u2019impose, et du 21e si\u00e8cle qui d\u00e9ferle, ont \u00e9t\u00e9 absents du \u00ab\u00a0d\u00e9bat\u00a0\u00bb \u00e9lectoral. Il y a eu certes quelques \u00e9changes, notamment dans les m\u00e9dias, mais c\u2019est la PNK qui a pr\u00e9sent\u00e9 une \u00ab\u00a0vision\u00a0\u00bb de l\u2019avenir avec son combat citoyen et son projet constitutionnel.<\/span><\/span><\/p>\n<p class=\"MsoNormal\" style=\"margin: 0in 0in 10pt;\"><span style=\"font-family: Verdana; font-size: 12pt; mso-bidi-font-family: Arial; mso-bidi-font-size: 16.0pt; mso-ansi-language: FR-CA;\" lang=\"FR-CA\"><span style=\"color: #000000;\">Cela m\u2019a emball\u00e9 au point o\u00f9, depuis Montr\u00e9al, j\u2019ai demand\u00e9 \u00e0 des camarades d\u2019inscrire ma candidature sans d\u00e9cliner ma \u00ab\u00a0communaut\u00e9\u00a0\u00bb. J\u2019aurais \u00e9t\u00e9 ainsi dans le m\u00eame sac que Jack Bizlall et Philippe Forget Jr, mais c\u2019est cela le dialogue national que requi\u00e8rent le temps pr\u00e9sent et l\u2019avenir des jeunes. Avec Forget, on aurait pu aussi \u00ab\u00a0koz-koze\u00a0\u00bb du financement des partis et des \u00e9lections, th\u00e8mes enti\u00e8rement occult\u00e9s durant la campagne, chez les partis comme dans les m\u00e9dias \u2013 o\u00f9 des empires de presse p\u00e8sent d\u00e9sormais de plus en plus lourd.<\/span><\/span><strong><span style=\"font-family: Verdana; font-size: 12pt; mso-bidi-font-family: Arial; mso-bidi-font-size: 16.0pt; mso-ansi-language: FR-CA;\" lang=\"FR-CA\"><span style=\"color: #000000;\">\u00a0<\/span><\/span><\/strong><\/p>\n<p class=\"MsoNormal\" style=\"margin: 0in 0in 10pt;\"><strong><span style=\"font-family: Verdana; font-size: 12pt; mso-bidi-font-family: Arial; mso-bidi-font-size: 16.0pt; mso-ansi-language: FR-CA;\" lang=\"FR-CA\"><span style=\"color: #000000;\">Lalit et le \u00ab\u00a0vote blanc\u00a0\u00bb <\/span><\/span><\/strong><\/p>\n<p class=\"MsoNormal\" style=\"margin: 0in 0in 10pt;\"><span style=\"font-family: Verdana; font-size: 12pt; mso-bidi-font-family: Arial; mso-bidi-font-size: 16.0pt; mso-ansi-language: FR-CA;\" lang=\"FR-CA\"><span style=\"color: #000000;\">Lalit a lui aussi d\u00e9velopp\u00e9 sa \u00ab\u00a0vision\u00a0\u00bb pour Maurice, archipel durable. Et s\u2019il refuse d\u2019entrer dans le mauvais cin\u00e9ma des deux \u00ab\u00a0Alliances\u00a0\u00bb pepsi et coke (la libert\u00e9 de choix, \u00e0 l\u2019am\u00e9ricaine!), il pr\u00f4ne la strat\u00e9gie du vote blanc \u2013 une grande croix sur l\u2019ensemble du bulletin, pour qu\u2019il soit comptabilis\u00e9. Car, dit-il, il faut pr\u00e9voir un Parlement monocolore apr\u00e8s le 5 mai, et donc une opposition qui sera extraparlementaire \u2013 ou ne sera pas.<\/span><\/span><\/p>\n<p class=\"MsoNormal\" style=\"margin: 0in 0in 10pt;\"><span style=\"font-family: Verdana; font-size: 12pt; mso-bidi-font-family: Arial; mso-bidi-font-size: 16.0pt; mso-ansi-language: FR-CA;\" lang=\"FR-CA\"><span style=\"color: #000000;\">Lalit s\u2019est distanci\u00e9 de la PNK sur la question de la d\u00e9clinaison communale parce que, dit-il, celle-ci refuse de contester le Best Loser System lui-m\u00eame. Mais la PNK et les autres organisations citoyennes \u2013 femmes, syndicats, \u00e9tudiants, \u00e9colos, artistes \u2013 peuvent tr\u00e8s bien se rallier \u00e0 la campagne du \u00ab\u00a0vote blanc\u00a0\u00bb afin de miner la l\u00e9gitimit\u00e9 du prochain Parlement et d\u2019amorcer la mobilisation de cette opposition extraparlementaire qui para\u00eet incontournable.<\/span><\/span><strong><span style=\"font-family: Verdana; font-size: 12pt; mso-bidi-font-family: Arial; mso-bidi-font-size: 16.0pt; mso-ansi-language: FR-CA;\" lang=\"FR-CA\"><span style=\"color: #000000;\">\u00a0<\/span><\/span><\/strong><\/p>\n<p class=\"MsoNormal\" style=\"margin: 0in 0in 10pt;\"><strong><span style=\"font-family: Verdana; font-size: 12pt; mso-bidi-font-family: Arial; mso-bidi-font-size: 16.0pt; mso-ansi-language: FR-CA;\" lang=\"FR-CA\"><span style=\"color: #000000;\">Droit de vote banalis\u00e9 <\/span><\/span><\/strong><\/p>\n<p class=\"MsoNormal\" style=\"margin: 0in 0in 10pt;\"><span style=\"font-family: Verdana; font-size: 12pt; mso-bidi-font-family: Arial; mso-bidi-font-size: 16.0pt; mso-ansi-language: FR-CA;\" lang=\"FR-CA\"><span style=\"color: #000000;\">Le droit de vote \u00e0 Maurice est une conqu\u00eate obtenue de haute lutte apr\u00e8s mille sacrifices de nos anc\u00eatres esclaves et coolies. C\u2019est le pouvoir le plus sacr\u00e9 du citoyen et de la citoyenne dans un syst\u00e8me fond\u00e9 sur le principe du <em>vox populi,<\/em> <em>vox dei<\/em> (La voix du peuple, c\u2019est la voix de Dieu). Les carri\u00e9ristes politiques qui s\u2019y r\u00e9f\u00e8rent seulement une fois tous les cinq ans, le temps de marquer trois croix sur un papier, banalisent et insultent ce droit par un rituel destin\u00e9 \u00e0 pr\u00e9server et \u00e0 faire fructifier les int\u00e9r\u00eats des riches et des puissants. Le \u00ab\u00a0vote blanc\u00a0\u00bb, c\u2019est un acte de reconqu\u00eate de ce pouvoir sacr\u00e9.<\/span><\/span><\/p>\n<p class=\"MsoNormal\" style=\"margin: 0in 0in 10pt;\"><span style=\"font-family: Verdana; font-size: 12pt; mso-bidi-font-family: Arial; mso-bidi-font-size: 16.0pt; mso-ansi-language: FR-CA;\" lang=\"FR-CA\"><span style=\"color: #000000;\">La Bolivie a r\u00e9uni cette semaine, \u00e0 Cochabamba, non loin du village de La Higuera o\u00f9 Che Guevara fut ex\u00e9cut\u00e9 en 1967, un sommet mondial sur \u00ab\u00a0Notre m\u00e8re, la Terre\u00a0\u00bb. Le pr\u00e9sident Evo Morales, h\u00f4te du sommet, a d\u00e9clar\u00e9\u00a0: \u00ab\u00a0Nous avons le choix entre le capitalisme et la plan\u00e8te Terre\u00a0\u00bb. Je n\u2019ai rien vu l\u00e0-dessus dans les m\u00e9dias mauriciens en ligne. Et combien de Mauriciens ont vu le reportage de l\u2019excellente \u00e9mission de la t\u00e9l\u00e9 fran\u00e7aise <em>Thalassa<\/em> sur la destruction de Maurice, de ses \u00eeles et de ses lagons par le tourisme et l\u2019h\u00f4tellerie?<\/span><\/span><\/p>\n","protected":false},"excerpt":{"rendered":"<p>Rituel quinquennal et vote blanc\u00a0 &#8212; JOONEED JEEROBURKHAN\u00a0 Les \u00e9lections du 5 mai vont \u00eatre, plus que jamais, une pure formalit\u00e9. L\u2019issue en a \u00e9t\u00e9 scell\u00e9e longtemps \u00e0 l\u2019avance, cinq ann\u00e9es d\u2019opposition fant\u00f4me et trois mois de \u00ab\u00a0koz-koze\u00a0\u00bb st\u00e9rile autour d\u2019une possible alliance ayant mis le MMM sur la touche. Navin Ramgoolam a d\u00e9j\u00e0 gagn\u00e9 [&hellip;]<\/p>\n","protected":false},"author":1,"featured_media":0,"comment_status":"open","ping_status":"open","sticky":false,"template":"","format":"standard","meta":{"jetpack_post_was_ever_published":false,"_jetpack_newsletter_access":"","_jetpack_dont_email_post_to_subs":false,"_jetpack_newsletter_tier_id":0,"_jetpack_memberships_contains_paywalled_content":false,"_jetpack_memberships_contains_paid_content":false,"footnotes":"","jetpack_publicize_message":"","jetpack_publicize_feature_enabled":true,"jetpack_social_post_already_shared":false,"jetpack_social_options":{"image_generator_settings":{"template":"highway","default_image_id":0,"font":"","enabled":false},"version":2}},"categories":[6],"tags":[],"class_list":["post-251","post","type-post","status-publish","format-standard","hentry","category-latest-news"],"jetpack_publicize_connections":[],"jetpack_featured_media_url":"","jetpack_sharing_enabled":true,"jetpack_shortlink":"https:\/\/wp.me\/p8QzSF-43","_links":{"self":[{"href":"https:\/\/www.mauritiustimes.com\/mt\/wp-json\/wp\/v2\/posts\/251","targetHints":{"allow":["GET"]}}],"collection":[{"href":"https:\/\/www.mauritiustimes.com\/mt\/wp-json\/wp\/v2\/posts"}],"about":[{"href":"https:\/\/www.mauritiustimes.com\/mt\/wp-json\/wp\/v2\/types\/post"}],"author":[{"embeddable":true,"href":"https:\/\/www.mauritiustimes.com\/mt\/wp-json\/wp\/v2\/users\/1"}],"replies":[{"embeddable":true,"href":"https:\/\/www.mauritiustimes.com\/mt\/wp-json\/wp\/v2\/comments?post=251"}],"version-history":[{"count":0,"href":"https:\/\/www.mauritiustimes.com\/mt\/wp-json\/wp\/v2\/posts\/251\/revisions"}],"wp:attachment":[{"href":"https:\/\/www.mauritiustimes.com\/mt\/wp-json\/wp\/v2\/media?parent=251"}],"wp:term":[{"taxonomy":"category","embeddable":true,"href":"https:\/\/www.mauritiustimes.com\/mt\/wp-json\/wp\/v2\/categories?post=251"},{"taxonomy":"post_tag","embeddable":true,"href":"https:\/\/www.mauritiustimes.com\/mt\/wp-json\/wp\/v2\/tags?post=251"}],"curies":[{"name":"wp","href":"https:\/\/api.w.org\/{rel}","templated":true}]}}