{"id":25089,"date":"2020-02-13T19:42:47","date_gmt":"2020-02-13T15:42:47","guid":{"rendered":"http:\/\/www.mauritiustimes.com\/mt\/?p=25089"},"modified":"2020-02-13T19:42:47","modified_gmt":"2020-02-13T15:42:47","slug":"le-grand-flou","status":"publish","type":"post","link":"https:\/\/www.mauritiustimes.com\/mt\/le-grand-flou\/","title":{"rendered":"Le Grand Flou"},"content":{"rendered":"<p><span style=\"color: #000080;\"><strong>By Nita Chicooree-Mercier<\/strong><\/span><!--more--><\/p>\n<p><span style=\"color: #000000;\">Op\u00e9ration peu r\u00e9ussie que celle, un peu inattendue, de rendre public la d\u00e9claration des avoirs des repr\u00e9sentants du peuple au Parlement. Une exigence n\u00e9cessaire dans l&#8217;exercice d\u00e9mocratique de la bonne gouvernance. Cette derni\u00e8re promeut la transparence tout en combattant toute tentative de corruption et d&#8217;enrichissement personnel en abusant du pouvoir politique que conf\u00e8re un mandat accord\u00e9 par les \u00e9lecteurs.<\/span><\/p>\n<p><span style=\"color: #000000;\"><img data-recalc-dims=\"1\" loading=\"lazy\" decoding=\"async\" data-attachment-id=\"25090\" data-permalink=\"https:\/\/www.mauritiustimes.com\/mt\/le-grand-flou\/declaration-of-assets-1\/\" data-orig-file=\"https:\/\/i0.wp.com\/www.mauritiustimes.com\/mt\/wp-content\/uploads\/2020\/02\/Declaration-of-assets-1.jpg?fit=1200%2C799&amp;ssl=1\" data-orig-size=\"1200,799\" data-comments-opened=\"1\" data-image-meta=\"{&quot;aperture&quot;:&quot;0&quot;,&quot;credit&quot;:&quot;&quot;,&quot;camera&quot;:&quot;&quot;,&quot;caption&quot;:&quot;&quot;,&quot;created_timestamp&quot;:&quot;0&quot;,&quot;copyright&quot;:&quot;&quot;,&quot;focal_length&quot;:&quot;0&quot;,&quot;iso&quot;:&quot;0&quot;,&quot;shutter_speed&quot;:&quot;0&quot;,&quot;title&quot;:&quot;&quot;,&quot;orientation&quot;:&quot;0&quot;}\" data-image-title=\"Declaration-of-assets-1\" data-image-description=\"\" data-image-caption=\"\" data-large-file=\"https:\/\/i0.wp.com\/www.mauritiustimes.com\/mt\/wp-content\/uploads\/2020\/02\/Declaration-of-assets-1.jpg?fit=640%2C426&amp;ssl=1\" class=\"aligncenter size-full wp-image-25090\" src=\"https:\/\/i0.wp.com\/www.mauritiustimes.com\/mt\/wp-content\/uploads\/2020\/02\/Declaration-of-assets-1.jpg?resize=640%2C426&#038;ssl=1\" alt=\"\" width=\"640\" height=\"426\" srcset=\"https:\/\/i0.wp.com\/www.mauritiustimes.com\/mt\/wp-content\/uploads\/2020\/02\/Declaration-of-assets-1.jpg?w=1200&amp;ssl=1 1200w, https:\/\/i0.wp.com\/www.mauritiustimes.com\/mt\/wp-content\/uploads\/2020\/02\/Declaration-of-assets-1.jpg?resize=300%2C200&amp;ssl=1 300w, https:\/\/i0.wp.com\/www.mauritiustimes.com\/mt\/wp-content\/uploads\/2020\/02\/Declaration-of-assets-1.jpg?resize=768%2C511&amp;ssl=1 768w, https:\/\/i0.wp.com\/www.mauritiustimes.com\/mt\/wp-content\/uploads\/2020\/02\/Declaration-of-assets-1.jpg?resize=1024%2C682&amp;ssl=1 1024w\" sizes=\"auto, (max-width: 640px) 100vw, 640px\" \/><\/span><\/p>\n<p><span style=\"color: #000000;\">Dans les pays d\u00e9velopp\u00e9s, la justice veille \u00e0 ce que les \u00e9lus ne puissent s&#8217;autoriser des d\u00e9rives qui les placent au-dessus des lois, et que les fonds publics soient utilis\u00e9s en toute transparence pour le bien-\u00eatre commun et le progr\u00e8s d&#8217;un pays. La tentation de d\u00e9tournement des fonds ou de commissions fortement monnay\u00e9es existe chez certains mais, une fois pris dans le filet de la justice, ils ont peu de chance de s&#8217;en sortir indemnes.<\/span><\/p>\n<p><span style=\"color: #000000;\">La s\u00e9v\u00e9rit\u00e9 de la loi oblige les uns et les autres \u00e0 exercer leur fonction dans l&#8217;int\u00e9r\u00eat g\u00e9n\u00e9ral. Un principe qui, pendant des d\u00e9cennies, a fait gravement d\u00e9faut dans les pays dits en voie de d\u00e9veloppement et sous-d\u00e9velopp\u00e9s, et qui a priv\u00e9 leur peuple d&#8217;une infrastructure publique moderne, d&#8217;un niveau d&#8217;\u00e9ducation ad\u00e9quat et des conditions de vie d\u00e9centes tout en engraissant une clique proche du pouvoir en toute impunit\u00e9 dans certaines contr\u00e9es.<\/span><\/p>\n<p><span style=\"color: #000000;\">Ici, sous pr\u00e9texte de mater le voyeurisme malsain du public, le discours officiel s&#8217;est autoris\u00e9 une originalit\u00e9 en la mati\u00e8re : celle de d\u00e9voiler les biens et les avoirs selon les termes \u00e9tablis par eux-m\u00eames, et donc, au-dessus des lois&#8230; r\u00e9gissant les avoirs et comptes en banque des membres du public. Toute la difficult\u00e9 de sortir d&#8217;une culture de secret\u00a0!<\/span><\/p>\n<p><span style=\"color: #000000;\">A d\u00e9faut d&#8217;une r\u00e9elle volont\u00e9 d&#8217;informer le public de l&#8217;\u00e9tat de leurs finances et de biens acquis, l&#8217;exercice de &#8216;transparence&#8217; vise \u00e0 apaiser les esprits et la presse, et par cons\u00e9quent, d&#8217;assurer leur propre tranquillit\u00e9 d&#8217;esprit. Un semblant de d\u00e9claration\u00a0?<\/span><\/p>\n<p><span style=\"color: #000000;\">Au final, les politiciens de tous bords s&#8217;accommodent de cette mascarade car il y aurait trop de squelettes dans les placards. Donc, dans une \u00e9ventuelle alliance \u00e0 l&#8217;avenir (o\u00f9 ils sont tous interchangeables), il vaudrait mieux calmer les ardeurs de transparence et se taire.<\/span><\/p>\n<p><span style=\"color: #000000;\">Pour donner suite \u00e0 l&#8217;actualit\u00e9, quelques interviews inutiles qui n&#8217;ont rien apport\u00e9 au public si ce n&#8217;est une vaine tentative pour certains de se tailler une image de Monsieur Propre.<\/span><\/p>\n<p><span style=\"color: #000000;\">Peine perdue si aucune question sur le co\u00fbt et la provenance des fonds pour l&#8217;acquisition des biens ou d&#8217;un appartement \u00e0 l&#8217;\u00e9tranger n\u2019est pas pos\u00e9e.<\/span><\/p>\n<p><span style=\"color: #000000;\">C&#8217;est \u00e0 se demander si dans les coulisses de la presse se trame un r\u00e9seau d&#8217;influence pour polir l&#8217;image aupr\u00e8s du public de quelques politiciens s\u00e9lectionn\u00e9s pour des raisons obscures, ayant pour but de faciliter une promotion au sein de leur parti, et satisfaire leur ambition politique \u00e0 long terme.<\/span><\/p>\n<p><span style=\"color: #000000;\">Tout cela devient croustillant lorsque le bon peuple qui n&#8217;a pas sa langue dans la poche rappelle que jadis certains tra\u00eenaient les pattes en shorts et <em>savat l\u00e9ponz<\/em>, et que gr\u00e2ce \u00e0 &#8216;nos croix&#8217; sur le bulletin \u00e9lectoral, ils roulent maintenant en BMW.<\/span><\/p>\n<p><span style=\"color: #000000;\">Les individus susceptibles d&#8217;utiliser leur influence dans le pays ou lors d&#8217;une mission \u00e0 l&#8217;\u00e9tranger pour promouvoir un autre projet que l&#8217;int\u00e9r\u00eat g\u00e9n\u00e9ral, et dont on aurait tort de sous-estimer la capacit\u00e9 de nuisance sont \u00e0 \u00e9carter comme le coronavirus mortif\u00e8re.<\/span><\/p>\n<p style=\"text-align: center;\"><span style=\"color: #000000;\"><strong>* * *<\/strong><\/span><\/p>\n<p><span style=\"color: #000000;\">Dans la famille des nantis gr\u00e2ce au commerce des stup\u00e9fiants, qui sont les parrains ?<\/span><\/p>\n<p><span style=\"color: #000000;\">L&#8217;opacit\u00e9 inh\u00e9rente \u00e0 la culture du secret est une calamit\u00e9 nationale. Que la police ne jouit pas de toute la libert\u00e9 \u00e0 mener les enqu\u00eates est une id\u00e9e aussi r\u00e9pandue que celle des ripoux dans leur rang et des personnes issues du milieu politique qui seraient mouill\u00e9s dans ce commerce illicite.<\/span><\/p>\n<p><span style=\"color: #000000;\">Hormis les petits poissons qui tombent dans les filets de l&#8217;ADSU et la police des fronti\u00e8res, rideau de fer sur les gros bonnets. Prot\u00e9g\u00e9s par qui ? Secret d&#8217;Etat, secret des lobbies. Jusqu&#8217;\u00e0 quand ?<\/span><\/p>\n<p><span style=\"color: #000000;\">Entretemps, les ravages continuent sur la sant\u00e9 physique et mentale de nombreux jeunes. Aucune nouvelle sur les commanditaires de la drogue import\u00e9e. Aucune transparence, par exemple, sur les activit\u00e9s de ceux accus\u00e9s de fabriquer de la poudre suspecte dans un laboratoire dans un village du nord du pays. La police s&#8217;\u00e9tait r\u00e9tract\u00e9e, parait-il. Qu&#8217;en \u00e9tait-il vraiment ?<\/span><\/p>\n<p><span style=\"color: #000000;\">Tout comme l&#8217;ICAC, les sommes englouties par la commission Lam Shang Leen sont puis\u00e9es des deniers publics. Pour quel r\u00e9sultat ? C&#8217;est \u00e0 croire que certains hauts responsables ont les mains li\u00e9es et portent un bandeau sur les yeux dans ce pays, et que le peuple s&#8217;est habitu\u00e9 \u00e0 d\u00e9tourner le regard.<\/span><\/p>\n<p><span style=\"color: #000000;\">Compte tenu de la dangerosit\u00e9 de ce fl\u00e9au qui gangr\u00e8ne la soci\u00e9t\u00e9, l&#8217;inefficacit\u00e9 de la lutte contre la drogue est quand m\u00eame dramatique, et sape le moral du public.<\/span><\/p>\n<p style=\"text-align: center;\"><span style=\"color: #000000;\"><strong>* * *<\/strong><\/span><\/p>\n<p><span style=\"color: #000000;\">On s&#8217;attendait \u00e0 un volet ouvert sur l&#8217;intention de promouvoir les nouvelles technologies et la science dans le discours pr\u00e9sidentiel. Un oubli ?<\/span><\/p>\n<p><span style=\"color: #000000;\">On reste dans le flou total quant aux opportunit\u00e9s dans ces fili\u00e8res pour les jeunes dipl\u00f4m\u00e9s passionn\u00e9s de technologie innovante. La n\u00e9cessit\u00e9 de reconna\u00eetre leur potentiel, l&#8217;ambition et le d\u00e9sir d&#8217;apporter, par leur savoir-faire, leur contribution au progr\u00e8s technologie de la soci\u00e9t\u00e9. La reconnaissance de leur comp\u00e9tence au sein des entreprises o\u00f9 souvent l&#8217;anciennet\u00e9 a une mauvaise tendance \u00e0 faire fi des solutions apport\u00e9es par les jeunes dipl\u00f4m\u00e9s, o\u00f9 les anciens s&#8217;octroient jalousement, et \u00e0 tort, le privil\u00e8ge du dernier mot.<\/span><\/p>\n<p><span style=\"color: #000000;\">Tout un \u00e9tat d&#8217;esprit \u00e0 changer pour reconna\u00eetre \u00e0 chacun la valeur qu&#8217;il a, et de cesser d&#8217;\u00e9touffer les talents par une attitude paternaliste et condescendante. Comment se fait-il que dans les pays d\u00e9velopp\u00e9s les \u00e9trangers arrivent \u00e0 r\u00e9aliser leur ambition, et leur valeur est reconnue, et finalement, ils y sont beaucoup plus \u00e9panouis sur le plan professionnel?<\/span><\/p>\n<p><span style=\"color: #000000;\">Les contours de ce \u2018Youth Empowerment Programme\u2019 restent \u00e0 d\u00e9finir. Il serait utile que la t\u00e9l\u00e9vision offre l&#8217;espace de son \u00e9cran aux jeunes gens qui ne demandent qu&#8217;\u00e0 prendre la parole sur la technologie innovante et la fili\u00e8re scientifique qui les int\u00e9ressent et qu&#8217;il faudrait promouvoir. Cela afin d&#8217;\u00e9viter des frustrations, de leur permettre de proposer un plan de recherche et de cr\u00e9er les conditions propices pour l&#8217;\u00e9volution de leur carri\u00e8re.<\/span><\/p>\n<hr \/>\n<p><span style=\"color: #008080;\"><em>* Published in print edition on 7 February 2020<\/em><\/span><\/p>\n","protected":false},"excerpt":{"rendered":"<p>By Nita Chicooree-Mercier<\/p>\n","protected":false},"author":23,"featured_media":25090,"comment_status":"open","ping_status":"open","sticky":false,"template":"","format":"standard","meta":{"jetpack_post_was_ever_published":false,"_jetpack_newsletter_access":"","_jetpack_dont_email_post_to_subs":false,"_jetpack_newsletter_tier_id":0,"_jetpack_memberships_contains_paywalled_content":false,"_jetpack_memberships_contains_paid_content":false,"footnotes":"","jetpack_publicize_message":"","jetpack_publicize_feature_enabled":true,"jetpack_social_post_already_shared":true,"jetpack_social_options":{"image_generator_settings":{"template":"highway","default_image_id":0,"font":"","enabled":false},"version":2}},"categories":[27],"tags":[764,21887,2539,21702,21885,1094,21886,21884,21883],"class_list":["post-25089","post","type-post","status-publish","format-standard","has-post-thumbnail","hentry","category-society","tag-adsu","tag-commerce-des-stupefiants","tag-commission-lam-shang-leen","tag-declaration-des-avoirs","tag-discours-presidentiel","tag-icac","tag-lutte-contre-la-drogue","tag-technologie-innovante","tag-youth-empowerment-programme"],"jetpack_publicize_connections":[],"jetpack_featured_media_url":"https:\/\/i0.wp.com\/www.mauritiustimes.com\/mt\/wp-content\/uploads\/2020\/02\/Declaration-of-assets-1.jpg?fit=1200%2C799&ssl=1","jetpack_sharing_enabled":true,"jetpack_shortlink":"https:\/\/wp.me\/p8QzSF-6wF","_links":{"self":[{"href":"https:\/\/www.mauritiustimes.com\/mt\/wp-json\/wp\/v2\/posts\/25089","targetHints":{"allow":["GET"]}}],"collection":[{"href":"https:\/\/www.mauritiustimes.com\/mt\/wp-json\/wp\/v2\/posts"}],"about":[{"href":"https:\/\/www.mauritiustimes.com\/mt\/wp-json\/wp\/v2\/types\/post"}],"author":[{"embeddable":true,"href":"https:\/\/www.mauritiustimes.com\/mt\/wp-json\/wp\/v2\/users\/23"}],"replies":[{"embeddable":true,"href":"https:\/\/www.mauritiustimes.com\/mt\/wp-json\/wp\/v2\/comments?post=25089"}],"version-history":[{"count":0,"href":"https:\/\/www.mauritiustimes.com\/mt\/wp-json\/wp\/v2\/posts\/25089\/revisions"}],"wp:featuredmedia":[{"embeddable":true,"href":"https:\/\/www.mauritiustimes.com\/mt\/wp-json\/wp\/v2\/media\/25090"}],"wp:attachment":[{"href":"https:\/\/www.mauritiustimes.com\/mt\/wp-json\/wp\/v2\/media?parent=25089"}],"wp:term":[{"taxonomy":"category","embeddable":true,"href":"https:\/\/www.mauritiustimes.com\/mt\/wp-json\/wp\/v2\/categories?post=25089"},{"taxonomy":"post_tag","embeddable":true,"href":"https:\/\/www.mauritiustimes.com\/mt\/wp-json\/wp\/v2\/tags?post=25089"}],"curies":[{"name":"wp","href":"https:\/\/api.w.org\/{rel}","templated":true}]}}