{"id":245,"date":"2010-04-30T06:55:35","date_gmt":"2010-04-30T06:55:35","guid":{"rendered":"http:\/\/mauritiustimes.com\/mt\/2010\/04\/30\/interview-dr-navin-ramgoolam\/"},"modified":"2010-04-30T06:55:35","modified_gmt":"2010-04-30T06:55:35","slug":"interview-dr-navin-ramgoolam","status":"publish","type":"post","link":"https:\/\/www.mauritiustimes.com\/mt\/interview-dr-navin-ramgoolam\/","title":{"rendered":"Interview Dr Navin Ramgoolam"},"content":{"rendered":"<p class=\"MsoNormal\" style=\"margin: 0in 0in 0pt;\"><span style=\"font-family: Verdana;\" lang=\"FR\"><span style=\"font-size: small;\"><span style=\"color: #000000;\"><span style=\"text-decoration: underline;\">Interview: Dr Navin Ramgoolam, Leader de l\u2019Alliance de l\u2019Avenir<\/span><\/span><\/span><\/span><strong><span style=\"font-family: Verdana;\" lang=\"FR\"><span style=\"font-size: small;\"><span style=\"color: #000000;\">\u00a0<\/span><\/span><\/span><span style=\"font-family: Verdana;\" lang=\"FR\"><span style=\"font-size: small;\"><span style=\"color: #000000;\"><span style=\"mso-spacerun: yes;\">\u00a0<\/span><\/span><\/span><\/span><\/strong><\/p>\n<p class=\"MsoNormal\" style=\"margin: 0in 0in 0pt;\"><strong><span style=\"font-family: Verdana;\" lang=\"FR\"><span style=\"font-size: small;\"><span style=\"color: #000000;\"><span style=\"mso-spacerun: yes;\">\u00a0<\/span><\/span><\/span><\/span><\/strong><\/p>\n<p class=\"MsoNormal\" style=\"text-align: center; margin: 0in 0in 0pt;\"><strong><span style=\"font-family: Verdana;\" lang=\"FR\"><span style=\"font-size: small;\"><span style=\"color: #000000;\"><span style=\"mso-spacerun: yes;\"><img data-recalc-dims=\"1\" loading=\"lazy\" decoding=\"async\" data-attachment-id=\"244\" data-permalink=\"https:\/\/www.mauritiustimes.com\/mt\/interview-dr-navin-ramgoolam\/attachment-navin-d\/\" data-orig-file=\"https:\/\/i0.wp.com\/www.mauritiustimes.com\/mt\/wp-content\/uploads\/2010\/04\/navin-d.gif?fit=250%2C376&amp;ssl=1\" data-orig-size=\"250,376\" data-comments-opened=\"1\" data-image-meta=\"{&quot;aperture&quot;:&quot;0&quot;,&quot;credit&quot;:&quot;&quot;,&quot;camera&quot;:&quot;&quot;,&quot;caption&quot;:&quot;&quot;,&quot;created_timestamp&quot;:&quot;0&quot;,&quot;copyright&quot;:&quot;&quot;,&quot;focal_length&quot;:&quot;0&quot;,&quot;iso&quot;:&quot;0&quot;,&quot;shutter_speed&quot;:&quot;0&quot;,&quot;title&quot;:&quot;&quot;,&quot;orientation&quot;:&quot;0&quot;}\" data-image-title=\"navin-d\" data-image-description=\"\" data-image-caption=\"\" data-large-file=\"https:\/\/i0.wp.com\/www.mauritiustimes.com\/mt\/wp-content\/uploads\/2010\/04\/navin-d.gif?fit=250%2C376&amp;ssl=1\" class=\" size-full wp-image-244\" src=\"https:\/\/i0.wp.com\/mauritiustimes.com\/wp-content\/uploads\/2010\/04\/navin-d.gif?resize=250%2C376\" border=\"0\" width=\"250\" height=\"376\" \/><\/span><\/span><\/span><\/span><\/strong><\/p>\n<p class=\"MsoNormal\" style=\"margin: 0in 0in 0pt;\"><span style=\"font-family: Verdana;\" lang=\"FR\"><span style=\"font-size: small;\"><span style=\"color: #000000;\"><strong>\u00a0<\/strong><\/span><\/span><\/span><\/p>\n<p class=\"MsoNormal\" style=\"margin: 0in 0in 0pt;\"><strong><span style=\"font-family: Verdana;\" lang=\"FR\"><span style=\"font-size: small;\"><span style=\"color: #000000;\">\u00ab Le MMM est tout pr\u00e8s de subir sa pire d\u00e9faite \u00e9lectorale depuis 1976 \u00bb<\/span><\/span><\/span><span style=\"font-family: Verdana;\" lang=\"FR\"><span style=\"font-size: small;\"><span style=\"color: #000000;\">\u00a0<\/span><\/span><\/span><span style=\"font-family: Verdana;\" lang=\"FR\"><span style=\"font-size: small;\"><span style=\"color: #000000;\"><span style=\"mso-spacerun: yes;\">\u00a0<\/span><\/span><\/span><\/span><\/strong><\/p>\n<p class=\"MsoNormal\" style=\"margin: 0in 0in 0pt;\"><span style=\"font-family: Verdana;\" lang=\"FR\"><span style=\"font-size: small;\"><span style=\"color: #000000;\"><strong>\u00a0<\/strong><\/span><\/span><\/span><\/p>\n<p class=\"MsoNormal\" style=\"margin: 0in 0in 0pt;\"><strong><span style=\"font-family: Verdana;\" lang=\"FR\"><span style=\"font-size: small;\"><span style=\"color: #000000;\">* \u00ab PTr-MMM : Nous aurions remport\u00e9 une victoire haut la main mais nous aurions gouvern\u00e9 dans la douleur\u2026 \u00bb<\/span><\/span><\/span><span style=\"font-family: Verdana;\" lang=\"FR\"><span style=\"font-size: small;\"><span style=\"color: #000000;\"><span style=\"mso-spacerun: yes;\">\u00a0<\/span><\/span><\/span><\/span><\/strong><\/p>\n<p class=\"MsoNormal\" style=\"margin: 0in 0in 0pt;\"><span style=\"font-family: Verdana;\" lang=\"FR\"><span style=\"font-size: small;\"><span style=\"color: #000000;\"><strong>\u00a0<\/strong><\/span><\/span><\/span><\/p>\n<p class=\"MsoNormal\" style=\"margin: 0in 0in 0pt;\"><span style=\"font-family: Verdana;\" lang=\"FR\"><span style=\"font-size: small;\"><span style=\"color: #000000;\"><strong>* \u00ab Notre vision, c\u2019est de construire l\u2019avenir, celle du MMM reste la division \u00bb<\/strong><\/span><\/span><\/span><strong><span style=\"font-family: Verdana;\" lang=\"FR\"><span style=\"font-size: small;\"><span style=\"color: #000000;\">Navin Ramgoolam, Premier ministre et chef de file de l\u2019Alliance de l\u2019Avenir se dit aller tout droit vers la victoire. Il suffit de comparer les discours des deux blocs, de voir le traumatisme pr\u00e9matur\u00e9 des adversaires pour d\u00e9duire que le peuple mauricien a fait son choix. La continuit\u00e9 et la stabilit\u00e9 avec une \u00e9quipe qui a enclench\u00e9 un d\u00e9veloppement moderne et qui pr\u00e9conise une politique de tout pour tous\u2026\u00a0<\/span><\/span><\/span><span style=\"font-family: Verdana;\" lang=\"FR\"><span style=\"font-size: small;\"><span style=\"color: #000000;\">\u00a0<\/span><\/span><\/span><\/strong><span style=\"font-family: Verdana;\" lang=\"FR\">\u00a0<\/span><span style=\"font-family: Verdana;\" lang=\"FR\"><span style=\"font-size: small;\"><span style=\"color: #000000;\"><strong>\u00a0<\/strong><\/span><\/span><\/span><\/p>\n<p>  <!--more-->  <\/p>\n<p class=\"MsoNormal\" style=\"margin: 0in 0in 0pt;\">\u00a0<\/p>\n<p class=\"MsoNormal\" style=\"margin: 0in 0in 0pt;\"><span style=\"font-family: Verdana;\" lang=\"FR\"><span style=\"font-size: small;\"><span style=\"color: #000000;\"><strong>Mauritius Times : Une alliance PTr-MMM avait sans doute de meilleures chances de victoire ais\u00e9e que la nouvelle alliance bleu-blanc-rouge, \u00e9lectoralement parlant. Vous avez pourtant choisi de tourner le dos au MMM. Doit-on comprendre par-l\u00e0 que de, votre point de vue, le MMM aurait constitu\u00e9 un partenaire encombrant au regard de ce que vous souhaiteriez appliquer en termes de programme gouvernemental lors d\u2019un troisi\u00e8me mandat ?<\/strong> <\/span><\/span><\/span><\/p>\n<p class=\"MsoNormal\" style=\"margin: 0in 0in 0pt;\"><span style=\"font-family: Verdana;\" lang=\"FR\"><span style=\"font-size: small;\"><span style=\"color: #000000;\">\u00a0<\/span><\/span><\/span><\/p>\n<p class=\"MsoNormal\" style=\"margin: 0in 0in 0pt;\"><span style=\"font-family: Verdana;\" lang=\"FR\"><span style=\"font-size: small;\"><span style=\"color: #000000;\"><strong>Dr Navin Ramgoolam :<\/strong> J\u2019ai eu l\u2019occasion d\u2019expliquer au cours de la pr\u00e9sente campagne \u00e9lectorale pourquoi j\u2019ai rejet\u00e9 l\u2019option d\u2019une victoire facile en alliance avec le MMM. Pour moi ce n\u2019est pas une victoire ais\u00e9e qui comptait mais les garanties de pouvoir gouverner sereinement et dans la stabilit\u00e9 pour l\u2019int\u00e9r\u00eat de toute la population. A certains proches collaborateurs qui m\u2019ont demand\u00e9 pourquoi je n\u2019ai pas choisi l\u2019option mauve, j\u2019ai d\u00e9clar\u00e9 qu\u2019au moment o\u00f9 le leader du MMM discutait avec moi je voyais d\u00e9filer au fil des rencontres les images de notre exp\u00e9rience au sein du gouvernement rouge-mauve de d\u00e9cembre 1995 \u00e0 juin 1997. Vous savez bien que les m\u00eames causes ont les m\u00eames effets et pour moi le leader du MMM n\u2019a pas \u00e9volu\u00e9 de ce point de vue. Nous aurions encore une fois remport\u00e9 une victoire haut la main mais nous aurions gouvern\u00e9 dans la douleur. Ce qui aurait in\u00e9vitablement d\u00e9bouch\u00e9 sur une cassure, un traumatisme que je voulais \u00e0 tout prix \u00e9viter au pays. Je ne recherche pas la victoire facile pour moi mais une victoire durable pour le peuple qui ne peut qu\u2019\u00eatre assur\u00e9 par la stabilit\u00e9 et une vision commune dans l\u2019int\u00e9r\u00eat de toute la population. Notre vision, c\u2019est de construire l\u2019avenir. Tandis que la seule vision du MMM reste la division. <\/span><\/span><\/span><\/p>\n<p class=\"MsoNormal\" style=\"margin: 0in 0in 0pt;\"><span style=\"font-family: Verdana;\" lang=\"FR\"><span style=\"font-size: small;\"><span style=\"color: #000000;\">\u00a0<\/span><\/span><\/span><\/p>\n<p class=\"MsoNormal\" style=\"margin: 0in 0in 0pt;\"><span style=\"font-family: Verdana;\" lang=\"FR\"><span style=\"font-size: small;\"><span style=\"color: #000000;\"><strong>* Vous avez laiss\u00e9 entendre durant la pr\u00e9sente campagne \u00e9lectorale que votre prochain combat sera livr\u00e9 contre, entre autres, les IPPS. Doit-on donc comprendre que la mise \u00e0 l\u2019\u00e9cart de Rama Sithanen constitue, pour vous, une condition essentielle pour la mise en application d\u2019un programme de r\u00e9forme plus radical en cas de victoire ?<\/strong><\/span><\/span><\/span><\/p>\n<p class=\"MsoNormal\" style=\"margin: 0in 0in 0pt;\"><span style=\"font-family: Verdana;\" lang=\"FR\"><span style=\"font-size: small;\"><span style=\"color: #000000;\">\u00a0<\/span><\/span><\/span><\/p>\n<p class=\"MsoNormal\" style=\"margin: 0in 0in 0pt;\"><span style=\"font-family: Verdana;\" lang=\"FR\"><span style=\"font-size: small;\"><span style=\"color: #000000;\">Vous devez savoir que le rassemblement de toute la population mauricienne et la d\u00e9mocratisation de l\u2019\u00e9conomie constituent la pierre angulaire de mon engagement politique. Je ne suis pas homme \u00e0 transiger sur mes convictions profondes. Souvenez-vous de la bataille ardue dans laquelle je m\u2019\u00e9tais investi pour que les petits planteurs, artisans et laboureurs puissent \u00eatre partie prenante \u00e0 hauteur de 35% dans la nouvelle industrie canni\u00e8re et les 2,000 arpents obtenus apr\u00e8s des n\u00e9gociations ardues. Les IPPs demeurent le \u00ab unfinished business \u00bb que j\u2019avais mentionn\u00e9 dans mon discours au Parlement. Encore une fois j\u2019ai expliqu\u00e9 durant la campagne \u00e9lectorale qu\u2019il est inconcevable que les profits \u00e9normes r\u00e9alis\u00e9s par les IPPS ne soient pas partag\u00e9s avec les consommateurs, ne serait-ce que pour all\u00e9ger leur facture d\u2019\u00e9lectricit\u00e9. Je suis le Premier ministre et en tant que tel je suis souvent appel\u00e9 \u00e0 prendre des d\u00e9cisions et trancher. Comme dit l\u2019Anglais, \u00ab the buck stops here \u00bb c-\u00e0-d au Bureau du Premier ministre. Quand vous \u00eates Premier ministre et que vous devez porter sur vos \u00e9paules le poids de la responsabilit\u00e9 de toute une nation, il vous faut mettre de c\u00f4t\u00e9 les sentiments et l\u2019\u00e9motion. En ma qualit\u00e9 de chef d\u2019\u00e9quipe, il me revient de d\u00e9cider quelle \u00e9quipe aligner et qui laisser sur la touche. <\/span><\/span><\/span><\/p>\n<p class=\"MsoNormal\" style=\"margin: 0in 0in 0pt;\"><span style=\"font-family: Verdana;\" lang=\"FR\"><span style=\"font-size: small;\"><span style=\"color: #000000;\">\u00a0<\/span><\/span><\/span><\/p>\n<p class=\"MsoNormal\" style=\"margin: 0in 0in 0pt;\"><span style=\"font-family: Verdana;\" lang=\"FR\"><span style=\"font-size: small;\"><span style=\"color: #000000;\"><strong>* La mise \u00e0 l\u2019\u00e9cart de Rama Sithanen n\u2019a rien donc \u00e0 voir avec quelque complot ourdi par le MSM, r\u00e9clamant sa t\u00eate, ni un r\u00e8glement de compte personnel ex\u00e9cut\u00e9 par un Premier ministre qui ne peut tol\u00e9rer que quiconque ministre lui marche sur les pieds. C\u2019est \u00e7a ?<\/strong><\/span><\/span><\/span><\/p>\n<p class=\"MsoNormal\" style=\"margin: 0in 0in 0pt;\"><span style=\"font-family: Verdana;\" lang=\"FR\"><span style=\"font-size: small;\"><span style=\"color: #000000;\">\u00a0<\/span><\/span><\/span><\/p>\n<p class=\"MsoNormal\" style=\"margin: 0in 0in 0pt;\"><span style=\"font-family: Verdana;\" lang=\"FR\"><span style=\"font-size: small;\"><span style=\"color: #000000;\">Comme je l\u2019ai dit, Sithanen demeure un ami mais nous sommes en campagne et, autant que je sache, il ne l\u2019est pas. Comme j\u2019ai eu l\u2019occasion de vous expliquer tout \u00e0 l\u2019heure, en ma qualit\u00e9 de chef d\u2019une \u00e9quipe, je d\u00e9cide quand et o\u00f9 aligner un joueur. Savez-vous que Deva Virahsawmy est revenu apr\u00e8s une disette de 10 ans ? Il avait l\u2019humilit\u00e9 d\u2019accepter qu\u2019il ne f\u00fbt pas indispensable. Personne ne l\u2019est, moi inclu. <\/span><\/span><\/span><\/p>\n<p class=\"MsoNormal\" style=\"margin: 0in 0in 0pt;\"><span style=\"font-family: Verdana;\" lang=\"FR\"><span style=\"font-size: small;\"><span style=\"color: #000000;\">\u00a0<\/span><\/span><\/span><\/p>\n<p class=\"MsoNormal\" style=\"margin: 0in 0in 0pt;\"><span style=\"font-family: Verdana;\" lang=\"FR\"><span style=\"font-size: small;\"><span style=\"color: #000000;\"><strong>* On a entendu dans le sillage de la non-conclusion d\u2019une alliance PTr-MMM toute une s\u00e9rie d\u2019all\u00e9gations et de critiques lanc\u00e9es par vos adversaires \u2013 \u00ab alliance de fils \u00e0 papa \u00bb, consolidation du \u00ab Vaish power \u00bb, etc. Certains se posent des questions quant \u00e0 votre \u00ab g\u00e9n\u00e9rosit\u00e9 \u00bb vis-\u00e0-vis du MSM. Vous ne vous attendiez pas \u00e0 cette r\u00e9sistance, n\u2019est-ce pas ?<\/strong> <\/span><\/span><\/span><\/p>\n<p class=\"MsoNormal\" style=\"margin: 0in 0in 0pt;\"><span style=\"font-family: Verdana;\" lang=\"FR\"><span style=\"font-size: small;\"><span style=\"color: #000000;\">\u00a0<\/span><\/span><\/span><\/p>\n<p class=\"MsoNormal\" style=\"margin: 0in 0in 0pt;\"><span style=\"font-family: Verdana;\" lang=\"FR\"><span style=\"font-size: small;\"><span style=\"color: #000000;\">Tout ce que vous entendez maintenant n\u2019aurait pas \u00e9t\u00e9 d\u2019actualit\u00e9 si j\u2019avais conclu l\u2019alliance que Paul B\u00e9renger qu\u00e9mandait, voici six semaines de cela. Quand j\u2019avais conclu une alliance avec le MMM en 1995, j\u2019\u00e9tais le fils de qui ? Ceux qui me suppliaient de contracter une alliance avec le MMM comme \u00ab senior partner \u00bb m\u2019auraient encens\u00e9 aujourd\u2019hui parce que j\u2019aurais fait leur jeu. Je suis un Mauricien \u00e0 part enti\u00e8re et je vous assure que la consolidation d\u2019un quelconque pouvoir cast\u00e9iste n\u2019a jamais effleur\u00e9 mon esprit. Ceux qui me connaissent savent que je ne r\u00e9fl\u00e9chis pas ainsi et savent aussi qui de moi ou Paul B\u00e9renger est l\u2019homme politique le plus obs\u00e9d\u00e9 par les calculs communaux et cast\u00e9istes. Vous savez ce sont les dirigeants du MMM et ses entremetteurs et autres subalternes qui ont \u00e9t\u00e9 les plus d\u00e9contenanc\u00e9s par le fait que j\u2019ai accord\u00e9 18 investitures au MSM. Pourtant, ils avaient conc\u00e9d\u00e9 30 investitures \u00e0 ce m\u00eame parti en 2000 et 2005. Je suis certain qu\u2019apr\u00e8s le 6 mai je dirigerais un gouvernement stable qui oeuvrera en commun pour l\u2019\u00e9galit\u00e9, l\u2019unit\u00e9 et la modernit\u00e9 <\/span><\/span><\/span><\/p>\n<p class=\"MsoNormal\" style=\"margin: 0in 0in 0pt;\"><span style=\"font-family: Verdana;\" lang=\"FR\"><span style=\"font-size: small;\"><span style=\"color: #000000;\">\u00a0<\/span><\/span><\/span><\/p>\n<p class=\"MsoNormal\" style=\"margin: 0in 0in 0pt;\"><span style=\"font-family: Verdana;\" lang=\"FR\"><span style=\"font-size: small;\"><span style=\"color: #000000;\"><strong>* A voir l\u2019ethnicisation du d\u00e9bat politique durant ces deux derni\u00e8res semaines, avez-vous le sentiment que les vieux d\u00e9mons du pass\u00e9, ceux des ann\u00e9es pr\u00e9 ind\u00e9pendance sont revenus nous hanter ?<\/strong> <\/span><\/span><\/span><\/p>\n<p class=\"MsoNormal\" style=\"margin: 0in 0in 0pt;\"><span style=\"font-family: Verdana;\" lang=\"FR\"><span style=\"font-size: small;\"><span style=\"color: #000000;\">\u00a0<\/span><\/span><\/span><\/p>\n<p class=\"MsoNormal\" style=\"margin: 0in 0in 0pt;\"><span style=\"font-family: Verdana;\" lang=\"FR\"><span style=\"font-size: small;\"><span style=\"color: #000000;\">A consulter certains journaux et \u00e0 entendre certains cha\u00eenes de radio, c\u2019est ce qu\u2019ils auraient souhait\u00e9 \u2013 c\u2019est la seule voie pour emp\u00eacher une d\u00e9route du MMM le 6 mai. Il y en a certaines tentatives mais je ne pense pas que ceux qui veulent r\u00e9veiller le d\u00e9mon communal ont plus de chances d\u2019\u00eatre entendus maintenant. Les Mauriciens sont beaucoup plus intelligents que certains ne le croient. Le temps a fait son \u0153uvre, il est plus difficile aujourd\u2019hui de d\u00e9truire le tissu social. A en juger par l\u2019accueil que nous recevons lors de nos r\u00e9unions et nos meetings, je suis convaincu que toutes les composantes de la nation sont d\u00e9j\u00e0 avec l\u2019Alliance de l\u2019Avenir et que cette adh\u00e9sion va s\u2019acc\u00e9l\u00e9rer dans les derniers jours de la campagne. <\/span><\/span><\/span><\/p>\n<p class=\"MsoNormal\" style=\"margin: 0in 0in 0pt;\"><span style=\"font-family: Verdana;\" lang=\"FR\"><span style=\"font-size: small;\"><span style=\"color: #000000;\">\u00a0<\/span><\/span><\/span><\/p>\n<p class=\"MsoNormal\" style=\"margin: 0in 0in 0pt;\"><span style=\"font-family: Verdana;\" lang=\"FR\"><span style=\"font-size: small;\"><span style=\"color: #000000;\"><strong>* Comment r\u00e9agissez-vous aux initiatives et aux d\u00e9clarations de Jocelyn Gr\u00e9goire ? Vous vous posez des questions sur ses motivations ?<\/strong><\/span><\/span><\/span><\/p>\n<p class=\"MsoNormal\" style=\"margin: 0in 0in 0pt;\"><span style=\"font-family: Verdana;\" lang=\"FR\"><span style=\"font-size: small;\"><span style=\"color: #000000;\">\u00a0<\/span><\/span><\/span><\/p>\n<p class=\"MsoNormal\" style=\"margin: 0in 0in 0pt;\"><span style=\"font-family: Verdana;\" lang=\"FR\"><span style=\"font-size: small;\"><span style=\"color: #000000;\">Vous savez que j\u2019accueille toujours avec plaisir tout mouvement, pas seulement celui du P\u00e8re Gr\u00e9goire, qui milite en faveur de l\u2019avancement de la cause cr\u00e9ole \u00e0 Maurice. Dois-je vous rappeler que c\u2019est mon gouvernement qui a permis aux locataires des maisons de la CHA de devenir les propri\u00e9taires et aussi que c\u2019est nous qui avons institu\u00e9 la Commission Justice et V\u00e9rit\u00e9 que mon ami Sylvio Michel n\u2019avait pu obtenir alors qu\u2019il faisait partie d\u2019un gouvernement dirig\u00e9 par Paul B\u00e9renger ? C\u2019est ce qui l\u2019avait d\u2019ailleurs contraint \u00e0 la d\u00e9mission. Lors des diff\u00e9rentes interactions que j\u2019ai eues avec le P\u00e8re Gr\u00e9goire, il m\u2019a toujours assur\u00e9 que la F\u00e9d\u00e9ration des Cr\u00e9oles Mauriciens est un mouvement apolitique. Je n\u2019ai aucune raison, du moins pour le moment, de mettre en doute sa parole. <\/span><\/span><\/span><\/p>\n<p class=\"MsoNormal\" style=\"margin: 0in 0in 0pt;\"><span style=\"font-family: Verdana;\" lang=\"FR\"><span style=\"font-size: small;\"><span style=\"color: #000000;\">\u00a0<\/span><\/span><\/span><\/p>\n<p class=\"MsoNormal\" style=\"margin: 0in 0in 0pt;\"><span style=\"font-family: Verdana;\" lang=\"FR\"><span style=\"font-size: small;\"><span style=\"color: #000000;\"><strong>* Pour vous, Dr Navin Ramgoolam, cette nouvelle alliance bleu-blanc-rouge est faite pour durer \u2013 malgr\u00e9 le fait que S. Soodhun ait d\u00e9j\u00e0 d\u00e9sign\u00e9 un h\u00e9ritier politique pour vous ?<\/strong><\/span><\/span><\/span><\/p>\n<p class=\"MsoNormal\" style=\"margin: 0in 0in 0pt;\"><span style=\"font-family: Verdana;\" lang=\"FR\"><span style=\"font-size: small;\"><span style=\"color: #000000;\">\u00a0<\/span><\/span><\/span><\/p>\n<p class=\"MsoNormal\" style=\"margin: 0in 0in 0pt;\"><span style=\"font-family: Verdana;\" lang=\"FR\"><span style=\"font-size: small;\"><span style=\"color: #000000;\">Je ne crois pas qu\u2019il serait juste d\u2019exag\u00e9rer les propos de M. Soodhun. De toute fa\u00e7on c\u2019est tout \u00e0 fait pr\u00e9matur\u00e9 de d\u00e9signer qui que ce soit comme mon h\u00e9ritier tout simplement parce que la question ne se pose pas. L\u2019Alliance de l\u2019Avenir est une alliance bas\u00e9e sur une confiance et un respect mutuel. C\u2019est la meilleure alliance pour la stabilit\u00e9 et qui oeuvrera pour un avenir meilleur pour tous les Mauriciens. A en juger par l\u2019ambiance qui y r\u00e8gne \u00e0 l\u2019int\u00e9rieur, personnellement je lui pr\u00e9dis un avenir au-del\u00e0 de 2015. <\/span><\/span><\/span><\/p>\n<p class=\"MsoNormal\" style=\"margin: 0in 0in 0pt;\"><span style=\"font-family: Verdana;\" lang=\"FR\"><span style=\"font-size: small;\"><span style=\"color: #000000;\">\u00a0<\/span><\/span><\/span><\/p>\n<p class=\"MsoNormal\" style=\"margin: 0in 0in 0pt;\"><span style=\"font-family: Verdana;\" lang=\"FR\"><span style=\"font-size: small;\"><span style=\"color: #000000;\"><strong>* \u00ab H\u00e9ritier politique \u00bb-in-waiting (selon Soodhun) ou \u00ab otage \u00bb du MSM (selon Boodhoo) ou pas, vous \u00eates vous pas, Dr Navin Ramgoolam, \u00ab in control \u00bb ?<\/strong><\/span><\/span><\/span><\/p>\n<p class=\"MsoNormal\" style=\"margin: 0in 0in 0pt;\"><span style=\"font-family: Verdana;\" lang=\"FR\"><span style=\"font-size: small;\"><span style=\"color: #000000;\">\u00a0<\/span><\/span><\/span><\/p>\n<p class=\"MsoNormal\" style=\"margin: 0in 0in 0pt;\"><span style=\"font-family: Verdana;\" lang=\"FR\"><span style=\"font-size: small;\"><span style=\"color: #000000;\">Quand vous \u00eates engag\u00e9 dans une bataille pour la modernisation de votre pays, il vous reste tr\u00e8s peu de temps pour vous attarder aux balivernes de Harish Boodhoo. Quand vous avez, comme Boodhoo, votre beau-fr\u00e8re candidat dans le camp mauve, vous devez au moins avoir la d\u00e9cence de d\u00e9clarer vos int\u00e9r\u00eats et de ne pas se faire passer pour un observateur ind\u00e9pendant pour lancer un mot d\u2019ordre pour voter le MMM ! De toute fa\u00e7on Vijay Makhan va vers une d\u00e9faite certaine malgr\u00e9 la campagne de Harish Boodhoo en sa faveur. Les Mauriciens savent que j\u2019ai toujours \u00e9t\u00e9 \u2018in control\u2019 en toute situation. Notre fa\u00e7on de g\u00e9rer les soubresauts de la crise internationale le d\u00e9montre. <\/span><\/span><\/span><\/p>\n<p class=\"MsoNormal\" style=\"margin: 0in 0in 0pt;\"><span style=\"font-family: Verdana;\" lang=\"FR\"><span style=\"font-size: small;\"><span style=\"color: #000000;\">\u00a0<\/span><\/span><\/span><\/p>\n<p class=\"MsoNormal\" style=\"margin: 0in 0in 0pt;\"><span style=\"font-family: Verdana;\" lang=\"FR\"><span style=\"font-size: small;\"><span style=\"color: #000000;\"><strong>* Et il vous faut cette \u00ab majorit\u00e9 absolue \u00bb pour pouvoir \u00ab remain in control \u00bb, n\u2019est-ce pas ?<\/strong><\/span><\/span><\/span><\/p>\n<p class=\"MsoNormal\" style=\"margin: 0in 0in 0pt;\"><span style=\"font-family: Verdana;\" lang=\"FR\"><span style=\"font-size: small;\"><span style=\"color: #000000;\">\u00a0<\/span><\/span><\/span><\/p>\n<p class=\"MsoNormal\" style=\"margin: 0in 0in 0pt;\"><span style=\"font-family: Verdana;\" lang=\"FR\"><span style=\"font-size: small;\"><span style=\"color: #000000;\">Les deux vont de pair. Il est \u00e9vident que pour r\u00e9aliser certains projets qui me tiennent \u00e0 c\u0153ur comme l\u2019instauration d\u2019une deuxi\u00e8me R\u00e9publique avec une nouvelle Constitution, il me faut une majorit\u00e9 absolue. <\/span><\/span><\/span><\/p>\n<p class=\"MsoNormal\" style=\"margin: 0in 0in 0pt;\"><span style=\"font-family: Verdana;\" lang=\"FR\"><span style=\"font-size: small;\"><span style=\"color: #000000;\">\u00a0<\/span><\/span><\/span><\/p>\n<p class=\"MsoNormal\" style=\"margin: 0in 0in 0pt;\"><span style=\"font-family: Verdana;\" lang=\"FR\"><span style=\"font-size: small;\"><span style=\"color: #000000;\"><strong>* Pensez-vous sinc\u00e8rement pouvoir sur la base de votre bilan convaincre l\u2019\u00e9lectorat de vous accorder un troisi\u00e8me mandat ? Je vous renvoie ici aux 10 promesses faites \u00e0 l\u2019\u00e9lectorat en 2005\u2026<\/strong><\/span><\/span><\/span><\/p>\n<p class=\"MsoNormal\" style=\"margin: 0in 0in 0pt;\"><span style=\"font-family: Verdana;\" lang=\"FR\"><span style=\"font-size: small;\"><span style=\"color: #000000;\">\u00a0<\/span><\/span><\/span><\/p>\n<p class=\"MsoNormal\" style=\"margin: 0in 0in 0pt;\"><span style=\"font-family: Verdana;\" lang=\"FR\"><span style=\"font-size: small;\"><span style=\"color: #000000;\">L\u2019\u00e9lectorat sait que je suis quelqu\u2019un qui tient toujours ses promesses. Savez-vous que pour le transport gratuit les estimations \u00e9taient de Rs 300m et qu\u2019en fin de compte il nous co\u00fbte Rs 900m ? C\u2019\u00e9tait un fardeau \u00e9norme compte tenu de l\u2019h\u00e9ritage \u00e9conomique qui nous avait \u00e9t\u00e9 l\u00e9gu\u00e9 par le pr\u00e9c\u00e9dent gouvernement. Mais j\u2019ai tenu parole. Personnellement, je suis confiant de pouvoir convaincre l\u2019\u00e9lectorat de soutenir mon \u00e9quipe et notre projet de soci\u00e9t\u00e9. Je suis un homme de conviction \u2013 convaincu d\u2019une Ile Maurice pour tous et d\u2019un avenir ensemble. Au moment o\u00f9 je vous parle, une majorit\u00e9 s\u2019est d\u00e9j\u00e0 ralli\u00e9e derri\u00e8re l\u2019Alliance de l\u2019Avenir et chaque jour qui passe, nous ne faisons qu\u2019accentuer notre avance sur nos adversaires. <\/span><\/span><\/span><\/p>\n<p class=\"MsoNormal\" style=\"margin: 0in 0in 0pt;\"><span style=\"font-family: Verdana;\" lang=\"FR\"><span style=\"font-size: small;\"><span style=\"color: #000000;\">\u00a0<\/span><\/span><\/span><\/p>\n<p class=\"MsoNormal\" style=\"margin: 0in 0in 0pt;\"><span style=\"font-family: Verdana;\" lang=\"FR\"><span style=\"font-size: small;\"><span style=\"color: #000000;\"><strong>* Avez-vous le sentiment, Dr Navin Ramgoolam que nous sommes aujourd\u2019hui en pr\u00e9sence d\u2019un \u00e9lectorat diff\u00e9rent, avec des aspirations et des attentes nouvelles, et qui souhaiterait voir \u00e9merger un nouveau type de leadership \u00e0 Maurice ?<\/strong> <\/span><\/span><\/span><\/p>\n<p class=\"MsoNormal\" style=\"margin: 0in 0in 0pt;\"><span style=\"font-family: Verdana;\" lang=\"FR\"><span style=\"font-size: small;\"><span style=\"color: #000000;\">\u00a0<\/span><\/span><\/span><\/p>\n<p class=\"MsoNormal\" style=\"margin: 0in 0in 0pt;\"><span style=\"font-family: Verdana;\" lang=\"FR\"><span style=\"font-size: small;\"><span style=\"color: #000000;\">Oui \u2013 l\u2019Alliance de l\u2019Avenir est r\u00e9solument tourn\u00e9e vers l\u2019avenir. <\/span><\/span><\/span><\/p>\n<p class=\"MsoNormal\" style=\"margin: 0in 0in 0pt;\"><span style=\"font-family: Verdana;\" lang=\"FR\"><span style=\"font-size: small;\"><span style=\"color: #000000;\">\u00a0<\/span><\/span><\/span><\/p>\n<p class=\"MsoNormal\" style=\"margin: 0in 0in 0pt;\"><span style=\"font-family: Verdana;\" lang=\"FR\"><span style=\"font-size: small;\"><span style=\"color: #000000;\">La r\u00e9cente crise mondiale nous d\u00e9montre que nous vivons dans un village global. Notre \u00e9conomie est ouverte sur le monde. Notre devise au sein de l\u2019Alliance de l\u2019Avenir est Unit\u00e9, \u00e9galit\u00e9, modernit\u00e9. Nous allons beaucoup investir dans la jeunesse. Nous voulons que nos jeunes soient partie prenante de la transformation tant \u00e9conomique que sociale que nous projetons d\u2019op\u00e9rer dans le pays. C\u2019est pour cela que nous allons remettre un laptop aux \u00e9tudiants de Lower VI et faciliter l\u2019acc\u00e8s \u00e0 l\u2019internet et ce \u00e0 haut d\u00e9bit. <\/span><\/span><\/span><\/p>\n<p class=\"MsoNormal\" style=\"margin: 0in 0in 0pt;\"><span style=\"font-family: Verdana;\" lang=\"FR\"><span style=\"font-size: small;\"><span style=\"color: #000000;\">\u00a0<\/span><\/span><\/span><\/p>\n<p class=\"MsoNormal\" style=\"margin: 0in 0in 0pt;\"><span style=\"font-family: Verdana;\" lang=\"FR\"><span style=\"font-size: small;\"><span style=\"color: #000000;\"><strong>* Etes-vous pr\u00eat \u00e0 assumer ce nouveau type de leadership ?<\/strong><\/span><\/span><\/span><\/p>\n<p class=\"MsoNormal\" style=\"margin: 0in 0in 0pt;\"><span style=\"font-family: Verdana;\" lang=\"FR\"><span style=\"font-size: small;\"><span style=\"color: #000000;\">\u00a0<\/span><\/span><\/span><\/p>\n<p class=\"MsoNormal\" style=\"margin: 0in 0in 0pt;\"><span style=\"font-family: Verdana;\" lang=\"FR\"><span style=\"font-size: small;\"><span style=\"color: #000000;\">Mais je l\u2019assume d\u00e9j\u00e0. Je m\u2019efforce de rassembler toutes les composantes de la nation mauricienne alors qu\u2019\u00e0 l\u2019oppos\u00e9 B\u00e9renger met tout en \u0153uvre pour semer la division entre les communaut\u00e9s. Je pr\u00f4ne la d\u00e9mocratisation quand d\u2019autres la bafouent. Je m\u2019en r\u00e9jouis que maintenant le MMM a adopt\u00e9 la d\u00e9mocratisation comme th\u00e8me dans son manifeste \u00e9lectoral. <\/span><\/span><\/span><\/p>\n<p class=\"MsoNormal\" style=\"margin: 0in 0in 0pt;\"><span style=\"font-family: Verdana;\" lang=\"FR\"><span style=\"font-size: small;\"><span style=\"color: #000000;\">\u00a0<\/span><\/span><\/span><\/p>\n<p class=\"MsoNormal\" style=\"margin: 0in 0in 0pt;\"><span style=\"font-family: Verdana;\" lang=\"FR\"><span style=\"font-size: small;\"><span style=\"color: #000000;\"><strong>* Les chefs de tribus n\u2019auront plus leurs places dans la nouvelle soci\u00e9t\u00e9, le pensez-vous ?<\/strong><\/span><\/span><\/span><\/p>\n<p class=\"MsoNormal\" style=\"margin: 0in 0in 0pt;\"><span style=\"font-family: Verdana;\" lang=\"FR\"><span style=\"font-size: small;\"><span style=\"color: #000000;\">\u00a0<\/span><\/span><\/span><\/p>\n<p class=\"MsoNormal\" style=\"margin: 0in 0in 0pt;\"><span style=\"font-family: Verdana;\" lang=\"FR\"><span style=\"font-size: small;\"><span style=\"color: #000000;\">Ils ne l\u2019ont pas de toute fa\u00e7on. En tout cas pas avec moi. Nous vivons dans une soci\u00e9t\u00e9 pluriethnique et j\u2019ai toujours pr\u00f4n\u00e9 le rassemblement des diff\u00e9rentes composantes de notre soci\u00e9t\u00e9. C\u2019\u00e9tait de toute fa\u00e7on ma \u00ab mission statement \u00bb quand je me suis jet\u00e9 dans l\u2019ar\u00e8ne politique. <\/span><\/span><\/span><\/p>\n<p class=\"MsoNormal\" style=\"margin: 0in 0in 0pt;\"><span style=\"font-family: Verdana;\" lang=\"FR\"><span style=\"font-size: small;\"><span style=\"color: #000000;\">\u00a0<\/span><\/span><\/span><\/p>\n<p class=\"MsoNormal\" style=\"margin: 0in 0in 0pt;\"><span style=\"font-family: Verdana;\" lang=\"FR\"><span style=\"font-size: small;\"><span style=\"color: #000000;\"><strong>* Lorsqu\u2019on parle de nouvelle soci\u00e9t\u00e9, ou d\u2019un \u00e9lectorat diff\u00e9rent, cela requiert \u00e9galement une r\u00e9forme en profondeur des partis politiques. R\u00e9forme allant aussi dans le sens d\u2019une d\u00e9mocratisation des partis politiques. Votre parti peut-il compter sur votre leadership pour envisager une telle r\u00e9forme ?<\/strong><\/span><\/span><\/span><\/p>\n<p class=\"MsoNormal\" style=\"margin: 0in 0in 0pt;\"><span style=\"font-family: Verdana;\" lang=\"FR\"><span style=\"font-size: small;\"><span style=\"color: #000000;\">\u00a0<\/span><\/span><\/span><\/p>\n<p class=\"MsoNormal\" style=\"margin: 0in 0in 0pt;\"><span style=\"font-family: Verdana;\" lang=\"FR\"><span style=\"font-size: small;\"><span style=\"color: #000000;\">Le Parti travailliste fonctionne dans un cadre d\u00e9mocratique. J\u2019ai veill\u00e9 \u00e0 ce que les repr\u00e9sentants au comit\u00e9 ex\u00e9cutif soient \u00e9lus par une instance r\u00e9gionale dans chaque circonscription. Il y a longtemps que nous avons abandonn\u00e9 le syst\u00e8me de liste bloqu\u00e9e. Dois-je vous rappeler aussi que j\u2019ai fait amender la constitution du Parti afin qu\u2019au moins 20 si\u00e8ges au sein de l\u2019ex\u00e9cutif du PTr soient r\u00e9serv\u00e9s aux femmes ? Qui plus est, nous avons install\u00e9 lors du dernier congr\u00e8s une femme \u00e0 la pr\u00e9sidence du PTr. Je vais poursuivre la r\u00e9forme amorc\u00e9e dans toutes les sph\u00e8res de la soci\u00e9t\u00e9 mauricienne. <\/span><\/span><\/span><\/p>\n<p class=\"MsoNormal\" style=\"margin: 0in 0in 0pt;\"><span style=\"font-family: Verdana;\" lang=\"FR\"><span style=\"font-size: small;\"><span style=\"color: #000000;\">\u00a0<\/span><\/span><\/span><\/p>\n<p class=\"MsoNormal\" style=\"margin: 0in 0in 0pt;\"><span style=\"font-family: Verdana;\" lang=\"FR\"><span style=\"font-size: small;\"><span style=\"color: #000000;\"><strong>* La pr\u00e9sente campagne \u00e9lectorale prend d\u00e9j\u00e0 la forme d\u2019un match pr\u00e9sidentiel : Ramgoolam v\/s B\u00e9renger. Au-del\u00e0 d\u2019une r\u00e9forme \u00e9lectorale, autant donc se diriger vers un syst\u00e8me pr\u00e9sidentiel \u00e0 Maurice. Qu\u2019en pensez-vous ?<\/strong><\/span><\/span><\/span><\/p>\n<p class=\"MsoNormal\" style=\"margin: 0in 0in 0pt;\"><span style=\"font-family: Verdana;\" lang=\"FR\"><span style=\"font-size: small;\"><span style=\"color: #000000;\">\u00a0<\/span><\/span><\/span><\/p>\n<p class=\"MsoNormal\" style=\"margin: 0in 0in 0pt;\"><span style=\"font-family: Verdana;\" lang=\"FR\"><span style=\"font-size: small;\"><span style=\"color: #000000;\">La politique \u00e0 Maurice s\u2019est bipolaris\u00e9e depuis la joute triangulaire de 1976. Il en sera ainsi pendant encore quelque temps. Vous aurez toujours en face de vous un Premier ministre sortant et un challenger en face de lui. Les Mauriciens devront choisir le bateau et le capitaine qui les m\u00e8neront \u00e0 bon port. Les capitaines qui sont propos\u00e9s par les deux blocs sont moi-m\u00eame et Paul B\u00e9renger. D\u2019un c\u00f4t\u00e9, vous avez un bilan, la stabilit\u00e9 et une \u00e9quipe tourn\u00e9e vers l\u2019avenir et qui pr\u00f4ne l\u2019unit\u00e9. De l\u2019autre c\u00f4t\u00e9, c\u2019est la division, la d\u00e9fense des int\u00e9r\u00eats particuliers et des injures quotidiennement contre moi et d\u2019autres dirigeants de notre alliance. C\u2019est pourquoi je dis que le choix n\u2019avait jamais \u00e9t\u00e9 aussi clair et facile. <\/span><\/span><\/span><\/p>\n<p class=\"MsoNormal\" style=\"margin: 0in 0in 0pt;\"><span style=\"font-family: Verdana;\" lang=\"FR\"><span style=\"font-size: small;\"><span style=\"color: #000000;\">\u00a0<\/span><\/span><\/span><\/p>\n<p class=\"MsoNormal\" style=\"margin: 0in 0in 0pt;\"><span style=\"font-family: Verdana;\" lang=\"FR\"><span style=\"font-size: small;\"><span style=\"color: #000000;\"><strong>* Vous disiez r\u00e9cemment qu\u2019il suffit, selon sir Ga\u00ebtan Duval, d\u2019avoir l\u2019express et Week-end contre soi pour s\u2019assurer de la victoire lors des l\u00e9gislatives. \u00c7a tient toujours la route, selon vous ?<\/strong><\/span><\/span><\/span><\/p>\n<p class=\"MsoNormal\" style=\"margin: 0in 0in 0pt;\"><span style=\"font-family: Verdana;\" lang=\"FR\"><span style=\"font-size: small;\"><span style=\"color: #000000;\">\u00a0<\/span><\/span><\/span><\/p>\n<p class=\"MsoNormal\" style=\"margin: 0in 0in 0pt;\"><span style=\"font-family: Verdana;\" lang=\"FR\"><span style=\"font-size: small;\"><span style=\"color: #000000;\">Voyez un peu les r\u00e9sultats des \u00e9lections de 1983 et de 1987 et la collection de ces deux journaux pendant la p\u00e9riode correspondante pour s\u2019y convaincre. Plus pr\u00e8s de nous, je vous invite d\u2019aller consulter ces journaux en 2005 \u2013 ils voulaient convaincre la population que la victoire \u00e9tait acquise pour ceux avec qui ils partagent des int\u00e9r\u00eats communs. Ils font une campagne similaire cette fois-ci. Ils manipulent les images, les chiffres et pondent n\u2019importe quoi. L\u2019Express a m\u00eame eu la bassesse d\u2019\u00e9crire que les bookmakers avaient affich\u00e9 la cote de l\u2019Alliance de l\u2019Avenir le 30 mars. Or, tous les Mauriciens savent que l\u2019alliance n\u2019avait \u00e9t\u00e9 annonc\u00e9e que dans la soir\u00e9e du 31 mars. Heureusement que la population n\u2019est pas tomb\u00e9e dans le pi\u00e8ge. Pour la premi\u00e8re fois la MBC accorde autant de couverture aux r\u00e9unions des deux partis en assurant une couverture \u00e9quitable. C\u2019est bien pour la d\u00e9mocratie. <\/span><\/span><\/span><\/p>\n<p class=\"MsoNormal\" style=\"margin: 0in 0in 0pt;\"><span style=\"font-family: Verdana;\" lang=\"FR\"><span style=\"font-size: small;\"><span style=\"color: #000000;\">\u00a0<\/span><\/span><\/span><\/p>\n<p class=\"MsoNormal\" style=\"margin: 0in 0in 0pt;\"><span style=\"font-family: Verdana;\" lang=\"FR\"><span style=\"font-size: small;\"><span style=\"color: #000000;\"><strong>* Mais il semblerait que la propagande de l\u2019opposition \u2013 toute l\u2019opposition confondue &#8212; contre le bleu-blanc-rouge parvient \u00e0 fragiliser votre \u00e9lectorat parce qu\u2019on vous voit monter en premi\u00e8re ligne pour d\u00e9fendre vos candidats. Votre r\u00e9action ? <\/strong><\/span><\/span><\/span><\/p>\n<p class=\"MsoNormal\" style=\"margin: 0in 0in 0pt;\"><span style=\"font-family: Verdana;\" lang=\"FR\"><span style=\"font-size: small;\"><span style=\"color: #000000;\">\u00a0<\/span><\/span><\/span><\/p>\n<p class=\"MsoNormal\" style=\"margin: 0in 0in 0pt;\"><span style=\"font-family: Verdana;\" lang=\"FR\"><span style=\"font-size: small;\"><span style=\"color: #000000;\">Le d\u00e9nigrement syst\u00e9matique et la \u2018character assassination\u2019 sont les faits marquants de l\u2019histoire du MMM. Qui sont ceux qui avaient invent\u00e9 les mots comme Pac-Pac, Rasoir et l\u2019affaire Sheikh Hossen ? En somme le drame aujourd\u2019hui avec le MMM, c\u2019est qu\u2019il croit en sa propre propagande. Il est desservi en cela par l\u2019express. \u2018Mark my words\u2019 le r\u00e9veil sera tr\u00e8s brutal pour certains dirigeants du MMM, le 6 mai prochain. Les autres le savent d\u00e9j\u00e0, ils ont d\u00e9j\u00e0 int\u00e9rioris\u00e9 la d\u00e9faite, rien qu\u2019\u00e0 tenir compte de leur langage vulgaire. Comme un chef, je dois faire bloc autour de mes candidats. Ils sont apr\u00e8s tout mes choix et j\u2019ai le devoir de les d\u00e9fendre. <\/span><\/span><\/span><\/p>\n<p class=\"MsoNormal\" style=\"margin: 0in 0in 0pt;\"><span style=\"font-family: Verdana;\" lang=\"FR\"><span style=\"font-size: small;\"><span style=\"color: #000000;\">\u00a0<\/span><\/span><\/span><\/p>\n<p class=\"MsoNormal\" style=\"margin: 0in 0in 0pt;\"><span style=\"font-family: Verdana;\" lang=\"FR\"><span style=\"font-size: small;\"><span style=\"color: #000000;\"><strong>* Vous \u00eates donc confiant de remporter une \u00ab tr\u00e8s, tr\u00e8s grande victoire \u00bb ? Un pronostic ?<\/strong><\/span><\/span><\/span><\/p>\n<p class=\"MsoNormal\" style=\"margin: 0in 0in 0pt;\"><span style=\"font-family: Verdana;\" lang=\"FR\"><span style=\"font-size: small;\"><span style=\"color: #000000;\">Sans l\u2019ombre d\u2019un doute, nous nous acheminons vers une tr\u00e8s large victoire. Nous devons maintenir la discipline jusqu\u2019au dernier jour et voter en cons\u00e9quence. Il n\u2019y a pire aveugle que celui qui ne veuille pas voir. Mon pronostic ? Le MMM est tout pr\u00e8s de subir sa pire d\u00e9faite \u00e9lectorale depuis 1976.<\/span><\/span><\/span><\/p>\n","protected":false},"excerpt":{"rendered":"<p>Interview: Dr Navin Ramgoolam, Leader de l\u2019Alliance de l\u2019Avenir\u00a0\u00a0 \u00a0 \u00a0 \u00ab Le MMM est tout pr\u00e8s de subir sa pire d\u00e9faite \u00e9lectorale depuis 1976 \u00bb\u00a0\u00a0 \u00a0 * \u00ab PTr-MMM : Nous aurions remport\u00e9 une victoire haut la main mais nous aurions gouvern\u00e9 dans la douleur\u2026 \u00bb\u00a0 \u00a0 * \u00ab Notre vision, c\u2019est de construire [&hellip;]<\/p>\n","protected":false},"author":1,"featured_media":244,"comment_status":"open","ping_status":"open","sticky":false,"template":"","format":"standard","meta":{"jetpack_post_was_ever_published":false,"_jetpack_newsletter_access":"","_jetpack_dont_email_post_to_subs":false,"_jetpack_newsletter_tier_id":0,"_jetpack_memberships_contains_paywalled_content":false,"_jetpack_memberships_contains_paid_content":false,"footnotes":"","jetpack_publicize_message":"","jetpack_publicize_feature_enabled":true,"jetpack_social_post_already_shared":false,"jetpack_social_options":{"image_generator_settings":{"template":"highway","default_image_id":0,"font":"","enabled":false},"version":2}},"categories":[6],"tags":[],"class_list":["post-245","post","type-post","status-publish","format-standard","has-post-thumbnail","hentry","category-latest-news"],"jetpack_publicize_connections":[],"jetpack_featured_media_url":"https:\/\/i0.wp.com\/www.mauritiustimes.com\/mt\/wp-content\/uploads\/2010\/04\/navin-d.gif?fit=250%2C376&ssl=1","jetpack_sharing_enabled":true,"jetpack_shortlink":"https:\/\/wp.me\/p8QzSF-3X","_links":{"self":[{"href":"https:\/\/www.mauritiustimes.com\/mt\/wp-json\/wp\/v2\/posts\/245","targetHints":{"allow":["GET"]}}],"collection":[{"href":"https:\/\/www.mauritiustimes.com\/mt\/wp-json\/wp\/v2\/posts"}],"about":[{"href":"https:\/\/www.mauritiustimes.com\/mt\/wp-json\/wp\/v2\/types\/post"}],"author":[{"embeddable":true,"href":"https:\/\/www.mauritiustimes.com\/mt\/wp-json\/wp\/v2\/users\/1"}],"replies":[{"embeddable":true,"href":"https:\/\/www.mauritiustimes.com\/mt\/wp-json\/wp\/v2\/comments?post=245"}],"version-history":[{"count":0,"href":"https:\/\/www.mauritiustimes.com\/mt\/wp-json\/wp\/v2\/posts\/245\/revisions"}],"wp:featuredmedia":[{"embeddable":true,"href":"https:\/\/www.mauritiustimes.com\/mt\/wp-json\/wp\/v2\/media\/244"}],"wp:attachment":[{"href":"https:\/\/www.mauritiustimes.com\/mt\/wp-json\/wp\/v2\/media?parent=245"}],"wp:term":[{"taxonomy":"category","embeddable":true,"href":"https:\/\/www.mauritiustimes.com\/mt\/wp-json\/wp\/v2\/categories?post=245"},{"taxonomy":"post_tag","embeddable":true,"href":"https:\/\/www.mauritiustimes.com\/mt\/wp-json\/wp\/v2\/tags?post=245"}],"curies":[{"name":"wp","href":"https:\/\/api.w.org\/{rel}","templated":true}]}}