{"id":236,"date":"2010-04-23T06:54:50","date_gmt":"2010-04-23T06:54:50","guid":{"rendered":"http:\/\/mauritiustimes.com\/mt\/2010\/04\/23\/dev-3\/"},"modified":"2010-04-23T06:54:50","modified_gmt":"2010-04-23T06:54:50","slug":"dev-3","status":"publish","type":"post","link":"https:\/\/www.mauritiustimes.com\/mt\/dev-3\/","title":{"rendered":"D.E.V"},"content":{"rendered":"<h1 style=\"text-align: left; margin: 0in 0in 10pt;\"><span style=\"font-family: Verdana; font-size: 12pt; mso-bidi-font-family: Arial; mso-bidi-font-size: 11.0pt;\" lang=\"FR\"><span style=\"text-decoration: underline;\"><span style=\"color: #000000;\">Le myst\u00e9rieux d\u00e9lire\u00a0<\/span><\/span><\/span><span style=\"font-family: Verdana; font-size: 12pt; mso-bidi-font-size: 11.0pt;\" lang=\"FR\"><span style=\"color: #000000;\">\u00a0<\/span><\/span><\/h1>\n<p class=\"MsoNormal\" style=\"margin: 0in 0in 10pt;\"><strong><span style=\"font-family: Verdana; font-size: 12pt; mso-bidi-font-family: Arial; mso-bidi-font-size: 11.0pt;\" lang=\"FR\"><span style=\"color: #000000;\">&#8212; D.E.V.<\/span><\/span><\/strong><strong><span style=\"font-family: Verdana; font-size: 12pt; mso-bidi-font-family: Arial; mso-bidi-font-size: 11.0pt;\" lang=\"FR\"><span style=\"color: #000000;\"><span style=\"mso-spacerun: yes;\">\u00a0\u00a0 <\/span><\/span><\/span><\/strong><\/p>\n<p class=\"MsoBodyText\" style=\"text-align: justify; margin: 0in 0in 10pt;\"><strong><span style=\"font-family: Verdana; font-size: 12pt; mso-bidi-font-size: 11.0pt;\" lang=\"FR\"><span style=\"color: #000000;\">Les divagations de ces derniers jours sur les \u00ab\u00a0myst\u00e8res\u00a0\u00bb sont tellement \u00e9normes qu\u2019elles commencent \u00e0 nous agacer s\u00e9rieusement. Voyons ces \u00ab\u00a0analyses\u00a0\u00bb, qu\u2019il n\u2019est pas exag\u00e9r\u00e9 de qualifier d\u2019odieusement subjectives, cens\u00e9es expliquer les derniers \u00e9v\u00e9nements.  <!--more-->  <\/span><\/span><\/strong><span style=\"color: #000000;\"><strong><span style=\"font-family: Verdana; font-size: 12pt; mso-bidi-font-family: Arial; mso-bidi-font-size: 11.0pt;\" lang=\"FR\">Pourquoi Navin Ramgoolam a conclu une alliance avec le MSM plut\u00f4t qu\u2019avec le MMM\u00a0?<\/span><\/strong><span style=\"font-family: Verdana; font-size: 12pt; mso-bidi-font-family: Arial; mso-bidi-font-size: 11.0pt;\" lang=\"FR\"> R\u00e9ponse du perplexe patron de <em>l\u2019express<\/em>\u00a0: Paul B\u00e9renger, je cite, <em>\u00ab\u00a0aurait \u00e9t\u00e9 un sacr\u00e9 g\u00eaneur pour le Ramgoolam tyrannique\u00a0\u00bb<\/em> qui <em>\u00ab\u00a0entend s\u2019entourer de faibles<\/em>\u00a0\u00bb (<em>l\u2019express <\/em>du 4 avril). Je vous fais gr\u00e2ce de ces tonnes de louanges qu\u2019il d\u00e9versait sur le m\u00eame Ramgoolam avant la concr\u00e9tisation de l\u2019alliance AS-MSM qui semble tellement d\u00e9ranger qu\u2019on est en droit de se demander si c\u2019est bien innocent tout \u00e7a. <\/span><\/span><\/p>\n<p class=\"MsoNormal\" style=\"text-align: justify; margin: 0in 0in 10pt;\"><span style=\"font-family: Verdana; font-size: 12pt; mso-bidi-font-family: Arial; mso-bidi-font-size: 11.0pt;\" lang=\"FR\"><span style=\"color: #000000;\">Le m\u00eame <em>Express <\/em>le dimanche suivant donne une autre explication <em>(which is which\u00a0?<\/em>), de l\u2019Alliance AS-MSM. Et l\u00e0, accrochez-vous, je cite<em>, \u00ab\u00a0L\u2019Inde, dans l\u2019ombre, a tir\u00e9 les ficelles de cette alliance\u00a0\u00bb<\/em>, <em>\u00ab\u00a0la diplomatie indienne a v\u00e9cu le projet Jin-Fei comme un affront\u00a0\u00bb<\/em> etc., etc. O\u00f9 est-ce qu\u2019ils vont chercher tout \u00e7a\u00a0? Ces insinuations odieuses sont inacceptables et dangereuses. <\/span><\/span><\/p>\n<p class=\"MsoNormal\" style=\"text-align: justify; margin: 0in 0in 10pt;\"><span style=\"font-family: Verdana; font-size: 12pt; mso-bidi-font-family: Arial; mso-bidi-font-size: 11.0pt;\" lang=\"FR\"><span style=\"color: #000000;\">Et pourtant, nous l\u2019avions d\u00e9j\u00e0 expliqu\u00e9 de long en large\u00a0; toute cette histoire rel\u00e8ve d\u2019une simplicit\u00e9 absolue. Il s\u2019agit au fond de la part du premier int\u00e9ress\u00e9 d\u2019une d\u00e9cision politique <em>stricto sensu<\/em> avec comme enjeu la conservation ou la perte du pouvoir. Tout simplement. Compte tenu de l\u2019exp\u00e9rience catastrophique de 2000, le leader travailliste n\u2019avait pas particuli\u00e8rement envie de se retrouver face \u00e0 une nouvelle alliance MMM-MSM. Ce principe \u00e9tait acquis d\u00e8s le lendemain des l\u00e9gislatives de 2005. Emp\u00eacher une nouvelle alliance MMM-MSM signifie forc\u00e9ment une alliance du PTr soit avec le MSM soit avec le MMM.<\/span><\/span><\/p>\n<p class=\"MsoNormal\" style=\"text-align: justify; margin: 0in 0in 10pt;\"><span style=\"font-family: Verdana; font-size: 12pt; mso-bidi-font-family: Arial; mso-bidi-font-size: 11.0pt;\" lang=\"FR\"><span style=\"color: #000000;\">Il avait sembl\u00e9 au d\u00e9part que l\u2019option MSM \u00e9tait plus int\u00e9ressante. D\u2019abord parce qu\u2019il sortait tr\u00e8s affaibli des \u00e9lections de 2005 avec des repr\u00e9sentants \u00e9lus gr\u00e2ce \u00e0 l\u2019\u00e9lectorat mauve avec de surcro\u00eet son leader d\u00e9fait. Cette orientation sera facilit\u00e9e par la suite par les bisbilles MMM-MSM marqu\u00e9es par le d\u00e9bauchage de Ashock Jugnauth, un affront personnel ressenti par SAJ, leader de fait du MSM. Et lorsque SAJ accepta de rester au R\u00e9duit, on pouvait en d\u00e9duire que l\u2019alliance AS-MSM \u00e9tait conclue et les modalit\u00e9s raisonnables pour les partenaires d\u00e9finies. Mais l\u2019affaire allait se compliquer au lendemain de la victoire de Pravind Jugnauth qui reprit la main, relan\u00e7a une nouvelle n\u00e9gociation et pla\u00e7a la barre tr\u00e8s haute avec une vingtaine de tickets et le minist\u00e8re des Finances. <\/span><\/span><\/p>\n<p class=\"MsoNormal\" style=\"text-align: justify; margin: 0in 0in 10pt;\"><span style=\"font-family: Verdana; font-size: 12pt; mso-bidi-font-family: Arial; mso-bidi-font-size: 11.0pt;\" lang=\"FR\"><span style=\"color: #000000;\">Navin Ramgoolam commen\u00e7a alors \u00e0 \u00ab\u00a0koz koz\u00e9\u00a0\u00bb avec le MMM, pourparlers qui sont all\u00e9s tr\u00e8s loin. Pourquoi cela a coinc\u00e9\u00a0? Comme nous l\u2019avions d\u00e9j\u00e0 dit, il y a eu un certain nombre d\u2019exigences du MMM que Navin Ramgoolam ne pouvait accepter,\u00a0dont le poste de n\u00b0 2, des personnalit\u00e9s travaillistes et du PMSD \u00e0 \u00e9carter, ce qui rappelle les exigences de 2000 et l\u2019exclusion du PMSD.<\/span><\/span><\/p>\n<p class=\"MsoNormal\" style=\"text-align: justify; margin: 0in 0in 10pt;\"><span style=\"font-family: Verdana; font-size: 12pt; mso-bidi-font-family: Arial; mso-bidi-font-size: 11.0pt;\" lang=\"FR\"><span style=\"color: #000000;\">L\u2019argument concernant le poste de VPM constitutionnel, num\u00e9ro deux d\u2019un \u00e9ventuel gouvernement PTr-MMM, que Navin Ramgoolam n\u2019entendait pas c\u00e9der, a \u00e9t\u00e9 confirm\u00e9 par Rashid Beebeejaun en personne lors d\u2019une r\u00e9union politique le 14 avril dernier. Quant \u00e0 la mise \u00e0 l\u2019\u00e9cart de Xavier Duval, le PM vient de confirmer que Paul B\u00e9renger se disait pr\u00eat \u00e0 accepter Xavier Duval mais sans le PMSD et sans Rama Valayden \u2013 ce qui revient au m\u00eame car on voit mal Xavier Duval accepter ce deal. <\/span><\/span><\/p>\n<p class=\"MsoNormal\" style=\"text-align: justify; margin: 0in 0in 10pt;\"><span style=\"font-family: Verdana; font-size: 12pt; mso-bidi-font-family: Arial; mso-bidi-font-size: 11.0pt;\" lang=\"FR\"><span style=\"color: #000000;\">Et \u00e0 compter de l\u2019\u00e9chec des n\u00e9gociations PTr-MMM et la rumeur persistante selon laquelle SAJ et B\u00e9renger pr\u00e9paraient un nouvel accord Medpoint, \u00e7a va aller tr\u00e8s vite. Pravind Jugnauth se pr\u00e9valant d\u2019une offre all\u00e9chante du MMM, soit un 50\/50 en tickets et le <em>prime ministership<\/em>, se retrouva en position de force. Et Navin Ramgoolam ne voulant pas prendre le risque de se retrouver soit en face d\u2019une nouvelle alliance de derni\u00e8re minute type 2000 ou dans une lutte \u00e0 trois, ne pouvait ne pas accepter les demandes de Pravind Jugnauth. Si Navin Ramgoolam ne voulait absolument pas prendre le risque de perdre les \u00e9lections, Pravind Jugnauth lui ne voulait pas c\u00e9der sur ses exigences notamment le minist\u00e8re des Finances et se tenait pr\u00eat \u00e0 toute \u00e9ventualit\u00e9. M\u00eame perdre. Pour mieux sauter. En effet, une d\u00e9faite de Navin Ramgoolam \u00e0 ce stade pourrait \u00e0 terme se traduire par son effacement durable de la sc\u00e8ne politique. <\/span><\/span><\/p>\n<p class=\"MsoNormal\" style=\"text-align: justify; margin: 0in 0in 10pt;\"><span style=\"font-family: Verdana; font-size: 12pt; mso-bidi-font-family: Arial; mso-bidi-font-size: 11.0pt;\" lang=\"FR\"><span style=\"color: #000000;\">A la fin, Navin Ramgoolam a choisi de ne pas briguer seul les suffrages dans le sch\u00e9ma de 2000 ou 2005, suicidaire au demeurant, et a opt\u00e9 pour une alliance. Deuxi\u00e8me casse-t\u00eate\u00a0: il y avait d\u2019un c\u00f4t\u00e9 le MMM qui r\u00e9clamait la place de Beebeejaun qui contr\u00f4le un \u00e9lectorat charni\u00e8re \u2013 un \u00e9lectorat qui avait fait basculer le pouvoir en 2005. Le MMM ne voulait pas non plus du PMSD dont le PTr aurait besoin en cas de d\u00e9part \u2013 pr\u00e9visible &#8212; du MMM d\u2019un \u00e9ventuel gouvernement rouge-mauve. Et de l\u2019autre c\u00f4t\u00e9 la rel\u00e9gation de Rama Sithanen. Navin Ramgoolam a donc choisi l\u2019alliance avec le MSM probablement plus facile \u00e0 g\u00e9rer mais en sacrifiant Rama Sithanen. Emotionnellement c\u2019est peut-\u00eatre dur \u00e0 avaler mais politiquement cela tient. En un mot, Navin Ramgoolam s\u2019en fiche d\u2019avoir des faibles ou des forts autour de lui. <em>\u00ab\u00a0It\u2019s all about winning, damn it\u00a0! \u00bb<\/em>. Et cette histoire abracadabrante sur les ficelles de l\u2019Inde. Vaut mieux en rire\u00a0!<\/span><\/span><\/p>\n<p class=\"MsoNormal\" style=\"text-align: justify; margin: 0in 0in 10pt;\"><span style=\"color: #000000;\"><strong><span style=\"font-family: Verdana; font-size: 12pt; mso-bidi-font-family: Arial; mso-bidi-font-size: 11.0pt;\" lang=\"FR\">Pourquoi Rama Sithanen est \u00ab\u00a0out\u00a0\u00bb\u00a0?<\/span><\/strong><span style=\"font-family: Verdana; font-size: 12pt; mso-bidi-font-family: Arial; mso-bidi-font-size: 11.0pt;\" lang=\"FR\"> La r\u00e9ponse est dans ce qui vient d\u2019\u00eatre dit. Et on ne peut \u00eatre plus clair et plus simple. Pourquoi chercher une r\u00e9ponse compliqu\u00e9e \u00e0 une question simple ? Et pourtant le patron de <em>l\u2019express<\/em> d\u00e9couvre la <em>\u00ab\u00a0tra\u00eetrise et l\u2019ingratitude\u00a0de Navin Ramgoolam\u00a0\u00bb<\/em> et donne la m\u00eame explication, la m\u00eame rengaine \u00e0 savoir <em>\u00ab Ramgoolam ne peut supporter ce ministre trop brillant, cette intelligence si vive, cet esprit trop ind\u00e9pendant \u00bb<\/em> (sic) (<em>l\u2019express<\/em>, 12 avril 10). On est en droit de se demander o\u00f9 il va chercher tout \u00e7a. Comme d\u2019ailleurs certains qui vont dans le sens compl\u00e8tement inverse en chargeant de mani\u00e8re profond\u00e9ment d\u00e9testable et injuste Rama Sithanen de tous les p\u00e9ch\u00e9s du monde pour expliquer son \u00e9vincement ! Alors que Navin Ramgoolam ne cesse de le r\u00e9p\u00e9ter qu\u2019il n\u2019a absolument rien \u00e0 reprocher \u00e0 son Grand Argentier. Bien au contraire. Et il faut \u00eatre compl\u00e8tement idiot pour ne pas admettre que le bilan de Rama Sithanen comme ministre des Finances a \u00e9t\u00e9 globalement positif. Quand vont-ils enfin comprendre que cette d\u00e9cision est strictement politique li\u00e9e \u00e0 la question centrale\u00a0: conserver ou perdre le pouvoir\u00a0?<\/span><\/span><\/p>\n<p class=\"MsoNormal\" style=\"text-align: justify; margin: 0in 0in 10pt;\"><span style=\"font-family: Verdana; font-size: 12pt; mso-bidi-font-family: Arial; mso-bidi-font-size: 11.0pt;\" lang=\"FR\"><span style=\"color: #000000;\">Rama Sithanen, probablement l\u2019homme politique le plus \u00e9cout\u00e9 de Navin Ramgoolam, a confirm\u00e9 ce que nous \u00e9crivions, \u00e0 savoir qu\u2019il \u00e9tait lui-m\u00eame totalement contre l\u2019id\u00e9e d\u2019aller seul aux \u00e9lections. C\u2019\u00e9tait donc soit le MMM soit le MSM. Bien avant les n\u00e9gociations, tout le monde savait que Pravind Jugnauth voulait absolument le minist\u00e8re des Finances. Il est vrai que Rama Sithanen misait sur une alliance avec le MMM. Mais h\u00e9las\u00a0! cela ne s\u2019est pas fait pour les raisons que nous avions \u00e9voqu\u00e9es. Il aurait d\u00fb d\u00e8s lors, je pense, accepter la logique du processus, s\u2019incliner et proposer une autre responsabilit\u00e9 importante, un grand minist\u00e8re strat\u00e9gique impliquant la justice sociale par exemple. Sachant que ce qui compte \u00e0 un moment donn\u00e9, c\u2019est de gagner. Une fois c\u2019est fait, tout peut s\u2019arranger, et la solution devient beaucoup plus facile \u00e0 trouver. Rama Sithanen a certainement commis une maladresse politique en ayant recours \u00e0 une d\u00e9monstration de force qui n\u2019arrangeait pas le PM dans sa d\u00e9marche pour trouver une solution n\u00e9goci\u00e9e. <\/span><\/span><\/p>\n<p class=\"MsoNormal\" style=\"text-align: justify; margin: 0in 0in 10pt;\"><span style=\"font-family: Verdana; font-size: 12pt; mso-bidi-font-family: Arial; mso-bidi-font-size: 11.0pt;\" lang=\"FR\"><span style=\"color: #000000;\">En fin de compte, ce qui est tout de m\u00eame incroyable dans toute cette histoire c\u2019est la vitesse avec laquelle certains commentateurs versatiles \u00e0 g\u00e9om\u00e9trie variable changent du jour au lendemain et sont capables de dire tout et son contraire avec une \u00e9gale assurance. C\u2019est ainsi que le \u00ab\u00a0talentueux\u00a0\u00bb, \u00ab\u00a0rassembleur\u00a0\u00bb, \u00ab\u00a0moderniste\u00a0\u00bb Navin Ramgoolam est, en l\u2019espace de quelques heures, devenu un pestif\u00e9r\u00e9. Parce qu\u2019il a pris, c\u2019est pourtant son job, une d\u00e9cision politique d\u2019une importance vitale pour sa survie. C\u2019est peut-\u00eatre cela le vrai \u00ab\u00a0myst\u00e8re\u00a0\u00bb.<\/span><\/span><\/p>\n<p class=\"MsoNormal\" style=\"text-align: justify; margin: 0in 0in 10pt;\"><strong><span style=\"font-family: Verdana; font-size: 12pt; mso-bidi-font-family: Arial; mso-bidi-font-size: 11.0pt;\" lang=\"FR\"><span style=\"color: #000000;\">D.E.V.<\/span><\/span><\/strong><\/p>\n","protected":false},"excerpt":{"rendered":"<p>Le myst\u00e9rieux d\u00e9lire\u00a0\u00a0 &#8212; D.E.V.\u00a0\u00a0 Les divagations de ces derniers jours sur les \u00ab\u00a0myst\u00e8res\u00a0\u00bb sont tellement \u00e9normes qu\u2019elles commencent \u00e0 nous agacer s\u00e9rieusement. Voyons ces \u00ab\u00a0analyses\u00a0\u00bb, qu\u2019il n\u2019est pas exag\u00e9r\u00e9 de qualifier d\u2019odieusement subjectives, cens\u00e9es expliquer les derniers \u00e9v\u00e9nements.<\/p>\n","protected":false},"author":1,"featured_media":0,"comment_status":"open","ping_status":"open","sticky":false,"template":"","format":"standard","meta":{"jetpack_post_was_ever_published":false,"_jetpack_newsletter_access":"","_jetpack_dont_email_post_to_subs":false,"_jetpack_newsletter_tier_id":0,"_jetpack_memberships_contains_paywalled_content":false,"_jetpack_memberships_contains_paid_content":false,"footnotes":"","jetpack_publicize_message":"","jetpack_publicize_feature_enabled":true,"jetpack_social_post_already_shared":false,"jetpack_social_options":{"image_generator_settings":{"template":"highway","default_image_id":0,"font":"","enabled":false},"version":2}},"categories":[6],"tags":[],"class_list":["post-236","post","type-post","status-publish","format-standard","hentry","category-latest-news"],"jetpack_publicize_connections":[],"jetpack_featured_media_url":"","jetpack_sharing_enabled":true,"jetpack_shortlink":"https:\/\/wp.me\/p8QzSF-3O","_links":{"self":[{"href":"https:\/\/www.mauritiustimes.com\/mt\/wp-json\/wp\/v2\/posts\/236","targetHints":{"allow":["GET"]}}],"collection":[{"href":"https:\/\/www.mauritiustimes.com\/mt\/wp-json\/wp\/v2\/posts"}],"about":[{"href":"https:\/\/www.mauritiustimes.com\/mt\/wp-json\/wp\/v2\/types\/post"}],"author":[{"embeddable":true,"href":"https:\/\/www.mauritiustimes.com\/mt\/wp-json\/wp\/v2\/users\/1"}],"replies":[{"embeddable":true,"href":"https:\/\/www.mauritiustimes.com\/mt\/wp-json\/wp\/v2\/comments?post=236"}],"version-history":[{"count":0,"href":"https:\/\/www.mauritiustimes.com\/mt\/wp-json\/wp\/v2\/posts\/236\/revisions"}],"wp:attachment":[{"href":"https:\/\/www.mauritiustimes.com\/mt\/wp-json\/wp\/v2\/media?parent=236"}],"wp:term":[{"taxonomy":"category","embeddable":true,"href":"https:\/\/www.mauritiustimes.com\/mt\/wp-json\/wp\/v2\/categories?post=236"},{"taxonomy":"post_tag","embeddable":true,"href":"https:\/\/www.mauritiustimes.com\/mt\/wp-json\/wp\/v2\/tags?post=236"}],"curies":[{"name":"wp","href":"https:\/\/api.w.org\/{rel}","templated":true}]}}