{"id":23206,"date":"2019-11-04T09:12:57","date_gmt":"2019-11-04T05:12:57","guid":{"rendered":"http:\/\/www.mauritiustimes.com\/mt\/?p=23206"},"modified":"2019-11-04T09:12:57","modified_gmt":"2019-11-04T05:12:57","slug":"la-parole-a-ragen-seetohul-et-au-dr-ismael-rawoo","status":"publish","type":"post","link":"https:\/\/www.mauritiustimes.com\/mt\/la-parole-a-ragen-seetohul-et-au-dr-ismael-rawoo\/","title":{"rendered":"La Parole \u00e0 Ragen Seetohul et au Dr Ismael Rawoo"},"content":{"rendered":"<h4 style=\"text-align: center;\"><span style=\"color: #993300;\"><u>Politique active et motivation des candidats<\/u><\/span><!--more--><\/h4>\n<h3 style=\"text-align: center;\"><span style=\"color: #000000;\"><strong>Cette semaine encore, <em>Mauritius Times<\/em> vous propose d\u2019aller \u00e0 la rencontre de deux autres candidats briguant les suffrages dans diff\u00e9rentes circonscriptions<\/strong><\/span><\/h3>\n<hr \/>\n<h4 style=\"text-align: center;\"><span style=\"color: #ff0000;\"><u><span style=\"color: #000000;\">Ragen Seetohul,<\/span> <span style=\"color: #ff0000;\">Candidat l\u2019Alliance Nationale &#8211; <span style=\"color: #000000;\">No. 5<\/span><\/span><\/u><\/span><\/h4>\n<h2 style=\"text-align: center;\"><span style=\"color: #000000;\"><strong>\u00ab\u00a0Le Gouvernement est pr\u00eat \u00e0 d\u00e9passer toutes les limites\u00a0pour s&#8217;agripper et maintenir une dynastie familiale au pouvoir\u00a0\u00bb<\/strong><\/span><\/h2>\n<p><span style=\"color: #000000;\"><strong><img data-recalc-dims=\"1\" loading=\"lazy\" decoding=\"async\" data-attachment-id=\"23207\" data-permalink=\"https:\/\/www.mauritiustimes.com\/mt\/la-parole-a-ragen-seetohul-et-au-dr-ismael-rawoo\/seetohul\/\" data-orig-file=\"https:\/\/i0.wp.com\/www.mauritiustimes.com\/mt\/wp-content\/uploads\/2019\/10\/Seetohul.jpg?fit=357%2C600&amp;ssl=1\" data-orig-size=\"357,600\" data-comments-opened=\"1\" data-image-meta=\"{&quot;aperture&quot;:&quot;0&quot;,&quot;credit&quot;:&quot;&quot;,&quot;camera&quot;:&quot;&quot;,&quot;caption&quot;:&quot;&quot;,&quot;created_timestamp&quot;:&quot;0&quot;,&quot;copyright&quot;:&quot;&quot;,&quot;focal_length&quot;:&quot;0&quot;,&quot;iso&quot;:&quot;0&quot;,&quot;shutter_speed&quot;:&quot;0&quot;,&quot;title&quot;:&quot;&quot;,&quot;orientation&quot;:&quot;0&quot;}\" data-image-title=\"Seetohul\" data-image-description=\"\" data-image-caption=\"\" data-large-file=\"https:\/\/i0.wp.com\/www.mauritiustimes.com\/mt\/wp-content\/uploads\/2019\/10\/Seetohul.jpg?fit=357%2C600&amp;ssl=1\" class=\" wp-image-23207 alignleft\" src=\"https:\/\/i0.wp.com\/www.mauritiustimes.com\/mt\/wp-content\/uploads\/2019\/10\/Seetohul.jpg?resize=195%2C328&#038;ssl=1\" alt=\"\" width=\"195\" height=\"328\" srcset=\"https:\/\/i0.wp.com\/www.mauritiustimes.com\/mt\/wp-content\/uploads\/2019\/10\/Seetohul.jpg?w=357&amp;ssl=1 357w, https:\/\/i0.wp.com\/www.mauritiustimes.com\/mt\/wp-content\/uploads\/2019\/10\/Seetohul.jpg?resize=179%2C300&amp;ssl=1 179w\" sizes=\"auto, (max-width: 195px) 100vw, 195px\" \/>* Faire de la politique, c\u2019est un virus, dit-on. Comment vous est-il arriv\u00e9 d\u2019attraper ce virus\u00a0?<\/strong><\/span><\/p>\n<p><span style=\"color: #000000;\">Je me suis int\u00e9ress\u00e9 \u00e0 la chose politique d\u00e8s mon jeune \u00e2ge. Ma fonction comme directeur g\u00e9n\u00e9ral de la MHC m\u2019a permis d&#8217;aider beaucoup de gens d\u00e9munis et cela a accentu\u00e9 mon int\u00e9r\u00eat pour la politique.<\/span><\/p>\n<p><span style=\"color: #000000;\"><strong>* Quelles sont vos motivations principales\u00a0?<\/strong><\/span><\/p>\n<p><span style=\"color: #000000;\">Aider les gens en difficult\u00e9s et servir le pays. On doit aussi instaurer la m\u00e9ritocratie et lib\u00e9rer les institutions qui ont \u00e9t\u00e9 accapar\u00e9s et leur cr\u00e9dibilit\u00e9 d\u00e9truite pendant cinq ans par un clan familial.<\/span><\/p>\n<p><span style=\"color: #000000;\"><strong>\u00a0* Qu\u2019est-ce que ces quelques jours et nuits pass\u00e9s dans les coins et recoins de votre circonscription au tout d\u00e9but de la pr\u00e9sente campagne \u00e9lectorale vous ont fait voir de l\u2019Ile Maurice profonde\u00a0et des conditions de vie des Mauriciens?<\/strong><\/span><\/p>\n<p><span style=\"color: #000000;\">Il y a beaucoup de poches de pauvret\u00e9 dues \u00e0 la politique \u00e0 deux vitesses de ce Gouvernement, beaucoup de frustrations chez les jeunes dont beaucoup sont d\u00e9s\u0153uvr\u00e9s et il existe de nombreuses difficult\u00e9s li\u00e9es aux fl\u00e9aux de la criminalit\u00e9 et de la drogue. Notre syst\u00e8me d&#8217;\u00e9ducation est d\u00e9pass\u00e9 et certains parents stress\u00e9s doivent encore payer des le\u00e7ons particuli\u00e8res pendant des ann\u00e9es, ne comprenant pas pourquoi les portes des coll\u00e8ges d&#8217;Etat leur ont \u00e9t\u00e9 ferm\u00e9es. Cela fait beaucoup de frustrations.\u00a0<\/span><\/p>\n<p><span style=\"color: #000000;\">\u00a0<strong>* Avez-vous constat\u00e9 l\u2019existence dans votre circonscription de diff\u00e9rentes couches sociales, donc avec des r\u00e9flexes et des attentes diff\u00e9rents au sein de la grande soci\u00e9t\u00e9 mauricienne\u00a0?<\/strong><\/span><\/p>\n<p><span style=\"color: #000000;\">D\u00e9finitivement. Et cela a \u00e9t\u00e9 accentu\u00e9 durant ces cinq derni\u00e8res ann\u00e9es. Les projets de prestige qui ont englouti des d\u00e9penses par milliards, les dettes publiques exorbitantes n&#8217;ont rien chang\u00e9 pour ces diff\u00e9rentes couches dans leur vie quotidienne.\u00a0<\/span><\/p>\n<p><span style=\"color: #000000;\"><strong>* En g\u00e9n\u00e9ral, quelles sont les attentes de la grande majorit\u00e9\u00a0des habitants ? Avez-vous constat\u00e9 une trop grande d\u00e9pendance sur le \u00ab\u00a0<em>gouvernman<\/em>\u00a0\u00bb\u00a0pour subvenir \u00e0 leurs diff\u00e9rents besoins que ce soit par rapport \u00e0 l\u2019emploi, au logement, etc\u2026\u00a0?<\/strong><\/span><\/p>\n<p><span style=\"color: #000000;\">Un \u2019emploi d\u00e9cent et des possibilit\u00e9s de logement sont prioritaires mais\u00a0il y a un manque flagrant d\u2019infrastructures dans les r\u00e9gions. Je vous parle de ce qui aidera le citoyen au quotidien comme, par exemple, un terrain de football, un jardin d\u2019enfants et un peu plus d\u2019espace vert pour se d\u00e9tendre apr\u00e8s une journ\u00e9e de travail ou pendant le week-end. Je n\u2019oublie pas l\u2019acc\u00e8s \u00e0 la plage.<\/span><\/p>\n<p><span style=\"color: #000000;\"><strong>* Qu\u2019en est-il du poids et de l\u2019influence de ces quelques \u201cvillains of Mauritian politics\u201d dont le communalisme, le cast\u00e9isme et l\u2019argent dans cette pr\u00e9sente campagne \u00e9lectorale\u00a0?<\/strong><\/span><\/p>\n<p><span style=\"color: #000000;\">Les deux premiers facteurs ont toujours \u00e9t\u00e9 l\u00e0 et il faut continuer \u00e0 les combattre. Mais le plus gros probl\u00e8me, en 2019, c\u2019est une utilisation abusive de l&#8217;argent. Le niveau atteint est incroyable. On se demande d&#8217;o\u00f9 sort autant d&#8217;argent? Pense-t-on acheter la conscience de l\u2019\u00e9lecteur dans l&#8217;isoloir?<\/span><\/p>\n<p><span style=\"color: #000000;\"><strong>* Et qu\u2019en est-il des promesses \u00e9lectorales et de la campagne de d\u00e9nigrement de l\u2019adversaire d\u00e9clench\u00e9 depuis peu\u00a0? Sont-elles \u00e0 m\u00eame d\u2019\u00e9mouvoir l\u2019\u00e9lectorat, selon vous\u00a0?<\/strong><\/span><\/p>\n<p><span style=\"color: #000000;\">Les gens comprennent que ce Gouvernement est pr\u00eat \u00e0 d\u00e9passer toutes les limites\u00a0pour s&#8217;agripper et maintenir une dynastie familiale au pouvoir. Je pense m\u00eame que les pires fabrications sont encore \u00e0 venir. La population se m\u00e9fie de cette campagne de bassesses qui ne r\u00e9jouit que les adeptes du voyeurisme.<\/span><\/p>\n<p><span style=\"color: #000000;\"><strong>* On dit que \u2018les citoyens n\u2019ont pas besoin d\u2019une politique de bons sentiments, mais de l\u2019assurance que leurs int\u00e9r\u00eats seront bien d\u00e9fendus.\u2019 Pensez-vous que le parti auquel vous avez adh\u00e9r\u00e9 est le mieux plac\u00e9 pour d\u00e9fendre les int\u00e9r\u00eats des Mauriciens\u00a0?<\/strong><\/span><\/p>\n<p><span style=\"color: #000000;\">D\u00e9finitivement. Le PTr a toujours \u0153uvr\u00e9 pour le bien-\u00eatre de la population et surtout pour ceux qui se trouvent au bas de l\u2019\u00e9chelle.\u00a0Tous les grands projets portent l\u2019empreinte du PTr. Etant en alliance avec le PMSD, il y\u00a0a aussi une synergie et cela se voit sur le terrain. C&#8217;est l&#8217;entente qui a repr\u00e9sent\u00e9 la stabilit\u00e9, le respect des institutions, le progr\u00e8s \u00e9conomique, la justice sociale et le d\u00e9veloppement d&#8217;une nation arc-en-ciel.<\/span><\/p>\n<p><span style=\"color: #000000;\">Nous l&#8217;avons vu avec la pr\u00e9sentation des mesures prioritaires que compte ex\u00e9cuter cette Alliance Nationale d\u00e8s son acc\u00e8s au pouvoir. D&#8217;autres mesures importantes seront prises pour redonner confiance aux investisseurs, relancer l&#8217;emploi et la croissance, les secteurs en difficult\u00e9s et les nouveaux piliers de l&#8217;\u00e9conomie.<\/span><\/p>\n<p>&nbsp;<\/p>\n<hr \/>\n<p>&nbsp;<\/p>\n<h4 style=\"text-align: center;\"><span style=\"color: #000000;\"><u>Dr Ismael Rawoo, <span style=\"color: #ff6600;\">Candidat de l\u2019Alliance Morisien &#8211; <span style=\"color: #000000;\">No. 13<\/span><\/span><\/u><\/span><\/h4>\n<h2 style=\"text-align: center;\"><span style=\"color: #000000;\"><strong>\u00ab\u00a0L&#8217;Alliance Morisien repr\u00e9sente la stabilit\u00e9, l&#8217;unit\u00e9 et le d\u00e9veloppement continu pour le pays\u00a0\u00bb<\/strong><\/span><\/h2>\n<p><span style=\"color: #000000;\"> <img data-recalc-dims=\"1\" loading=\"lazy\" decoding=\"async\" data-attachment-id=\"23209\" data-permalink=\"https:\/\/www.mauritiustimes.com\/mt\/la-parole-a-ragen-seetohul-et-au-dr-ismael-rawoo\/ismael\/\" data-orig-file=\"https:\/\/i0.wp.com\/www.mauritiustimes.com\/mt\/wp-content\/uploads\/2019\/10\/Ismael.jpg?fit=316%2C662&amp;ssl=1\" data-orig-size=\"316,662\" data-comments-opened=\"1\" data-image-meta=\"{&quot;aperture&quot;:&quot;0&quot;,&quot;credit&quot;:&quot;&quot;,&quot;camera&quot;:&quot;&quot;,&quot;caption&quot;:&quot;&quot;,&quot;created_timestamp&quot;:&quot;0&quot;,&quot;copyright&quot;:&quot;&quot;,&quot;focal_length&quot;:&quot;0&quot;,&quot;iso&quot;:&quot;0&quot;,&quot;shutter_speed&quot;:&quot;0&quot;,&quot;title&quot;:&quot;&quot;,&quot;orientation&quot;:&quot;0&quot;}\" data-image-title=\"Ismael\" data-image-description=\"\" data-image-caption=\"\" data-large-file=\"https:\/\/i0.wp.com\/www.mauritiustimes.com\/mt\/wp-content\/uploads\/2019\/10\/Ismael.jpg?fit=316%2C662&amp;ssl=1\" class=\" wp-image-23209 alignleft\" src=\"https:\/\/i0.wp.com\/www.mauritiustimes.com\/mt\/wp-content\/uploads\/2019\/10\/Ismael.jpg?resize=177%2C371&#038;ssl=1\" alt=\"\" width=\"177\" height=\"371\" srcset=\"https:\/\/i0.wp.com\/www.mauritiustimes.com\/mt\/wp-content\/uploads\/2019\/10\/Ismael.jpg?w=316&amp;ssl=1 316w, https:\/\/i0.wp.com\/www.mauritiustimes.com\/mt\/wp-content\/uploads\/2019\/10\/Ismael.jpg?resize=143%2C300&amp;ssl=1 143w\" sizes=\"auto, (max-width: 177px) 100vw, 177px\" \/>* <strong>Faire de la politique, c\u2019est un virus, dit-on. Comment vous est-il arriv\u00e9 d\u2019attraper ce virus\u00a0?<\/strong><\/span><\/p>\n<p><span style=\"color: #000000;\">Permettez-moi quelques mots d\u2019introduction sur moi-m\u00eame puisque c\u2019est ma premi\u00e8re incursion dans le monde politique. Je suis p\u00e8re de famille et chirurgien-dentiste de profession. Je suis \u00e9galement engag\u00e9 activement dans le travail social en tant que pr\u00e9sident et membre fondateur de l\u2019association caritative \u2018Unity in Diversity\u2019.<\/span><\/p>\n<p><span style=\"color: #000000;\">Cette association effectue r\u00e9guli\u00e8rement des tests de sant\u00e9 aupr\u00e8s de la population. C\u2019est ce contact direct avec les Mauriciens qui m\u2019a permis de voir comment les actions caritatives sont \u00e0 m\u00eame de porter secours \u00e0 ceux qui ont besoin d&#8217;aide mat\u00e9rielle ou morale, et aussi de comprendre qu\u2019un engagement politique a le potentiel de toucher le plus grand nombre, et ce, de fa\u00e7on plus efficace et directe.<\/span><\/p>\n<p><span style=\"color: #000000;\"><strong>* Quelles sont vos motivations principales\u00a0?<\/strong><\/span><\/p>\n<p><span style=\"color: #000000;\">Comme vous le savez, la politique fait partie de la vie de toute la population, directement ou indirectement. Pour moi, la politique, c&#8217;est un engagement continu de mon travail social que je faisais d\u00e9j\u00e0 \u00e0 travers l\u2019association \u2018Unity in Diversity\u2019.<\/span><\/p>\n<p><span style=\"color: #000000;\">Devenir un repr\u00e9sentant du peuple parmi d\u2019autres, c\u2019est pouvoir effectivement perp\u00e9tuer mon travail dans le monde social d&#8217;une mani\u00e8re plus efficace et aussi aborder non seulement les dol\u00e9ances des gens mais surtout trouver des solutions \u00e0 ces dol\u00e9ances sur le long terme.<\/span><\/p>\n<p><span style=\"color: #000000;\"><strong>\u00a0* Qu\u2019est-ce que ces quelques jours et nuits pass\u00e9s dans les coins et recoins de votre circonscription au tout d\u00e9but de la pr\u00e9sente campagne \u00e9lectorale vous a fait voir de l\u2019Ile Maurice profonde\u00a0et des conditions de vie des Mauriciens ?<\/strong><\/span><\/p>\n<p><span style=\"color: #000000;\">La circonscription num\u00e9ro 13, c&#8217;est pour moi un retour aux sources, car je suis n\u00e9 et j\u2019ai grandi \u00e0 Rivi\u00e8re des Anguilles. Mon d\u00e9funt p\u00e8re a travaill\u00e9 pendant 40 ans sur la Britannia Sugar Estate en tant que comptable et il a aussi \u00e9t\u00e9 agriculteur pendant plusieurs ann\u00e9es dans des plantations de pomme de terre.<\/span><\/p>\n<p><span style=\"color: #000000;\">Je fais une petite parenth\u00e8se pour lui rendre hommage et pour ses sacrifices pour notre famille. Aujourd\u2019hui, je fais un p\u00e8lerinage aux sources pour aider les gens de cette circonscription et je remercie l\u2019accueil tellement chaleureux de tous les habitants \u00e0 mon \u00e9gard depuis que je travaille dans leur circonscription.<\/span><\/p>\n<p><span style=\"color: #000000;\">En ce qui concerne les conditions de vie des habitants de la circonscription, je dois dire que beaucoup a \u00e9t\u00e9 accompli par le gouvernement MSM-ML pour am\u00e9liorer leur vie quotidienne au niveau des infrastructures, des loisirs, du logement et des services m\u00e9dicaux.<\/span><\/p>\n<p><span style=\"color: #000000;\">Mais, comme partout ailleurs, c\u2019est \u2018work in progress\u2019. J\u2019ai personnellement en t\u00eate plusieurs projets touchant diff\u00e9rents domaines pour la circonscription. Mais ce sera un travail d\u2019\u00e9quipe qui n\u00e9cessitera la collaboration des habitants et de mes coll\u00e8gues du parti.<\/span><\/p>\n<p><span style=\"color: #000000;\"><strong>* Avez-vous constat\u00e9 l\u2019existence dans votre circonscription de diff\u00e9rentes couches sociales, donc avec des r\u00e9flexes et des attentes diff\u00e9rents au sein de la grande soci\u00e9t\u00e9 mauricienne\u00a0?<\/strong><\/span><\/p>\n<p><span style=\"color: #000000;\">Tout \u00e0 fait \u2013 comme c\u2019est le cas partout ailleurs<strong>. <\/strong>Mais le plus important pour que l\u2019action politique, ou m\u00eame sociale, soit efficace et soutenable, c\u2019est qu\u2019il faut \u00eatre \u00e0 l\u2019\u00e9coute des habitants \u2013 de leurs aspirations, de leurs attentes et aussi de leurs exp\u00e9riences.<\/span><\/p>\n<p><span style=\"color: #000000;\"><strong>* En g\u00e9n\u00e9ral, quelles sont les attentes de la grande majorit\u00e9\u00a0des habitants ? Avez-vous constat\u00e9 une trop grande d\u00e9pendance sur le \u00ab\u00a0<em>gouvernman<\/em>\u00a0\u00bb\u00a0pour subvenir \u00e0 leurs diff\u00e9rents besoins que ce soit par rapport \u00e0 l\u2019emploi, au logement\u2026\u00a0?<\/strong><\/span><\/p>\n<p><span style=\"color: #000000;\">Je note une grande attente de la population, surtout des jeunes en ce qui concerne l\u2019emploi. Ma priorit\u00e9, ce sera la recherche avec diff\u00e9rents \u2018stakeholders\u2019 \u2013 dans le secteur public comme dans le secteur priv\u00e9 &#8212; des solutions pour faciliter\u00a0la cr\u00e9ation d\u2019emplois pour les jeunes mais aussi pour tous les groupes d\u2019\u00e2ges diff\u00e9rents. Nous avons besoin d\u2019aider nos jeunes, car la jeunesse c&#8217;est l&#8217;avenir du pays. Ce sera avant tout un travail d\u2019\u00e9quipe avec la participation de tous, car \u00abEnsam Tou Possible\u00a0\u00bb.<\/span><\/p>\n<p><span style=\"color: #000000;\"><strong>*Qu\u2019en est-il du poids et de l\u2019influence de ces quelques \u201cvillains of Mauritian politics\u201d dont le communalisme, le cast\u00e9isme et l\u2019argent dans cette pr\u00e9sente campagne \u00e9lectorale ? <\/strong><\/span><\/p>\n<p><span style=\"color: #000000;\">Vous savez que tous ces \u201cvillains\u00a0\u00bb dont vous faites mention existent depuis je ne sais combien de d\u00e9cennies, mais nous pouvons tous constater que ces maux connaissent un d\u00e9clin s\u00fbr et certain. Nous avons une population \u00e9clair\u00e9e, surtout les jeunes d\u2019aujourd\u2019hui qui ne sont pas influenc\u00e9 par des consid\u00e9rations primaires. Ce qu\u2019ils recherchent, ce sont des r\u00e9sultats.<\/span><\/p>\n<p><span style=\"color: #000000;\">Le Gouvernement a amplement fait la d\u00e9monstration de sa capacit\u00e9 \u00e0 traduire ses promesses dans les faits. Donc, l\u2019\u00e9lectorat a un choix tr\u00e8s simple \u00e0 faire. C\u2019est de reconduire dans le poste de Premier ministre le leader de l\u2019Alliance Morisien &#8211; un jeune, dynamique et \u2018hardworking\u2019, qui veut travailler pour le d\u00e9veloppement du pays et qui veut que tout le monde participe dans ce d\u00e9veloppement.<\/span><\/p>\n<p><span style=\"color: #000000;\"><strong>* Et qu\u2019en est-il des promesses \u00e9lectorales et de la campagne de d\u00e9nigrement de l\u2019adversaire d\u00e9clench\u00e9 depuis peu\u00a0? Sont-elles \u00e0 m\u00eame d\u2019\u00e9mouvoir l\u2019\u00e9lectorat, selon vous\u00a0?<\/strong><\/span><\/p>\n<p><span style=\"color: #000000;\">Il faut faire la diff\u00e9rence entre engagement politique et populisme. Le gouvernement MSM-ML a d\u00e9montr\u00e9 que ses \u00ab\u00a0promesses politiques\u00a0\u00bb, c\u2019est du vrai, et celles-ci ont \u00e9t\u00e9 r\u00e9alis\u00e9es. Les r\u00e9sultats sont l\u00e0.<\/span><\/p>\n<p><span style=\"color: #000000;\"><strong>* On dit que \u2018les citoyens n\u2019ont pas besoin d\u2019une politique de bons sentiments, mais de l\u2019assurance que leurs int\u00e9r\u00eats seront bien d\u00e9fendus.\u2019 Pensez-vous que le parti auquel vous avez adh\u00e9r<\/strong><strong>\u00e9 est le mieux plac\u00e9 pour d\u00e9fendre les int\u00e9r\u00eats des Mauriciens\u00a0?<\/strong><\/span><\/p>\n<p><span style=\"color: #000000;\">L&#8217;Alliance Morisien repr\u00e9sente la stabilit\u00e9, l&#8217;unit\u00e9 et le d\u00e9veloppement continu pour le pays. Nous avons deux leaders entour\u00e9s d\u2019une \u00e9quipe dynamique et qui a de l\u2019exp\u00e9rience. Celle-ci travaille d\u2019une mani\u00e8re assidue pour le d\u00e9veloppement du pays. D\u2019ailleurs, le bilan du Gouvernement MSM-ML est \u00e9loquent et est preuve du dynamisme et de l\u2019exp\u00e9rience de toute l\u2019\u00e9quipe dirig\u00e9e par Pravind Jugnauth.<\/span><\/p>\n<hr \/>\n<p><span style=\"color: #008080;\"><em>* Published in print edition on 31 October 2019<\/em><\/span><\/p>\n","protected":false},"excerpt":{"rendered":"<p>Politique active et motivation des candidats<\/p>\n","protected":false},"author":1,"featured_media":23208,"comment_status":"open","ping_status":"open","sticky":false,"template":"","format":"standard","meta":{"jetpack_post_was_ever_published":false,"_jetpack_newsletter_access":"","_jetpack_dont_email_post_to_subs":false,"_jetpack_newsletter_tier_id":0,"_jetpack_memberships_contains_paywalled_content":false,"_jetpack_memberships_contains_paid_content":false,"footnotes":"","jetpack_publicize_message":"","jetpack_publicize_feature_enabled":true,"jetpack_social_post_already_shared":true,"jetpack_social_options":{"image_generator_settings":{"template":"highway","default_image_id":0,"font":"","enabled":false},"version":2}},"categories":[25],"tags":[19613,19610,19612,19615,36,53,323,48,813,19609,19611,19614],"class_list":["post-23206","post","type-post","status-publish","format-standard","has-post-thumbnail","hentry","category-politics","tag-candidat-alliance-morisien","tag-candidat-alliance-nationale","tag-dr-ismael-rawoo","tag-ensam-tou-possible","tag-mauritius-times","tag-msm-ml","tag-pmsd","tag-pravind-jugnauth","tag-ptr","tag-ragen-seetohul","tag-systeme-education","tag-unity-in-diversity"],"jetpack_publicize_connections":[],"jetpack_featured_media_url":"https:\/\/i0.wp.com\/www.mauritiustimes.com\/mt\/wp-content\/uploads\/2019\/10\/Rajen-Ismael.jpg?fit=1111%2C600&ssl=1","jetpack_sharing_enabled":true,"jetpack_shortlink":"https:\/\/wp.me\/p8QzSF-62i","_links":{"self":[{"href":"https:\/\/www.mauritiustimes.com\/mt\/wp-json\/wp\/v2\/posts\/23206","targetHints":{"allow":["GET"]}}],"collection":[{"href":"https:\/\/www.mauritiustimes.com\/mt\/wp-json\/wp\/v2\/posts"}],"about":[{"href":"https:\/\/www.mauritiustimes.com\/mt\/wp-json\/wp\/v2\/types\/post"}],"author":[{"embeddable":true,"href":"https:\/\/www.mauritiustimes.com\/mt\/wp-json\/wp\/v2\/users\/1"}],"replies":[{"embeddable":true,"href":"https:\/\/www.mauritiustimes.com\/mt\/wp-json\/wp\/v2\/comments?post=23206"}],"version-history":[{"count":0,"href":"https:\/\/www.mauritiustimes.com\/mt\/wp-json\/wp\/v2\/posts\/23206\/revisions"}],"wp:featuredmedia":[{"embeddable":true,"href":"https:\/\/www.mauritiustimes.com\/mt\/wp-json\/wp\/v2\/media\/23208"}],"wp:attachment":[{"href":"https:\/\/www.mauritiustimes.com\/mt\/wp-json\/wp\/v2\/media?parent=23206"}],"wp:term":[{"taxonomy":"category","embeddable":true,"href":"https:\/\/www.mauritiustimes.com\/mt\/wp-json\/wp\/v2\/categories?post=23206"},{"taxonomy":"post_tag","embeddable":true,"href":"https:\/\/www.mauritiustimes.com\/mt\/wp-json\/wp\/v2\/tags?post=23206"}],"curies":[{"name":"wp","href":"https:\/\/api.w.org\/{rel}","templated":true}]}}