{"id":230,"date":"2010-04-23T06:27:34","date_gmt":"2010-04-23T06:27:34","guid":{"rendered":"http:\/\/mauritiustimes.com\/mt\/2010\/04\/23\/interview-pjugnauth\/"},"modified":"2010-04-23T06:27:34","modified_gmt":"2010-04-23T06:27:34","slug":"interview-pjugnauth","status":"publish","type":"post","link":"https:\/\/www.mauritiustimes.com\/mt\/interview-pjugnauth\/","title":{"rendered":"Interview P.Jugnauth"},"content":{"rendered":"<h1 style=\"margin: 0in 0in 0pt;\"><span style=\"font-family: Verdana; color: black; font-size: 12pt; font-weight: normal; mso-bidi-font-size: 14.0pt; mso-ansi-language: EN-US;\"><span style=\"text-decoration: underline;\">Interview: Pravind Jugnauth, leader du MSM<\/span><\/span><\/h1>\n<h1 style=\"margin: 0in 0in 0pt;\"><span style=\"font-family: Verdana; color: black; font-size: 12pt; font-weight: normal; mso-bidi-font-size: 14.0pt; mso-ansi-language: EN-US;\"><\/span><\/h1>\n<h1 style=\"text-align: center; margin: 0in 0in 0pt;\"><span style=\"font-family: Verdana; color: black; font-size: 12pt; font-weight: normal; mso-bidi-font-size: 14.0pt; mso-ansi-language: EN-US;\"><img data-recalc-dims=\"1\" loading=\"lazy\" decoding=\"async\" data-attachment-id=\"229\" data-permalink=\"https:\/\/www.mauritiustimes.com\/mt\/interview-pjugnauth\/attachment-pravind-jugnauth\/\" data-orig-file=\"https:\/\/i0.wp.com\/www.mauritiustimes.com\/mt\/wp-content\/uploads\/2010\/04\/pravind%20jugnauth.gif?fit=252%2C376&amp;ssl=1\" data-orig-size=\"252,376\" data-comments-opened=\"1\" data-image-meta=\"{&quot;aperture&quot;:&quot;0&quot;,&quot;credit&quot;:&quot;&quot;,&quot;camera&quot;:&quot;&quot;,&quot;caption&quot;:&quot;&quot;,&quot;created_timestamp&quot;:&quot;0&quot;,&quot;copyright&quot;:&quot;&quot;,&quot;focal_length&quot;:&quot;0&quot;,&quot;iso&quot;:&quot;0&quot;,&quot;shutter_speed&quot;:&quot;0&quot;,&quot;title&quot;:&quot;&quot;,&quot;orientation&quot;:&quot;0&quot;}\" data-image-title=\"pravind jugnauth\" data-image-description=\"\" data-image-caption=\"\" data-large-file=\"https:\/\/i0.wp.com\/www.mauritiustimes.com\/mt\/wp-content\/uploads\/2010\/04\/pravind%20jugnauth.gif?fit=252%2C376&amp;ssl=1\" class=\" size-full wp-image-229\" src=\"https:\/\/i0.wp.com\/mauritiustimes.com\/wp-content\/uploads\/2010\/04\/pravind%20jugnauth.gif?resize=252%2C376\" border=\"0\" width=\"252\" height=\"376\" \/><\/span><\/h1>\n<p class=\"MsoNormal\" style=\"margin: 0in 0in 0pt;\"><span style=\"font-family: Verdana; mso-bidi-font-family: Arial; mso-bidi-font-size: 14.0pt; mso-ansi-language: EN-US;\"><span style=\"color: #000000;\"><span style=\"font-size: small;\">\u00a0<\/span><\/span><\/span><\/p>\n<p class=\"MsoBodyText\" style=\"text-align: justify; margin: 0in 0in 0pt;\"><span lang=\"FR\"><strong><span style=\"text-decoration: underline;\"><span style=\"font-family: Verdana; color: #000000; font-size: small;\">\u201c\u00a0Pravind Jugnauth n\u2019est pas entr\u00e9 en politique pour vouloir s\u2019approprier des positions co\u00fbte que co\u00fbte\u2026<\/span><\/span><\/strong><\/span><\/p>\n<p class=\"MsoNormal\" style=\"text-align: justify; margin: 0in 0in 0pt;\"><span><br \/><span style=\"color: #000000;\"><span style=\"font-size: small;\">\u2026la question d\u2019\u2018h\u00e9ritier politique\u2019 de Navin Ramgoolam ne se pose pas\u00a0\u00bb<\/span><\/span><\/span><\/p>\n<p class=\"MsoNormal\" style=\"text-align: justify; margin: 0in 0in 0pt;\"><span style=\"font-family: Verdana; mso-bidi-font-family: Arial; mso-bidi-font-size: 14.0pt;\" lang=\"FR\"><span style=\"color: #000000;\"><span style=\"font-size: small;\">\u00a0<\/span><\/span><\/span><\/p>\n<p class=\"MsoNormal\" style=\"text-align: justify; margin: 0in 0in 0pt;\"><span style=\"font-family: Verdana; mso-bidi-font-family: Arial; mso-bidi-font-size: 14.0pt;\" lang=\"FR\"><span style=\"color: #000000;\"><span style=\"font-size: small;\">* \u00ab\u00a0Je n\u2019ai plus un sou de confiance en Paul B\u00e9renger. J\u2019avais d\u00e9j\u00e0 mis une croix sur B\u00e9renger et le MMM apr\u00e8s ce qu\u2019ils m\u2019ont fait depuis 2006\u2026\u00a0\u00bb   <!--more-->  <\/p>\n<p class=\"MsoNormal\" style=\"text-align: justify; margin: 0in 0in 0pt;\">\u00a0<\/p>\n<p> <\/span><\/span><\/span><strong><span style=\"font-family: Verdana; mso-bidi-font-family: Arial; mso-bidi-font-size: 14.0pt;\" lang=\"FR\"><span style=\"color: #000000;\"><span style=\"font-size: small;\">Pravind Jugnauth, leader du MSM et partenaire de l\u2019Alliance de l\u2019Avenir, est confiant de la victoire du 6 mai. Cette alliance bleu\/blanc\/rouge, dit-il, a coup\u00e9 bras et jambes aux adversaires et incendiaires communalistes. Le peuple est averti des magouilles et fait la diff\u00e9rence avec les bonnes intentions. L\u00e0 n\u2019est pas question d\u2019h\u00e9riter un fauteuil et courir apr\u00e8s les galons. La priorit\u00e9 des priorit\u00e9s est de r\u00e9concilier le social et l\u2019\u00e9conomie.<\/span><\/span><\/span><\/strong><strong><span style=\"font-family: Verdana; mso-bidi-font-family: Arial; mso-bidi-font-size: 14.0pt;\" lang=\"FR\"><span style=\"color: #000000;\"><span style=\"font-size: small;\">\u00a0<\/span><\/span><\/span><\/strong>\u00a0<\/p>\n<p class=\"MsoNormal\" style=\"text-align: justify; margin: 0in 0in 0pt;\"><span style=\"font-family: Verdana; mso-bidi-font-family: Arial; mso-bidi-font-size: 14.0pt;\" lang=\"FR\"><span style=\"color: #000000;\"><span style=\"font-size: small;\">\u00a0<\/span><\/span><\/span><\/p>\n<p class=\"MsoNormal\" style=\"text-align: justify; margin: 0in 0in 0pt;\"><strong><span style=\"font-family: Verdana; mso-bidi-font-family: Arial; mso-bidi-font-size: 14.0pt;\" lang=\"FR\"><span style=\"color: #000000;\"><span style=\"font-size: small;\">Mauritius Times\u00a0: Vous disiez, quelques semaines de cela, que le MSM \u00ab\u00a0akot gate\u00a0\u00bb de l\u2019H\u00f4tel du gouvernement, cela avant m\u00eame la conclusion de l\u2019Alliance de l\u2019Avenir et alors que le Premier ministre \u00e9tait en train du \u00ab\u00a0koz koz\u00e9\u00a0\u00bb avec Paul B\u00e9renger. Vous saviez d\u00e9j\u00e0 que Navin Ramgoolam allait opter pour le MSM\u00a0? Pourquoi\u00a0ces propos ?<\/span><\/span><\/span><\/strong><\/p>\n<p class=\"MsoNormal\" style=\"text-align: justify; margin: 0in 0in 0pt;\"><strong><span style=\"font-family: Verdana; mso-bidi-font-family: Arial; mso-bidi-font-size: 14.0pt;\" lang=\"FR\"><span style=\"color: #000000;\"><span style=\"font-size: small;\">\u00a0<\/span><\/span><\/span><\/strong><\/p>\n<p class=\"MsoNormal\" style=\"text-align: justify; margin: 0in 0in 0pt;\"><span style=\"color: #000000;\"><span style=\"font-size: small;\"><strong><span style=\"font-family: Verdana; mso-bidi-font-family: Arial; mso-bidi-font-size: 14.0pt;\" lang=\"FR\">Pravind Jugnauth<\/span><\/strong><span style=\"font-family: Verdana; mso-bidi-font-family: Arial; mso-bidi-font-size: 14.0pt;\" lang=\"FR\">\u00a0: Ceux qui suivent la politique de pr\u00e8s \u2013 je ne parle pas l\u00e0 de ceux qui portent des visi\u00e8res ou qui ont des agendas cach\u00e9s \u2013 savaient d\u00e9j\u00e0 que depuis l\u2019\u00e9lection partielle dans la circonscription No 8 les d\u00e9s \u00e9taient jet\u00e9s. J\u2019avais dit apr\u00e8s ma victoire que Quartier Militaire\/Moka avait trac\u00e9 le chemin de l\u2019avenir pour le pays. Les relations de confiance entre le Dr Navin Ramgoolam et moi-m\u00eame se sont raffermies bien avant l\u2019\u00e9lection partielle et se sont consolid\u00e9es par la suite. Il \u00e9tait clair que la configuration politique telle qu\u2019elle est actuellement avait \u00e9t\u00e9 dessin\u00e9e bien avant. Le Dr Navin Ramgoolam et moi-m\u00eame savions exactement dans quelle direction nous nous acheminions.<\/span><\/span><\/span><\/p>\n<p class=\"MsoNormal\" style=\"text-align: justify; margin: 0in 0in 0pt;\"><span style=\"font-family: Verdana; mso-bidi-font-family: Arial; mso-bidi-font-size: 14.0pt;\" lang=\"FR\"><span style=\"color: #000000;\"><span style=\"font-size: small;\">\u00a0<\/span><\/span><\/span><\/p>\n<p class=\"MsoNormal\" style=\"text-align: justify; margin: 0in 0in 0pt;\"><strong><span style=\"font-family: Verdana; mso-bidi-font-family: Arial; mso-bidi-font-size: 14.0pt;\" lang=\"FR\"><span style=\"color: #000000;\"><span style=\"font-size: small;\">* Quelle appr\u00e9ciation faites-vous du\u00a0\u00ab\u00a0response\u00a0\u00bb de l\u2019\u00e9lectorat du MSM et de celui du PTr devant\u00a0la concr\u00e9tisation de cette alliance\u00a0?<\/span><\/span><\/span><\/strong><\/p>\n<p class=\"MsoNormal\" style=\"text-align: justify; margin: 0in 0in 0pt;\"><span style=\"font-family: Verdana; mso-bidi-font-family: Arial; mso-bidi-font-size: 14.0pt;\" lang=\"FR\"><span style=\"color: #000000;\"><span style=\"font-size: small;\">\u00a0<\/span><\/span><\/span><\/p>\n<p class=\"MsoNormal\" style=\"text-align: justify; margin: 0in 0in 0pt;\"><span style=\"font-family: Verdana; mso-bidi-font-family: Arial; mso-bidi-font-size: 14.0pt;\" lang=\"FR\"><span style=\"color: #000000;\"><span style=\"font-size: small;\">La synergie d\u00e9j\u00e0 impressionnante entre l\u2019\u00e9lectorat du MSM et du PTr \u00e0 l\u2019occasion de la partielle de l\u2019ann\u00e9e derni\u00e8re s\u2019est d\u00e9velopp\u00e9e en une v\u00e9ritable symbiose en marge des \u00e9lections g\u00e9n\u00e9rales du 5 mai. Le \u2018response\u2019 est extraordinaire, voire fantastique pour plusieurs raisons\u00a0: l\u2019Alliance Ptr-PMSD-MSM est un souhait de la population. C\u2019est une alliance qui garantit la stabilit\u00e9, le d\u00e9veloppement, le progr\u00e8s et le bonheur pour tous. C\u2019est une alliance qui est bas\u00e9e sur la confiance, la sinc\u00e9rit\u00e9 et a \u00e9t\u00e9 concr\u00e9tis\u00e9e dans un esprit patriotique. C\u2019est une alliance qui rassemble la nation mauricienne et qui garantit l\u2019unit\u00e9 dans notre diversit\u00e9.<\/span><\/span><\/span><\/p>\n<p class=\"MsoNormal\" style=\"text-align: justify; margin: 0in 0in 0pt;\"><span style=\"font-family: Verdana; mso-bidi-font-family: Arial; mso-bidi-font-size: 14.0pt;\" lang=\"FR\"><span style=\"color: #000000;\"><span style=\"font-size: small;\">\u00a0<\/span><\/span><\/span><\/p>\n<p class=\"MsoNormal\" style=\"text-align: justify; margin: 0in 0in 0pt;\"><strong><span style=\"font-family: Verdana; mso-bidi-font-family: Arial; mso-bidi-font-size: 14.0pt;\" lang=\"FR\"><span style=\"color: #000000;\"><span style=\"font-size: small;\">* Estimez-vous que l\u2019annonce \u00e0 l\u2019effet que vous seriez \u00ab\u00a0l\u2019h\u00e9ritier politique\u00a0\u00bb de Navin Ramgoolam d\u00e9cha\u00eene l\u2019enthousiasme chez l\u2019\u00e9lectorat travailliste\u00a0?<\/span><\/span><\/span><\/strong><\/p>\n<p class=\"MsoNormal\" style=\"text-align: justify; margin: 0in 0in 0pt;\"><strong><span style=\"font-family: Verdana; mso-bidi-font-family: Arial; mso-bidi-font-size: 14.0pt;\" lang=\"FR\"><span style=\"color: #000000;\"><span style=\"font-size: small;\">\u00a0<\/span><\/span><\/span><\/strong><\/p>\n<p class=\"MsoNormal\" style=\"text-align: justify; margin: 0in 0in 0pt;\"><span style=\"font-family: Verdana; mso-bidi-font-family: Arial; mso-bidi-font-size: 14.0pt;\" lang=\"FR\"><span style=\"color: #000000;\"><span style=\"font-size: small;\">Pravind Jugnauth n\u2019est pas entr\u00e9 en politique pour vouloir s\u2019approprier des positions co\u00fbte que co\u00fbte. La question d\u2019\u2018h\u00e9ritier politique\u2019 de Navin Ramgoolam ne se pose pas. Je vous ai dit que l\u2019alliance que le MSM a contract\u00e9e avec le PTr va bien au-del\u00e0 de telle consid\u00e9ration. Le Dr Navin Ramgoolam est le leader incontest\u00e9 de l\u2019Alliance de l\u2019Avenir.<\/span><\/span><\/span><\/p>\n<p class=\"MsoNormal\" style=\"text-align: justify; margin: 0in 0in 0pt;\"><span style=\"font-family: Verdana; mso-bidi-font-family: Arial; mso-bidi-font-size: 14.0pt;\" lang=\"FR\"><span style=\"color: #000000;\"><span style=\"font-size: small;\">\u00a0<\/span><\/span><\/span><\/p>\n<p class=\"MsoNormal\" style=\"text-align: justify; margin: 0in 0in 0pt;\"><span style=\"font-family: Verdana; mso-bidi-font-family: Arial; mso-bidi-font-size: 14.0pt;\" lang=\"FR\"><span style=\"color: #000000;\"><span style=\"font-size: small;\">Ma mission en politique, c\u2019est servir mon peuple et mon pays. C\u2019est le peuple, c\u2019est le destin, ce sont mes r\u00e9alisations, ma capacit\u00e9 de r\u00e9pondre aux attentes et aspirations de la nation mauricienne qui d\u00e9termineront ce que je serai demain.<\/span><\/span><\/span><\/p>\n<p class=\"MsoNormal\" style=\"text-align: justify; margin: 0in 0in 0pt;\"><span style=\"font-family: Verdana; mso-bidi-font-family: Arial; mso-bidi-font-size: 14.0pt;\" lang=\"FR\"><span style=\"color: #000000;\"><span style=\"font-size: small;\">\u00a0<\/span><\/span><\/span><\/p>\n<p class=\"MsoNormal\" style=\"text-align: justify; margin: 0in 0in 0pt;\"><strong><span style=\"font-family: Verdana; mso-bidi-font-family: Arial; mso-bidi-font-size: 14.0pt;\" lang=\"FR\"><span style=\"color: #000000;\"><span style=\"font-size: small;\">* Etre d\u00e9sign\u00e9 d\u00e8s \u00e0 pr\u00e9sent \u00ab\u00a0l\u2019h\u00e9ritier politique\u00a0\u00bb de Navin Ramgoolam par nul autre que l\u2019un des v\u00f4tres, en l\u2019occurrence Showkatally Soodhun, consid\u00e9r\u00e9 comme le fid\u00e8le parmi les fid\u00e8les, n\u2019est-ce pas aller un peu vite en besogne, M Jugnauth\u00a0? <\/span><\/span><\/span><\/strong><\/p>\n<p class=\"MsoNormal\" style=\"text-align: justify; margin: 0in 0in 0pt;\"><span style=\"font-family: Verdana; mso-bidi-font-family: Arial; mso-bidi-font-size: 14.0pt;\" lang=\"FR\"><span style=\"color: #000000;\"><span style=\"font-size: small;\">\u00a0<\/span><\/span><\/span><\/p>\n<p class=\"MsoNormal\" style=\"text-align: justify; margin: 0in 0in 0pt;\"><span style=\"font-family: Verdana; mso-bidi-font-family: Arial; mso-bidi-font-size: 14.0pt;\" lang=\"FR\"><span style=\"color: #000000;\"><span style=\"font-size: small;\">Je veux \u00eatre tr\u00e8s clair l\u00e0-dessus. La question \u2018d\u2019h\u00e9ritier politique\u2019 de Navin Ramgoolam ne se pose pas. Nous sommes en campagne \u00e9lectorale et notre objectif commun est de gagner les \u00e9lections g\u00e9n\u00e9rales et mettre en place un gouvernement qui va travailler dans l\u2019int\u00e9r\u00eat du pays et de la population. Ce qui importe le plus pour moi c\u2019est le contrat de confiance que l\u2019Alliance de l\u2019Avenir signera avec le peuple pour b\u00e2tir une soci\u00e9t\u00e9 moderne, avant-gardiste, juste et o\u00f9 il y aura un partage \u00e9quitable de la richesse nationale. Plus important encore est le contrat de confiance entre le Dr Navin Ramgoolam et moi-m\u00eame. Nous regardons l\u2019avenir avec s\u00e9r\u00e9nit\u00e9. Nous r\u00e9fl\u00e9chissons d\u00e9j\u00e0 au-del\u00e0 des cinq ans \u00e0 venir. Et vous allez voir le miracle que l\u2019\u00e9quipe compos\u00e9e de Navin, Rashid, Xavier et Pravind r\u00e9alisera dans les ann\u00e9es \u00e0 venir.<\/span><\/span><\/span><\/p>\n<p class=\"MsoNormal\" style=\"text-align: justify; margin: 0in 0in 0pt;\"><span style=\"font-family: Verdana; mso-bidi-font-family: Arial; mso-bidi-font-size: 14.0pt;\" lang=\"FR\"><span style=\"color: #000000;\"><span style=\"font-size: small;\">\u00a0<\/span><\/span><\/span><\/p>\n<p class=\"MsoNormal\" style=\"text-align: justify; margin: 0in 0in 0pt;\"><strong><span style=\"font-family: Verdana; mso-bidi-font-family: Arial; mso-bidi-font-size: 14.0pt;\" lang=\"FR\"><span style=\"color: #000000;\"><span style=\"font-size: small;\">* Cela vous embarrasse-t-il, ou dites-vous que devenir l\u2019h\u00e9ritier politique de Navin Ramgoolam constitue pour vous une aspiration l\u00e9gitime\u00a0?<\/span><\/span><\/span><\/strong><\/p>\n<p class=\"MsoNormal\" style=\"text-align: justify; margin: 0in 0in 0pt;\"><strong><span style=\"font-family: Verdana; mso-bidi-font-family: Arial; mso-bidi-font-size: 14.0pt;\" lang=\"FR\"><span style=\"color: #000000;\"><span style=\"font-size: small;\">\u00a0<\/span><\/span><\/span><\/strong><\/p>\n<p class=\"MsoNormal\" style=\"text-align: justify; margin: 0in 0in 0pt;\"><span style=\"font-family: Verdana; mso-bidi-font-family: Arial; mso-bidi-font-size: 14.0pt;\" lang=\"FR\"><span style=\"color: #000000;\"><span style=\"font-size: small;\">Je crois que j\u2019ai r\u00e9pondu clairement que ce n\u2019est pas ma priorit\u00e9. Je laisse cela entre les mains du destin et du peuple.<strong>\u00a0<\/strong><\/span><\/span><\/span><\/p>\n<p class=\"MsoNormal\" style=\"text-align: justify; margin: 0in 0in 0pt;\"><span style=\"font-family: Verdana; mso-bidi-font-family: Arial; mso-bidi-font-size: 14.0pt;\" lang=\"FR\"><span style=\"color: #000000;\"><span style=\"font-size: small;\">\u00a0<\/span><\/span><\/span><\/p>\n<p class=\"MsoNormal\" style=\"text-align: justify; margin: 0in 0in 0pt;\"><strong><span style=\"font-family: Verdana; mso-bidi-font-family: Arial; mso-bidi-font-size: 14.0pt;\" lang=\"FR\"><span style=\"color: #000000;\"><span style=\"font-size: small;\">* Beaucoup dont Rama Sithanen, Jean Claude de l\u2019Estrac, Paul B\u00e9renger, etc., ont d\u00e9clar\u00e9 ne pas comprendre la \u00ab\u00a0g\u00e9n\u00e9rosit\u00e9\u00a0\u00bb de Navin Ramgoolam vis-\u00e0-vis du MSM par rapport aux 18 tickets pour un parti qui, selon eux, repr\u00e9senterait 4% en termes de poids \u00e9lectoral. Faut-il voir un acte de g\u00e9n\u00e9rosit\u00e9 de la part de Navin Ramgoolam dans tout cela\u00a0?<\/span><\/span><\/span><\/strong><\/p>\n<p class=\"MsoNormal\" style=\"text-align: justify; margin: 0in 0in 0pt;\"><span style=\"font-family: Verdana; mso-bidi-font-family: Arial; mso-bidi-font-size: 14.0pt;\" lang=\"FR\"><span style=\"color: #000000;\"><span style=\"font-size: small;\">\u00a0<\/span><\/span><\/span><\/p>\n<p class=\"MsoNormal\" style=\"text-align: justify; margin: 0in 0in 0pt;\"><span style=\"font-family: Verdana; mso-bidi-font-family: Arial; mso-bidi-font-size: 14.0pt;\" lang=\"FR\"><span style=\"color: #000000;\"><span style=\"font-size: small;\">Le Dr Navin Ramgoolam a compris les v\u00e9ritables enjeux de cette joute \u00e9lectorale. Il a compris o\u00f9 se trouvent la sinc\u00e9rit\u00e9 et la volont\u00e9 pour travailler corps et \u00e2me dans l\u2019int\u00e9r\u00eat de ce pays. Il a accord\u00e9 le respect et la consid\u00e9ration que le MSM m\u00e9rite. Ceux qui disent ne pas comprendre ce qui s\u2019est pass\u00e9 ne comprendront jamais que c\u2019est le v\u0153u du peuple qui compte beaucoup en politique. Ceux qui ont voulu \u00e0 tout prix marginaliser le MSM se sont tromp\u00e9s grossi\u00e8rement. En fait, ils ont cru dans leur magouille, leur complot, leur agenda machiav\u00e9lique pour asseoir \u00e0 tout prix le diktat du tout-puissant gros capital. Le Dr Navin Ramgoolam a compris ce vilain jeu, ce jeu infect pratiqu\u00e9 dans le dos de la population. Dans le bon cr\u00e9ole, je dirai\u00a0: \u00ab\u00a0zotte finne d\u00e9couillonn\u00e9\u00a0\u00bb.<\/span><\/span><\/span><\/p>\n<p class=\"MsoNormal\" style=\"text-align: justify; margin: 0in 0in 0pt;\"><span style=\"font-family: Verdana; mso-bidi-font-family: Arial; mso-bidi-font-size: 14.0pt;\" lang=\"FR\"><span style=\"color: #000000;\"><span style=\"font-size: small;\">\u00a0<\/span><\/span><\/span><\/p>\n<p class=\"MsoNormal\" style=\"text-align: justify; margin: 0in 0in 0pt;\"><strong><span style=\"font-family: Verdana; color: black; mso-bidi-font-family: Arial; mso-bidi-font-size: 14.0pt;\" lang=\"FR\"><span style=\"font-size: small;\">* Il semblerait que le MMM s\u2019\u00e9tait montr\u00e9 particuli\u00e8rement g\u00e9n\u00e9reux vis-\u00e0-vis du MSM (avec son offre de 30 tickets et le partage du \u2018prime ministership\u2019) apr\u00e8s que les n\u00e9gociations PTr-MMM eurent \u00e9chou\u00e9. Pourquoi malgr\u00e9 tout avez-vous tourn\u00e9 le dos \u00e0 B\u00e9renger\u00a0?<\/span><\/span><\/strong><\/p>\n<p class=\"MsoNormal\" style=\"text-align: justify; margin: 0in 0in 0pt;\"><span style=\"font-family: Verdana; mso-bidi-font-family: Arial; mso-bidi-font-size: 14.0pt;\" lang=\"FR\"><span style=\"color: #000000;\"><span style=\"font-size: small;\">\u00a0<\/span><\/span><\/span><\/p>\n<p class=\"MsoNormal\" style=\"text-align: justify; margin: 0in 0in 0pt;\"><span style=\"font-family: Verdana; mso-bidi-font-family: Arial; mso-bidi-font-size: 14.0pt;\" lang=\"FR\"><span style=\"color: #000000;\"><span style=\"font-size: small;\">B\u00e9renger m\u2019avait effectivement propos\u00e9 30 tickets et le poste de Premier ministre, il y a quelque temps de cela quand il a eu le sentiment d\u2019\u00eatre d\u00e9j\u00e0 dans \u2018carro canne\u2019. J\u2019ai refus\u00e9 cat\u00e9goriquement ses avances ind\u00e9centes, parce que je n\u2019ai plus un sou de confiance en Paul B\u00e9renger. J\u2019avais d\u00e9j\u00e0 mis une croix sur B\u00e9renger et le MMM apr\u00e8s ce qu\u2019ils m\u2019ont fait depuis 2006.<\/span><\/span><\/span><\/p>\n<p class=\"MsoNormal\" style=\"text-align: justify; margin: 0in 0in 0pt;\"><span style=\"font-family: Verdana; mso-bidi-font-family: Arial; mso-bidi-font-size: 14.0pt;\" lang=\"FR\"><span style=\"color: #000000;\"><span style=\"font-size: small;\">\u00a0<\/span><\/span><\/span><\/p>\n<p class=\"MsoNormal\" style=\"text-align: justify; margin: 0in 0in 0pt;\"><strong><span style=\"font-family: Verdana; mso-bidi-font-family: Arial; mso-bidi-font-size: 14.0pt;\" lang=\"FR\"><span style=\"color: #000000;\"><span style=\"font-size: small;\">* Harish Boodhoo a ajout\u00e9 son grain de sel dans le d\u00e9bat en affirmant que le MSM d\u00e9tiendrait des informations qui expliquerait la \u00ab\u00a0g\u00e9n\u00e9rosit\u00e9\u00a0\u00bb du PM vis-\u00e0-vis du MSM. Que r\u00e9pondriez-vous \u00e0 Boodhoo\u00a0?<\/span><\/span><\/span><\/strong><\/p>\n<p class=\"MsoNormal\" style=\"text-align: justify; margin: 0in 0in 0pt;\"><span style=\"font-family: Verdana; mso-bidi-font-family: Arial; mso-bidi-font-size: 14.0pt;\" lang=\"FR\"><span style=\"color: #000000;\"><span style=\"font-size: small;\">\u00a0<\/span><\/span><\/span><\/p>\n<p class=\"MsoNormal\" style=\"text-align: justify; margin: 0in 0in 0pt;\"><span style=\"font-family: Verdana; mso-bidi-font-family: Arial; mso-bidi-font-size: 14.0pt;\" lang=\"FR\"><span style=\"color: #000000;\"><span style=\"font-size: small;\">Quelle est la cr\u00e9dibilit\u00e9 de Boodhoo sur la sc\u00e8ne politique\u00a0? A-t-on oubli\u00e9 les frasques de ce soi-disant \u2018Mahatma\u2019\u00a0? Je le mets au d\u00e9fi de r\u00e9v\u00e9ler les informations qu\u2019il pr\u00e9tend d\u00e9tenir. Pour terminer avec lui, je dirai qu\u2019il irait \u00e0 l\u2019abattoir politique en compagnie de B\u00e9renger, Pac Pac, Razoir et autres Pagla Mamou le 6 mai prochain.<\/span><\/span><\/span><\/p>\n<p class=\"MsoNormal\" style=\"text-align: justify; margin: 0in 0in 0pt;\"><span style=\"font-family: Verdana; mso-bidi-font-family: Arial; mso-bidi-font-size: 14.0pt;\" lang=\"FR\"><span style=\"color: #000000;\"><span style=\"font-size: small;\">\u00a0<\/span><\/span><\/span><\/p>\n<p class=\"MsoNormal\" style=\"text-align: justify; margin: 0in 0in 0pt;\"><strong><span style=\"font-family: Verdana; mso-bidi-font-family: Arial; mso-bidi-font-size: 14.0pt;\" lang=\"FR\"><span style=\"font-size: small;\"><span style=\"color: #000000;\">* M. Boodhoo a aussi parl\u00e9 de la perception, selon lui, que l\u2019alliance entre le PTr et le MSM est conclue pour privil\u00e9gier les Vaishs aux d\u00e9pens des autres cat\u00e9gories hindoues et des minorit\u00e9s. D\u2019autres <span style=\"color: black;\">focalisent leurs attaques, ces derniers jours, sur \u00ab\u00a0l\u2019alliance des fils \u00e0 papa\u00a0\u00bb voire d\u2019alliance entre deux familles.<\/span> Comment r\u00e9agissez-vous \u00e0 cela\u00a0?<\/span><\/span><\/span><\/strong><\/p>\n<p class=\"MsoNormal\" style=\"text-align: justify; margin: 0in 0in 0pt;\"><span style=\"font-family: Verdana; mso-bidi-font-family: Arial; mso-bidi-font-size: 14.0pt;\" lang=\"FR\"><span style=\"font-size: small;\"><span style=\"color: #000000;\">\u00a0<\/span><\/span><\/span><\/p>\n<p class=\"MsoNormal\" style=\"text-align: justify; margin: 0in 0in 0pt;\"><span style=\"font-family: Verdana; mso-bidi-font-family: Arial; mso-bidi-font-size: 14.0pt;\" lang=\"FR\"><span style=\"font-size: small;\"><span style=\"color: #000000;\">Laissez-moi vous r\u00e9v\u00e9ler que c\u2019est ce m\u00eame Boodhoo qui \u00e9tait venu voir Sir Anerood Jugnauth en 2003 alors que ce dernier \u00e9tait Premier ministre pour lui dire d\u2019emp\u00eacher \u00e0 tout prix Paul B\u00e9renger de devenir Premier ministre. Alors, qu\u2019il cesse son vilain jeu\u00a0! Son hypocrisie a trop longtemps dur\u00e9. En 1982, quand il avait contract\u00e9 une alliance avec le MMM qui avait comme leader et Premier ministre Sir Anerood Jugnauth, pourquoi n\u2019avait-il pas dit que les \u2018Vaishs\u2019 \u00e9taient privil\u00e9gi\u00e9s\u00a0? L\u2019Homme de Belle Terre est d\u00e9pass\u00e9\u00a0; ses m\u00e9thodes sont r\u00e9volues\u00a0; ses affirmations sont r\u00e9pugnantes. Le peuple a mis une croix sur Boodhoo. Qu\u2019il le sache\u00a0!<\/span><\/span><\/span><\/p>\n<p class=\"MsoNormal\" style=\"text-align: justify; margin: 0in 0in 0pt;\"><span style=\"font-family: Verdana; mso-bidi-font-family: Arial; mso-bidi-font-size: 14.0pt;\" lang=\"FR\"><span style=\"font-size: small;\"><span style=\"color: #000000;\">\u00a0<\/span><\/span><\/span><\/p>\n<p class=\"MsoNormal\" style=\"text-align: justify; margin: 0in 0in 0pt;\"><span style=\"font-family: Verdana; mso-bidi-font-family: Arial; mso-bidi-font-size: 14.0pt;\" lang=\"FR\"><span style=\"font-size: small;\"><span style=\"color: #000000;\">L\u2019Alliance de l\u2019Avenir fait la part belle \u00e0 toutes les communaut\u00e9s. Voyez la liste de nos candidats\u00a0; c\u2019est une liste arc-en-ciel. Nous incarnons l\u2019unit\u00e9 nationale alors que nos adversaires ont pour seule arme la division. B\u00e9renger, Boodhoo, Pac Pac et consorts sont des dinosaures politiques appel\u00e9s \u00e0 dispara\u00eetre pour de bon. <\/span><\/span><\/span><\/p>\n<p class=\"MsoNormal\" style=\"text-align: justify; margin: 0in 0in 0pt;\"><span style=\"font-family: Verdana; mso-bidi-font-family: Arial; mso-bidi-font-size: 14.0pt;\" lang=\"FR\"><span style=\"font-size: small;\"><span style=\"color: #000000;\">\u00a0<\/span><\/span><\/span><\/p>\n<p class=\"MsoNormal\" style=\"text-align: justify; margin: 0in 0in 0pt;\"><span style=\"font-family: Verdana; mso-bidi-font-family: Arial; mso-bidi-font-size: 14.0pt;\" lang=\"FR\"><span style=\"font-size: small;\"><span style=\"color: #000000;\">Quant \u00e0 ceux qui parlent d\u2019alliance entre deux familles, puis-je leur demander pourquoi ils n\u2019avaient pas tenu ce m\u00eame langage quand B\u00e9renger avait contract\u00e9 une alliance avec Sir Anerood Jugnauth ou avec le Dr Navin Ramgoolam\u00a0? N\u2019y avait-il pas deux familles concern\u00e9es \u00e0 ce moment-l\u00e0\u00a0? Il est clair que ces personnes jouent intens\u00e9ment sur le clavier communal. Mais ce langage ne passe plus\u00a0; parce que l\u2019Alliance Bleu-Blanc-Rouge rassemble toute l\u2019\u00eele Maurice et se dirige vers une tr\u00e8s grande victoire.<\/span><\/span><\/span><\/p>\n<p class=\"MsoNormal\" style=\"text-align: justify; margin: 0in 0in 0pt;\"><span style=\"font-family: Verdana; mso-bidi-font-family: Arial; mso-bidi-font-size: 14.0pt;\" lang=\"FR\"><span style=\"font-size: small;\"><span style=\"color: #000000;\">\u00a0<\/span><\/span><\/span><\/p>\n<p class=\"MsoNormal\" style=\"text-align: justify; margin: 0in 0in 0pt;\"><strong><span style=\"font-family: Verdana; mso-bidi-font-family: Arial; mso-bidi-font-size: 14.0pt;\" lang=\"FR\"><span style=\"font-size: small;\"><span style=\"color: #000000;\">* Vous savez que politiques et journalistes ont effectivement fait ces derniers temps le compte des ann\u00e9es o\u00f9 le pouvoir politique a \u00e9t\u00e9 domin\u00e9 par deux familles. Si je ne me trompe pas, \u00e7a fait 40 sur 42 ann\u00e9es post-ind\u00e9pendance. Pas mal en termes de \u00ab\u00a0track record\u00a0\u00bb, n\u2019est-ce pas\u00a0?<\/span><\/span><\/span><\/strong><\/p>\n<p class=\"MsoNormal\" style=\"text-align: justify; margin: 0in 0in 0pt;\"><span style=\"font-family: Verdana; mso-bidi-font-family: Arial; mso-bidi-font-size: 14.0pt;\" lang=\"FR\"><span style=\"font-size: small;\"><span style=\"color: #000000;\">\u00a0<\/span><\/span><\/span><\/p>\n<p class=\"MsoNormal\" style=\"text-align: justify; margin: 0in 0in 0pt;\"><span style=\"font-family: Verdana; mso-bidi-font-family: Arial; mso-bidi-font-size: 14.0pt;\" lang=\"FR\"><span style=\"font-size: small;\"><span style=\"color: #000000;\">Nous vivons dans un pays d\u00e9mocratique. C\u2019est le peuple, par la voie du scrutin, qui choisit les hommes et les femmes qui dirigeront le pays au sein d\u2019un gouvernement. Si le peuple a fait le choix qu\u2019il juge appropri\u00e9 pour le pays, qui sommes-nous pour contester cette d\u00e9cision\u00a0? Ceux qui font le d\u00e9compte aujourd\u2019hui sont ceux-l\u00e0 m\u00eames qui roulent pour le gros capital. Je laisse le soin au peuple de porter un jugement sur leur vraie motivation.<\/span><\/span><\/span><\/p>\n<p class=\"MsoNormal\" style=\"text-align: justify; margin: 0in 0in 0pt;\"><span style=\"font-family: Verdana; mso-bidi-font-family: Arial; mso-bidi-font-size: 14.0pt;\" lang=\"FR\"><span style=\"font-size: small;\"><span style=\"color: #000000;\">\u00a0<\/span><\/span><\/span><\/p>\n<p class=\"MsoNormal\" style=\"text-align: justify; margin: 0in 0in 0pt;\"><strong><span style=\"font-family: Verdana; mso-bidi-font-family: Arial; mso-bidi-font-size: 14.0pt;\" lang=\"FR\"><span style=\"font-size: small;\"><span style=\"color: #000000;\">* Par ailleurs, Rama Sithanen soutient avoir eu la certitude, \u00e0 partir des ses rencontres avec Navin Ramgoolam ces derniers jours, que ce serait le MSM qui aurait ourdi un complot pour le liquider politiquement. Faut-il voir ailleurs, M Jugnauth\u00a0?<\/span><\/span><\/span><\/strong><\/p>\n<p class=\"MsoNormal\" style=\"text-align: justify; margin: 0in 0in 0pt;\"><span style=\"font-family: Verdana; mso-bidi-font-family: Arial; mso-bidi-font-size: 14.0pt;\" lang=\"FR\"><span style=\"font-size: small;\"><span style=\"color: #000000;\">\u00a0<\/span><\/span><\/span><\/p>\n<p class=\"MsoNormal\" style=\"text-align: justify; margin: 0in 0in 0pt;\"><span style=\"font-family: Verdana; mso-bidi-font-family: Arial; mso-bidi-font-size: 14.0pt;\" lang=\"FR\"><span style=\"font-size: small;\"><span style=\"color: #000000;\">Ce n\u2019est pas dans la culture du MSM d\u2019ourdir de complot contre qui ce soit. Le Dr Navin Ramgoolam a dit hier \u00e0 Vacoas que \u00ab\u00a0d\u00e9fenseur secteur priv\u00e9 ki ti p\u00e9 mette b\u00e2ton dans la roue\u00a0\u00bb en ce qui concerne la d\u00e9mocratisation de l\u2019\u00e9conomie et ne fait plus partie de son \u00e9quipe. Il a ajout\u00e9 qu\u2019il veut acc\u00e9l\u00e9rer le processus de d\u00e9mocratisation de l\u2019\u00e9conomie et qu\u2019il sait qu\u2019avec le tandem Navin-Pravind ce r\u00eave sera r\u00e9alis\u00e9 dans l\u2019int\u00e9r\u00eat de la nation mauricienne.<\/span><\/span><\/span><\/p>\n<p class=\"MsoNormal\" style=\"text-align: justify; margin: 0in 0in 0pt;\"><span style=\"font-family: Verdana; mso-bidi-font-family: Arial; mso-bidi-font-size: 14.0pt;\" lang=\"FR\"><span style=\"font-size: small;\"><span style=\"color: #000000;\">\u00a0<\/span><\/span><\/span><\/p>\n<p class=\"MsoNormal\" style=\"text-align: justify; margin: 0in 0in 0pt;\"><strong><span style=\"font-family: Verdana; mso-bidi-font-family: Arial; mso-bidi-font-size: 14.0pt;\" lang=\"FR\"><span style=\"font-size: small;\"><span style=\"color: #000000;\">* Complot ou pas, dites-nous M Jugnauth, est-ce que la pr\u00e9sence de Rama Sithanen aurait constitu\u00e9 un obstacle \u00e0 la coh\u00e9sion gouvernementale d\u2019un \u00e9ventuel gouvernement de l\u2019Alliance de l\u2019Avenir\u00a0?<\/span><\/span><\/span><\/strong><\/p>\n<p class=\"MsoNormal\" style=\"text-align: justify; margin: 0in 0in 0pt;\"><span style=\"font-family: Verdana; mso-bidi-font-family: Arial; mso-bidi-font-size: 14.0pt;\" lang=\"FR\"><span style=\"font-size: small;\"><span style=\"color: #000000;\">\u00a0<\/span><\/span><\/span><\/p>\n<p class=\"MsoNormal\" style=\"text-align: justify; margin: 0in 0in 0pt;\"><span style=\"font-family: Verdana; mso-bidi-font-family: Arial; mso-bidi-font-size: 14.0pt;\" lang=\"FR\"><span style=\"font-size: small;\"><span style=\"color: #000000;\">Je vous renvoie \u00e0 la d\u00e9claration du Premier ministre et leader incontest\u00e9 de l\u2019Alliance de l\u2019Avenir, qui a si bien r\u00e9pondu \u00e0 cette question hier lors du meeting Bleu-Blanc-Rouge \u00e0 Vacoas.<\/span><\/span><\/span><\/p>\n<p class=\"MsoNormal\" style=\"text-align: justify; margin: 0in 0in 0pt;\"><span style=\"font-family: Verdana; mso-bidi-font-family: Arial; mso-bidi-font-size: 14.0pt;\" lang=\"FR\"><span style=\"font-size: small;\"><span style=\"color: #000000;\">\u00a0<\/span><\/span><\/span><\/p>\n<p class=\"MsoNormal\" style=\"text-align: justify; margin: 0in 0in 0pt;\"><span style=\"font-family: Verdana; mso-bidi-font-family: Arial; mso-bidi-font-size: 14.0pt;\" lang=\"FR\"><span style=\"font-size: small;\"><span style=\"color: #000000;\">\u00a0<\/span><\/span><\/span><\/p>\n<p class=\"MsoNormal\" style=\"text-align: justify; margin: 0in 0in 0pt;\"><span style=\"font-size: small;\"><span style=\"color: #000000;\"><strong><em><span style=\"font-family: Verdana; mso-bidi-font-family: Arial; mso-bidi-font-size: 14.0pt;\" lang=\"FR\">* At the end of the day<\/span><\/em><\/strong><strong><span style=\"font-family: Verdana; mso-bidi-font-family: Arial; mso-bidi-font-size: 14.0pt;\" lang=\"FR\">, qu\u2019est-ce qui, \u00e0 votre avis, expliquerait cette hostilit\u00e9 venant des Boodhoo, Gr\u00e9goire, Sithanen, etc., vis-\u00e0-vis de l\u2019Alliance de l\u2019Avenir et en particulier vis-\u00e0-vis du rapprochement PTr-MSM\u00a0?<\/span><\/strong><\/span><\/span><\/p>\n<p class=\"MsoNormal\" style=\"text-align: justify; margin: 0in 0in 0pt;\"><strong><span style=\"font-family: Verdana; mso-bidi-font-family: Arial; mso-bidi-font-size: 14.0pt;\" lang=\"FR\"><span style=\"font-size: small;\"><span style=\"color: #000000;\">\u00a0<\/span><\/span><\/span><\/strong><\/p>\n<p class=\"MsoNormal\" style=\"text-align: justify; margin: 0in 0in 0pt;\"><span style=\"font-family: Verdana; mso-bidi-font-family: Arial; mso-bidi-font-size: 14.0pt;\" lang=\"FR\"><span style=\"font-size: small;\"><span style=\"color: #000000;\">Chacune des personnes que vous avez mentionn\u00e9es a son agenda personnel. Le Dr Ramgoolam a d\u00e9voil\u00e9 une partie du voile sur l\u2019agenda du fameux d\u00e9fendeur du gros capital. Je ne m\u2019attarderai pas sur lui.<\/span><\/span><\/span><\/p>\n<p class=\"MsoNormal\" style=\"text-align: justify; margin: 0in 0in 0pt;\"><span style=\"font-family: Verdana; mso-bidi-font-family: Arial; mso-bidi-font-size: 14.0pt;\" lang=\"FR\"><span style=\"font-size: small;\"><span style=\"color: #000000;\">\u00a0<\/span><\/span><\/span><\/p>\n<p class=\"MsoNormal\" style=\"text-align: justify; margin: 0in 0in 0pt;\"><span style=\"font-family: Verdana; mso-bidi-font-family: Arial; mso-bidi-font-size: 14.0pt;\" lang=\"FR\"><span style=\"font-size: small;\"><span style=\"color: #000000;\">Boodhoo est un \u00e9ternel magouilleur qui sait qu\u2019une victoire de l\u2019Alliance de l\u2019Avenir signifierait la fin de sa carri\u00e8re politique.<\/span><\/span><\/span><\/p>\n<p class=\"MsoNormal\" style=\"text-align: justify; margin: 0in 0in 0pt;\"><span style=\"font-family: Verdana; mso-bidi-font-family: Arial; mso-bidi-font-size: 14.0pt;\" lang=\"FR\"><span style=\"font-size: small;\"><span style=\"color: #000000;\">\u00a0<\/span><\/span><\/span><\/p>\n<p class=\"MsoNormal\" style=\"text-align: justify; margin: 0in 0in 0pt;\"><span style=\"font-family: Verdana; mso-bidi-font-family: Arial; mso-bidi-font-size: 14.0pt;\" lang=\"FR\"><span style=\"font-size: small;\"><span style=\"color: #000000;\">Quant au P\u00e8re Gr\u00e9goire, je ne comprends pas comment le pr\u00eatre, qu\u2019il est, puisse tenir un langage qui ne lui fait pas honneur. Je l\u2019ai rencontr\u00e9 r\u00e9cemment et nous avons parl\u00e9 dans une atmosph\u00e8re d\u00e9tendue et empreinte de s\u00e9r\u00e9nit\u00e9. Je lui ait dit que notre porte est ouverte \u00e0 toutes les communaut\u00e9s\u00a0; que nous avons une consid\u00e9ration \u00e9gale pour chaque communaut\u00e9. Au sein de l\u2019Alliance de l\u2019Avenir, nous avons align\u00e9 14 candidats issus de la population g\u00e9n\u00e9rale. L\u2019Alliance du C\u0153ur en a align\u00e9 le m\u00eame nombre si on compte B\u00e9renger et Guimbeau. Alors, je ne vois pas pourquoi le P\u00e8re Gr\u00e9goire s\u2019acharne contre nous et encense nos adversaires.<\/span><\/span><\/span><\/p>\n<p class=\"MsoNormal\" style=\"text-align: justify; margin: 0in 0in 0pt;\"><span style=\"font-family: Verdana; mso-bidi-font-family: Arial; mso-bidi-font-size: 14.0pt;\" lang=\"FR\"><span style=\"font-size: small;\"><span style=\"color: #000000;\">\u00a0<\/span><\/span><\/span><\/p>\n<p class=\"MsoNormal\" style=\"text-align: justify; margin: 0in 0in 0pt;\"><span style=\"font-family: Verdana; mso-bidi-font-family: Arial; mso-bidi-font-size: 14.0pt;\" lang=\"FR\"><span style=\"font-size: small;\"><span style=\"color: #000000;\">Je fais un appel \u00e0 la population g\u00e9n\u00e9rale pour qu\u2019elle fasse preuve de discernement, de rationalit\u00e9 et de sagesse. Sortez du ghetto dans lequel B\u00e9renger vous isole. Faites \u00e9lire les candidats de l\u2019Alliance de l\u2019Avenir, y compris bien s\u00fbr, les candidats issus de la population g\u00e9n\u00e9rale et ensemble dans l\u2019unit\u00e9, construisons l\u2019avenir pour que nous puissions ensemble partager \u00e9quitablement le g\u00e2teau national. Ne restez pas en dehors du train de la victoire. Je sais que beaucoup de nos compatriotes cr\u00e9oles ont trouv\u00e9 qu\u2019il n\u2019y a pas d\u2019avenir avec B\u00e9renger. Nous les accueillons \u00e0 bras ouverts comme nous accueillerons ceux qui viendront d\u2019ici la fin de la campagne \u00e9lectorale. Laissez B\u00e9renger seul dans son ghetto. Dites lui\u00a0: \u00ab\u00a0to finne assez couillonne nou\u00a0\u00bb.<\/span><\/span><\/span><\/p>\n<p class=\"MsoNormal\" style=\"text-align: justify; margin: 0in 0in 0pt;\"><span style=\"font-family: Verdana; mso-bidi-font-family: Arial; mso-bidi-font-size: 14.0pt;\" lang=\"FR\"><span style=\"font-size: small;\"><span style=\"color: #000000;\">\u00a0<\/span><\/span><\/span><\/p>\n<p class=\"MsoNormal\" style=\"text-align: justify; margin: 0in 0in 0pt;\"><span style=\"font-family: Verdana; mso-bidi-font-family: Arial; mso-bidi-font-size: 14.0pt;\" lang=\"FR\"><span style=\"font-size: small;\"><span style=\"color: #000000;\">Je voudrai attirer l\u2019attention de vos lecteurs sur les r\u00e9primandes d\u2019Amnesty International \u00e0 l\u2019\u00e9gard de Paul B\u00e9renger pour ses propos d\u2019ordre communal. Cette organisation a condamn\u00e9 fermement les propos de B\u00e9renger, qualifi\u00e9s \u00ab\u00a0de nature \u00e0 attiser la haine raciale et religieuse\u00a0\u00bb. La population devrait en tenir compte et se rappeler sans cesse du pyromane qu\u2019est B\u00e9renger.<\/span><\/span><\/span><\/p>\n<p class=\"MsoNormal\" style=\"text-align: justify; margin: 0in 0in 0pt;\"><span style=\"font-family: Verdana; mso-bidi-font-family: Arial; mso-bidi-font-size: 14.0pt;\" lang=\"FR\"><span style=\"font-size: small;\"><span style=\"color: #000000;\">\u00a0<\/span><\/span><\/span><\/p>\n<p class=\"MsoNormal\" style=\"text-align: justify; margin: 0in 0in 0pt;\"><span style=\"font-size: small;\"><span style=\"color: #000000;\"><strong><em><span style=\"font-family: Verdana; mso-bidi-font-family: Arial; mso-bidi-font-size: 14.0pt;\" lang=\"FR\">* <\/span><\/em><\/strong><strong><span style=\"font-family: Verdana; mso-bidi-font-family: Arial; mso-bidi-font-size: 14.0pt;\" lang=\"FR\">Vous aviez \u00e0 partir des bancs de l\u2019opposition s\u00e9v\u00e8rement critiqu\u00e9, chiffres \u00e0 l\u2019appui, les \u00ab\u00a0largesses\u00a0\u00bb de Rama Sithanen en faveur du secteur priv\u00e9 traditionnel. Pensez-vous que le prochain gouvernement se doit de r\u00e9tablir un certain \u00e9quilibre\u00a0? Quelles sont les mesures qui devront \u00eatre prises dans cette optique\u00a0? <\/span><\/strong><\/span><\/span><\/p>\n<p class=\"MsoNormal\" style=\"text-align: justify; margin: 0in 0in 0pt;\"><strong><span style=\"font-family: Verdana; mso-bidi-font-family: Arial; mso-bidi-font-size: 14.0pt;\" lang=\"FR\"><span style=\"font-size: small;\"><span style=\"color: #000000;\">\u00a0<\/span><\/span><\/span><\/strong><\/p>\n<p class=\"MsoNormal\" style=\"text-align: justify; margin: 0in 0in 0pt;\"><span style=\"font-family: Verdana; mso-bidi-font-family: Arial; mso-bidi-font-size: 14.0pt;\" lang=\"FR\"><span style=\"font-size: small;\"><span style=\"color: #000000;\">Je vous ai dit que le Premier ministre et leader de l\u2019Alliance de l\u2019Avenir a d\u00e9clar\u00e9 hier que \u00ab\u00a0d\u00e9fenseur\u00a0\u00bb gros capital ne fait plus partie de son \u00e9quipe. C\u2019est une d\u00e9claration tr\u00e8s importante qu\u2019il faut retenir.<\/span><\/span><\/span><\/p>\n<p class=\"MsoNormal\" style=\"text-align: justify; margin: 0in 0in 0pt;\"><span style=\"font-family: Verdana; mso-bidi-font-family: Arial; mso-bidi-font-size: 14.0pt;\" lang=\"FR\"><span style=\"font-size: small;\"><span style=\"color: #000000;\">\u00a0<\/span><\/span><\/span><\/p>\n<p class=\"MsoNormal\" style=\"text-align: justify; margin: 0in 0in 0pt;\"><span style=\"font-family: Verdana; mso-bidi-font-family: Arial; mso-bidi-font-size: 14.0pt;\" lang=\"FR\"><span style=\"font-size: small;\"><span style=\"color: #000000;\">Cela \u00e9tant dit, il n\u2019y aucun doute qu\u2019il faudra r\u00e9tablir l\u2019\u00e9quilibre entre l\u2019\u00e9conomie et le social. Il n\u2019est pas possible qu\u2019un ministre des Finances coure au secours du gros capital au moindre fr\u00e9missement du c\u00f4t\u00e9 du JEC et de la Plantation House, alors qu\u2019en m\u00eame temps, il ignore le cri de d\u00e9tresse de la population. On ne peut pas regarder juste dans la direction du gros capital. Il faut faire la part des choses. Il faut une politique \u00e9conomique qui marie l\u2019\u00e9conomie et le social. Il faut une politique \u00e9conomique dans l\u2019int\u00e9r\u00eat de toute l\u2019\u00eele Maurice\u00a0; encourageante, rassurante et incitative en m\u00eame temps pour le secteur priv\u00e9 et pour la population.<\/span><\/span><\/span><\/p>\n<p class=\"MsoNormal\" style=\"text-align: justify; margin: 0in 0in 0pt;\"><span style=\"font-family: Verdana; mso-bidi-font-family: Arial; mso-bidi-font-size: 14.0pt;\" lang=\"FR\"><span style=\"font-size: small;\"><span style=\"color: #000000;\">\u00a0<\/span><\/span><\/span><\/p>\n<p class=\"MsoNormal\" style=\"text-align: justify; margin: 0in 0in 0pt;\"><span style=\"font-family: Verdana; mso-bidi-font-family: Arial; mso-bidi-font-size: 14.0pt;\" lang=\"FR\"><span style=\"font-size: small;\"><span style=\"color: #000000;\">Je ne peux \u00e0 ce stade vous divulguer le contenu de notre programme. Mais d\u00e9j\u00e0, nous nous sommes tomb\u00e9s d\u2019accord pour abolir la \u2018National Residential Property Tax\u2019 qui se serait autrement coll\u00e9 au Dr Navin Ramgoolam lui-m\u00eame. Nous allons abolir la taxe sur les int\u00e9r\u00eats, exception faite pour ceux qui brassent des milliards. Nous allons revoir toute la question de subsides sur les frais d\u2019examens du SC et du HSC pour assurer qu\u2019aucun de nos enfants ne puisse pas se pr\u00e9senter \u00e0 ces examens faute de moyens financiers. Ce sont des engagements que j\u2019avais d\u00e9j\u00e0 pris avec la population et je suis heureux que ces engagements seront honor\u00e9s par le prochain gouvernement que nous formerons \u00e0 partir du 6 mai.<\/span><\/span><\/span><\/p>\n<p class=\"MsoNormal\" style=\"text-align: justify; margin: 0in 0in 0pt;\"><span style=\"font-family: Verdana; mso-bidi-font-family: Arial; mso-bidi-font-size: 14.0pt;\" lang=\"FR\"><span style=\"font-size: small;\"><span style=\"color: #000000;\">\u00a0<\/span><\/span><\/span><\/p>\n<p class=\"MsoNormal\" style=\"text-align: justify; margin: 0in 0in 0pt;\"><strong><span style=\"font-family: Verdana; mso-bidi-font-family: Arial; mso-bidi-font-size: 14.0pt;\" lang=\"FR\"><span style=\"font-size: small;\"><span style=\"color: #000000;\">* On a lu ces derniers temps vos commentaires sur la question de la d\u00e9mocratisation de l\u2019\u00e9conomie. Pensez-vous qu\u2019il y ait du retard \u00e0 rattraper par rapport \u00e0 ce dossier\u00a0? <\/span><\/span><\/span><\/strong><\/p>\n<p class=\"MsoNormal\" style=\"text-align: justify; margin: 0in 0in 0pt;\"><strong><span style=\"font-family: Verdana; mso-bidi-font-family: Arial; mso-bidi-font-size: 14.0pt;\" lang=\"FR\"><span style=\"font-size: small;\"><span style=\"color: #000000;\">\u00a0<\/span><\/span><\/span><\/strong><\/p>\n<p class=\"MsoNormal\" style=\"text-align: justify; margin: 0in 0in 0pt;\"><span style=\"font-family: Verdana; mso-bidi-font-family: Arial; mso-bidi-font-size: 14.0pt;\" lang=\"FR\"><span style=\"font-size: small;\"><span style=\"color: #000000;\">Depuis 1983, il y a eu des \u00e9tapes qui ont \u00e9t\u00e9 franchies. Mais comme vous le signalez, il reste beaucoup \u00e0 faire. Le Dr Navin Ramgoolam et moi-m\u00eame nous nous rejoignons sur ce dossier. Le processus de d\u00e9mocratisation de l\u2019\u00e9conomie sera acc\u00e9l\u00e9r\u00e9 par le prochain gouvernement de l\u2019Alliance de l\u2019Avenir. Ce sera l\u2019une de nos priorit\u00e9s, car nous voulons donner des opportunit\u00e9s \u00e0 tous. Et l\u2019une des actions que nous envisageons, c\u2019est permettre aux travailleurs dans diff\u00e9rents secteurs \u00e9conomiques de participer \u00e0 l\u2019actionnariat de leur entreprise.<\/span><\/span><\/span><\/p>\n<p class=\"MsoNormal\" style=\"text-align: justify; margin: 0in 0in 0pt;\"><span style=\"font-family: Verdana; mso-bidi-font-family: Arial; mso-bidi-font-size: 14.0pt;\" lang=\"FR\"><span style=\"font-size: small;\"><span style=\"color: #000000;\">\u00a0<\/span><\/span><\/span><\/p>\n<p class=\"MsoNormal\" style=\"text-align: justify; margin: 0in 0in 0pt;\"><strong><span style=\"font-family: Verdana; mso-bidi-font-family: Arial; mso-bidi-font-size: 14.0pt;\" lang=\"FR\"><span style=\"font-size: small;\"><span style=\"color: #000000;\">* Pour avoir fait preuve de \u00ab\u00a0loyaut\u00e9\u00a0\u00bb sur les bancs de l\u2019opposition, avez-vous le sentiment que vos partisans souhaiteraient vous voir install\u00e9 \u00e0 la t\u00eate du minist\u00e8re des Finances. Nous savons que ce sont les pr\u00e9rogatives du PM, mais\u2026<\/span><\/span><\/span><\/strong><\/p>\n<p class=\"MsoNormal\" style=\"text-align: justify; margin: 0in 0in 0pt;\"><span style=\"font-family: Verdana; mso-bidi-font-family: Arial; mso-bidi-font-size: 14.0pt;\" lang=\"FR\"><span style=\"font-size: small;\"><span style=\"color: #000000;\">\u00a0<\/span><\/span><\/span><\/p>\n<p class=\"MsoNormal\" style=\"text-align: justify; margin: 0in 0in 0pt;\"><span style=\"font-family: Verdana; mso-bidi-font-family: Arial; mso-bidi-font-size: 14.0pt;\" lang=\"FR\"><span style=\"font-size: small;\"><span style=\"color: #000000;\">J\u2019ai fait preuve de loyaut\u00e9 vis-\u00e0-vis du peuple avant tout. Mes coll\u00e8gues du MSM et moi-m\u00eame, nous avons agi en tant qu\u2019opposition responsable et s\u00e9rieuse. Certes, nous avons critiqu\u00e9 mais nous avons \u00e9galement fait des propositions que le Premier ministre a appr\u00e9ci\u00e9es et il le dit publiquement.<\/span><\/span><\/span><\/p>\n<p class=\"MsoNormal\" style=\"text-align: justify; margin: 0in 0in 0pt;\"><span style=\"font-family: Verdana; mso-bidi-font-family: Arial; mso-bidi-font-size: 14.0pt;\" lang=\"FR\"><span style=\"font-size: small;\"><span style=\"color: #000000;\">\u00a0<\/span><\/span><\/span><\/p>\n<p class=\"MsoNormal\" style=\"text-align: justify; margin: 0in 0in 0pt;\"><span style=\"font-family: Verdana; mso-bidi-font-family: Arial; mso-bidi-font-size: 14.0pt;\" lang=\"FR\"><span style=\"font-size: small;\"><span style=\"color: #000000;\">Je vous ai parl\u00e9 au d\u00e9but de notre entretien qu\u2019il y a un contrat de confiance qui me lie au Dr Navin Ramgoolam. Je suis loin d\u2019\u00eatre de ceux qui ne pensent qu\u2019aux int\u00e9r\u00eats personnels. J\u2019ai contract\u00e9 une alliance avec le PTr pour servir le peuple et mettre mes comp\u00e9tences et celles de mes coll\u00e8gues du MSM au service du pays. La question de portefeuille minist\u00e9riel ne se pose pas. C\u2019est le Premier ministre qui d\u00e9tient la pr\u00e9rogative de nommer les ministres. Et je lui fais totalement confiance.<\/span><\/span><\/span><\/p>\n","protected":false},"excerpt":{"rendered":"<p>Interview: Pravind Jugnauth, leader du MSM \u00a0 \u201c\u00a0Pravind Jugnauth n\u2019est pas entr\u00e9 en politique pour vouloir s\u2019approprier des positions co\u00fbte que co\u00fbte\u2026 \u2026la question d\u2019\u2018h\u00e9ritier politique\u2019 de Navin Ramgoolam ne se pose pas\u00a0\u00bb \u00a0 * \u00ab\u00a0Je n\u2019ai plus un sou de confiance en Paul B\u00e9renger. J\u2019avais d\u00e9j\u00e0 mis une croix sur B\u00e9renger et le MMM [&hellip;]<\/p>\n","protected":false},"author":1,"featured_media":229,"comment_status":"open","ping_status":"open","sticky":false,"template":"","format":"standard","meta":{"jetpack_post_was_ever_published":false,"_jetpack_newsletter_access":"","_jetpack_dont_email_post_to_subs":false,"_jetpack_newsletter_tier_id":0,"_jetpack_memberships_contains_paywalled_content":false,"_jetpack_memberships_contains_paid_content":false,"footnotes":"","jetpack_publicize_message":"","jetpack_publicize_feature_enabled":true,"jetpack_social_post_already_shared":false,"jetpack_social_options":{"image_generator_settings":{"template":"highway","default_image_id":0,"font":"","enabled":false},"version":2}},"categories":[6],"tags":[],"class_list":["post-230","post","type-post","status-publish","format-standard","has-post-thumbnail","hentry","category-latest-news"],"jetpack_publicize_connections":[],"jetpack_featured_media_url":"https:\/\/i0.wp.com\/www.mauritiustimes.com\/mt\/wp-content\/uploads\/2010\/04\/pravind%20jugnauth.gif?fit=252%2C376&ssl=1","jetpack_sharing_enabled":true,"jetpack_shortlink":"https:\/\/wp.me\/p8QzSF-3I","_links":{"self":[{"href":"https:\/\/www.mauritiustimes.com\/mt\/wp-json\/wp\/v2\/posts\/230","targetHints":{"allow":["GET"]}}],"collection":[{"href":"https:\/\/www.mauritiustimes.com\/mt\/wp-json\/wp\/v2\/posts"}],"about":[{"href":"https:\/\/www.mauritiustimes.com\/mt\/wp-json\/wp\/v2\/types\/post"}],"author":[{"embeddable":true,"href":"https:\/\/www.mauritiustimes.com\/mt\/wp-json\/wp\/v2\/users\/1"}],"replies":[{"embeddable":true,"href":"https:\/\/www.mauritiustimes.com\/mt\/wp-json\/wp\/v2\/comments?post=230"}],"version-history":[{"count":0,"href":"https:\/\/www.mauritiustimes.com\/mt\/wp-json\/wp\/v2\/posts\/230\/revisions"}],"wp:featuredmedia":[{"embeddable":true,"href":"https:\/\/www.mauritiustimes.com\/mt\/wp-json\/wp\/v2\/media\/229"}],"wp:attachment":[{"href":"https:\/\/www.mauritiustimes.com\/mt\/wp-json\/wp\/v2\/media?parent=230"}],"wp:term":[{"taxonomy":"category","embeddable":true,"href":"https:\/\/www.mauritiustimes.com\/mt\/wp-json\/wp\/v2\/categories?post=230"},{"taxonomy":"post_tag","embeddable":true,"href":"https:\/\/www.mauritiustimes.com\/mt\/wp-json\/wp\/v2\/tags?post=230"}],"curies":[{"name":"wp","href":"https:\/\/api.w.org\/{rel}","templated":true}]}}