{"id":227,"date":"2010-04-23T06:12:55","date_gmt":"2010-04-23T06:12:55","guid":{"rendered":"http:\/\/mauritiustimes.com\/mt\/2010\/04\/23\/smodeliar-12\/"},"modified":"2010-04-23T06:12:55","modified_gmt":"2010-04-23T06:12:55","slug":"smodeliar-12","status":"publish","type":"post","link":"https:\/\/www.mauritiustimes.com\/mt\/smodeliar-12\/","title":{"rendered":"S.Modeliar"},"content":{"rendered":"<p class=\"MsoNormal\" style=\"text-align: justify; margin: 0in 0in 0pt; mso-margin-bottom-alt: auto;\"><span style=\"color: #000000;\"><span style=\"font-size: small;\"><strong><span style=\"text-decoration: underline;\"><span style=\"font-family: Verdana; mso-bidi-font-family: Arial; mso-bidi-font-size: 18.0pt; mso-ansi-language: EN-GB;\" lang=\"EN-GB\">Who is campaigning on ethnic lines? <br \/><\/span><\/span><\/strong><span style=\"text-decoration: underline;\"><span style=\"font-family: Verdana; mso-bidi-font-family: Arial; mso-bidi-font-size: 18.0pt; mso-ansi-language: EN-GB;\" lang=\"EN-GB\">Is our mainstream press afflicted with blindness or just distorted vision?<\/span><\/span><\/span><\/span><\/p>\n<p class=\"MsoNormal\" style=\"text-align: justify; margin: 0in 0in 0pt; mso-margin-bottom-alt: auto;\"><span style=\"font-family: Verdana; mso-bidi-font-family: Arial; mso-bidi-font-size: 18.0pt; mso-ansi-language: EN-GB;\" lang=\"EN-GB\"><span style=\"color: #000000;\"><span style=\"font-size: small;\">\u00a0<\/span><\/span><\/span><\/p>\n<p class=\"MsoNormal\" style=\"text-align: justify; margin: 0in 0in 0pt; mso-margin-bottom-alt: auto;\"><span style=\"color: #000000;\"><span style=\"font-size: small;\"><span style=\"font-family: Verdana; mso-bidi-font-family: Arial; mso-bidi-font-size: 18.0pt; mso-ansi-language: EN-GB;\" lang=\"EN-GB\">In 1983 Paul B<\/span><span style=\"font-family: Verdana; color: black; mso-bidi-font-family: Arial; mso-bidi-font-size: 18.0pt;\">\u00e9<\/span> <\/span><\/span><span style=\"font-family: Verdana; mso-bidi-font-family: Arial; mso-bidi-font-size: 18.0pt; mso-ansi-language: EN-GB;\" lang=\"EN-GB\"><span style=\"color: #000000;\"><span style=\"font-size: small;\">Paul B\u00e9renger is again leading the MMM and its satellites in the 5 May general elections. In all his speeches and other public statements he is hammering on the colour of his skin and his ethnicity to attract voters to his cause. He is comparing his situation to that of Barack Obama. He is using the famous <em>Yes We Can<\/em> of Barack Obama to drive home to the electorate that notwithstanding the fact that he is not a Hindu and above all a Vaish he deserves to be Prime Minister. He is saying that the Labour Party and its ally the MSM are attacking his ethnicity. So far there is not much evidence of this in public utterances. What is said in private may prove this assertion of Paul B\u00e9renger but there is no official line of attack of an ethnic nature against the person of Paul B\u00e9renger. <\/span><\/span><\/span><\/p>\n<p class=\"MsoNormal\" style=\"text-align: justify; margin: 0in 0in 0pt; mso-margin-bottom-alt: auto;\"><span style=\"font-family: Verdana; mso-bidi-font-family: Arial; mso-bidi-font-size: 18.0pt; mso-ansi-language: EN-GB;\" lang=\"EN-GB\">renger led his party to the general elections after the break-up of the MMM-PSM coalition. He lost his seat in Quatre Bornes and was allocated a best loser seat. He became Prime Minister in 2003 following the 2000 general elections that saw the victory of the MSM-MMM alliance.<\/span><\/p>\n<p>  <!--more-->  <\/p>\n<p class=\"MsoNormal\" style=\"text-align: justify; margin: 0in 0in 0pt; mso-margin-bottom-alt: auto;\">\u00a0<\/p>\n<p class=\"MsoNormal\" style=\"text-align: justify; margin: 0in 0in 0pt; mso-margin-bottom-alt: auto;\"><span style=\"font-family: Verdana; mso-bidi-font-family: Arial; mso-bidi-font-size: 18.0pt; mso-ansi-language: EN-GB;\" lang=\"EN-GB\"><span style=\"color: #000000;\"><span style=\"font-size: small;\">Why does Paul B\u00e9renger feel he should be hammering the point about his ethnicity so much on a daily basis? Who is whipping up ethnic considerations in this campaign? Making exception for an irrational statement by Perm Koonjoo who said that a Hindu must be Prime Minister, no one has suggested that Paul B\u00e9renger cannot be Prime Minister. But let us not forget that some time ago Ashock Jugnauth came up with the statement that only a Jugnauth can govern Mauritius. <\/span><\/span><\/span><\/p>\n<p class=\"MsoNormal\" style=\"text-align: justify; margin: 0in 0in 0pt; mso-margin-bottom-alt: auto;\"><span style=\"font-family: Verdana; mso-bidi-font-family: Arial; mso-bidi-font-size: 18.0pt; mso-ansi-language: EN-GB;\" lang=\"EN-GB\"><span style=\"color: #000000;\"><span style=\"font-size: small;\">The majority of the media though professing independence of mind and approach are subtly backing the MMM. If we take a look at <em>l\u2019express<\/em> we see reports of minor incidents involving Labour Party and MSM supporters. We see reports of how the Labour candidates are encountering difficulties when they are meeting the voters. The candidates of the MMM are having it plain sailing and are not encountering any difficulties. This is the message that the media are sending under the guise of their so-called independence. <em>Le Mauricien<\/em> has so far been objective in its account of the campaign. This is being said to emphasise that the media were totally silent on two public utterances of a purely ethnic nature by two MMM candidates, both of them intellectuals and therefore well learned. <\/span><\/span><\/span><\/p>\n<p class=\"MsoNormal\" style=\"text-align: justify; margin: 0in 0in 0pt; mso-margin-bottom-alt: auto;\"><span style=\"font-family: Verdana; mso-bidi-font-family: Arial; mso-bidi-font-size: 18.0pt; mso-ansi-language: EN-GB;\" lang=\"EN-GB\"><span style=\"color: #000000;\"><span style=\"font-size: small;\">Last week, Reza Uteem the MMM candidate in constituency number 2 stated at a rally, and his statement broadcast verbatim on Radio One, a satellite of <em>l\u2019express<\/em>, that Rashid Beebeejaun had not raised the slightest finger in the matter of the use of loudspeakers in calling the Muslims to prayers and had not defended the street hawkers. Mr Uteem was appealing to the emotions of the Muslims only and was telling the Muslim electorate in constituency number 2 that Rashid Beebeejaun was not worthy of their votes as a Muslim. <\/span><\/span><\/span><\/p>\n<p class=\"MsoNormal\" style=\"text-align: justify; margin: 0in 0in 0pt; mso-margin-bottom-alt: auto;\"><span style=\"font-family: Verdana; mso-bidi-font-family: Arial; mso-bidi-font-size: 18.0pt; mso-ansi-language: EN-GB;\" lang=\"EN-GB\"><span style=\"color: #000000;\"><span style=\"font-size: small;\">On the same day Radio One broadcast a statement by Mr Lesjongard, an MMM candidate in constituency number 4, that the Prime Minister had shown no respect for the Christians because he dissolved Parliament during a time that was considered holy for the Christians. He accused Xavier Duval of having failed to defend the Christians and their faith. <\/span><\/span><\/span><\/p>\n<p class=\"MsoNormal\" style=\"text-align: justify; margin: 0in 0in 0pt; mso-margin-bottom-alt: auto;\"><span style=\"font-family: Verdana; mso-bidi-font-family: Arial; mso-bidi-font-size: 18.0pt; mso-ansi-language: EN-GB;\" lang=\"EN-GB\"><span style=\"color: #000000;\"><span style=\"font-size: small;\">These two examples show clearly how some MMM candidates are appealing to the cruder aspects of ethnic considerations to win votes. No one in the media has had the guts to call these two people to order. Had it been a Labour candidate who had resorted to such tactics hell would have broken loose. By their utterances both Mr Uteem and Mr Lesjongard may be making the Hindus uncomfortable because according to them religion and the defence of ethnic minorities should be at the forefront of governance. <\/span><\/span><\/span><\/p>\n<p class=\"MsoNormal\" style=\"text-align: justify; margin: 0in 0in 0pt; mso-margin-bottom-alt: auto;\"><span style=\"font-size: small;\"><span style=\"color: #000000;\"><span style=\"font-family: Verdana; mso-bidi-font-family: Arial; mso-bidi-font-size: 18.0pt; mso-ansi-language: EN-GB;\" lang=\"EN-GB\">Father Gr<\/span><span style=\"font-family: Verdana; color: black; mso-bidi-font-family: Arial; mso-bidi-font-size: 18.0pt;\">\u00e9<\/span><span style=\"font-family: Verdana; mso-bidi-font-family: Arial; mso-bidi-font-size: 18.0pt; mso-ansi-language: EN-GB;\" lang=\"EN-GB\">goire is playing politics and is indirectly hinting to the Creoles who to vote for. Nobody is stupid. The writing is on the wall. He has shown his wrath at the choice of two candidates who were members of the F\u00e9deration des Cr\u00e9oles Mauriciens (FCM) by Navin Ramgoolam, namely Edley Chimon and Danielle Turner. Why is that? Why is he meeting B\u00e9renger more often than the other party leaders? Why all of a sudden B\u00e9renger decides that the Creole language will be constitutionally protected? What about Hindi, Urdu, Arabic, Mandarin, etc? <\/span><\/span><\/span><\/p>\n<p class=\"MsoNormal\" style=\"text-align: justify; margin: 0in 0in 0pt; mso-margin-bottom-alt: auto;\"><span style=\"font-family: Verdana; mso-bidi-font-family: Arial; mso-bidi-font-size: 18.0pt; mso-ansi-language: EN-GB;\" lang=\"EN-GB\"><span style=\"font-size: small;\"><span style=\"color: #000000;\">B\u00e9renger is using this as an electoral ploy to win the votes of the Creoles but the management of the whole issue will become a headache and may lead to the balkanisation of the population. This nearly happened in 1995 when Sir Anerood Jugnauth wanted to impose oriental languages as a subject for the CPE months before the examinations. B\u00e9renger is using that Creole ethnicity to the full. Does that appear legitimate to so many so-called independent press people? <\/span><\/span><\/span><\/p>\n<p class=\"MsoNormal\" style=\"text-align: justify; margin: 0in 0in 0pt; mso-margin-bottom-alt: auto;\"><span style=\"font-size: small;\"><span style=\"color: #000000;\"><span style=\"font-family: Verdana; mso-bidi-font-family: Arial; mso-bidi-font-size: 18.0pt; mso-ansi-language: EN-GB;\" lang=\"EN-GB\">The Rama Sithanen case has also been used to whip up ethnic feelings. Whether the Prime Minister was right to get rid of Rama Sithanen is a matter worthy of discussion. But that sad episode has now taken gigantic ethnic proportions. During the celebrations of the Tamil New year a holy and solemn occasion, the head of the Tamil Federation played ethnic politics and was followed by Jayen Cuttaree. To make matters worse in an interview to <em>l\u2019express<\/em> (17 April 10) Jayen Cuttaree stated that following the sacking of Rama Sithanen from the list of candidates \u201cl<em>a communaut\u00e9 tamoule dans son ensemble se sent d\u00e9laiss\u00e9e\u201d.<\/em> <\/span><span style=\"font-family: Verdana; mso-bidi-font-family: Arial; mso-bidi-font-size: 18.0pt; mso-ansi-language: FR;\" lang=\"FR\">Then the interview by Deepa Bhookun continues as follows: <\/span><\/span><\/span><\/p>\n<p class=\"MsoNormal\" style=\"text-align: justify; margin: 0in 0in 0pt; mso-margin-bottom-alt: auto;\"><span style=\"font-family: Verdana; mso-bidi-font-family: Arial; mso-bidi-font-size: 18.0pt; mso-ansi-language: FR;\" lang=\"FR\"><span style=\"font-size: small;\"><span style=\"color: #000000;\">\u00a0<\/span><\/span><\/span><\/p>\n<p class=\"MsoNormal\" style=\"text-align: justify; margin: 0in 0in 0pt; mso-margin-bottom-alt: auto;\"><strong><span style=\"font-family: Verdana; mso-bidi-font-family: Arial; mso-bidi-font-size: 18.0pt; mso-ansi-language: FR;\" lang=\"FR\"><span style=\"font-size: small;\"><span style=\"color: #000000;\">\u00ab\u00a0<em>Et ce sentiment a \u00e9t\u00e9 exacerb\u00e9 par l\u2019affaire Sithanen et le fait qu\u2019il n\u2019y aura probablement pas de candidat tamoul au \u00b0 8 ?<\/em><\/span><\/span><\/span><\/strong><\/p>\n<p class=\"MsoNormal\" style=\"text-align: justify; margin: 0in 0in 0pt; mso-margin-bottom-alt: auto;\"><em><span style=\"font-family: Verdana; mso-bidi-font-family: Arial; mso-bidi-font-size: 18.0pt; mso-ansi-language: FR;\" lang=\"FR\"><span style=\"font-size: small;\"><span style=\"color: #000000;\">\u00ab\u00a0Bien s\u00fbr, car il y avait tout de m\u00eame Rama Sithanen comme ministre des Finances et vice-Premier ministre et sans entrer dans la cuisine interne du Parti travailliste, la mani\u00e9re cavali\u00e8re dont Sithanen a \u00e9t\u00e9 trait\u00e9 n\u2019est pas bien vue par la communaut\u00e9 tamoule. C\u2019est en tout cas comme cela que l\u2019affaire est ressentie \u2013 un affront pour la communaut\u00e9.<\/span><\/span><\/span><\/em><\/p>\n<p class=\"MsoNormal\" style=\"text-align: justify; margin: 0in 0in 0pt; mso-margin-bottom-alt: auto;\"><strong><em><span style=\"font-family: Verdana; mso-bidi-font-family: Arial; mso-bidi-font-size: 18.0pt; mso-ansi-language: FR;\" lang=\"FR\"><span style=\"font-size: small;\"><span style=\"color: #000000;\">\u00ab\u00a0C\u2019est \u00e9tonnant, \u00e9tant donn\u00e9 que Sithanen n\u2019est pas particuli\u00e8rement proche de ces organisations !<\/span><\/span><\/span><\/em><\/strong><\/p>\n<p class=\"MsoNormal\" style=\"text-align: justify; margin: 0in 0in 0pt; mso-margin-bottom-alt: auto;\"><em><span style=\"font-family: Verdana; mso-bidi-font-family: Arial; mso-bidi-font-size: 18.0pt; mso-ansi-language: FR;\" lang=\"FR\"><span style=\"font-size: small;\"><span style=\"color: #000000;\">\u00ab\u00a0Oui mais il reste un tamoul. Dans la vitrine, c\u2019est important ! Et ne vous arr\u00eatez pas au num\u00e9ro 8 ! Laissez-moi vous poser une question \u2013 dans quelle circonscription croyez-vous qu\u2019un Tamoul de l\u2019alliance gouvernementale va se faire \u00e9lire ? Il n\u2019y aura personne parce que l\u2019Alliance sociale s\u2019est ali\u00e9n\u00e9e compl\u00e8tement la communaut\u00e9 tamoule et je crois que Ramgoolam l\u2019a senti hier.\u00a0\u00bb<\/span><\/span><\/span><\/em><\/p>\n<p class=\"MsoNormal\" style=\"text-align: justify; margin: 0in 0in 0pt; mso-margin-bottom-alt: auto;\"><em><span style=\"font-family: Verdana; mso-bidi-font-family: Arial; mso-bidi-font-size: 18.0pt; mso-ansi-language: FR;\" lang=\"FR\"><span style=\"font-size: small;\"><span style=\"color: #000000;\">\u00a0<\/span><\/span><\/span><\/em><\/p>\n<p class=\"MsoNormal\" style=\"text-align: justify; margin: 0in 0in 0pt; mso-margin-bottom-alt: auto;\"><span style=\"font-family: Verdana; mso-bidi-font-family: Arial; mso-bidi-font-size: 18.0pt; mso-ansi-language: EN-GB;\" lang=\"EN-GB\"><span style=\"font-size: small;\"><span style=\"color: #000000;\">By this interview and his speech on the occasion of the Tamil New Year Jayen Cuttaree who is aspiring to be the next President of this country is appealing to the baser ethnic feelings to garner votes for the MMM. Even Paul B\u00e9renger is using that argument. <\/span><\/span><\/span><\/p>\n<p class=\"MsoNormal\" style=\"text-align: justify; margin: 0in 0in 0pt; mso-margin-bottom-alt: auto;\"><span style=\"font-family: Verdana; mso-bidi-font-family: Arial; mso-bidi-font-size: 18.0pt; mso-ansi-language: EN-GB;\" lang=\"EN-GB\"><span style=\"font-size: small;\"><span style=\"color: #000000;\">Who then is using ethnicity in those elections?\u00a0<\/span><\/span><\/span><span style=\"font-family: Verdana; mso-bidi-font-family: Arial; mso-bidi-font-size: 18.0pt; mso-ansi-language: EN-GB;\" lang=\"EN-GB\"><span style=\"font-size: small;\"><span style=\"color: #000000;\">\u00a0<\/span><\/span><\/span><\/p>\n<p><span style=\"font-family: Verdana; font-size: 12pt; mso-bidi-font-family: 'Times New Roman'; mso-bidi-font-size: 18.0pt; mso-ansi-language: EN-US; mso-fareast-font-family: 'Times New Roman'; mso-fareast-language: EN-US; mso-bidi-language: AR-SA;\"><span style=\"color: #000000;\"><strong>S. MODELIAR<\/strong><\/span><\/span><\/p>\n","protected":false},"excerpt":{"rendered":"<p>Who is campaigning on ethnic lines? Is our mainstream press afflicted with blindness or just distorted vision? \u00a0 In 1983 Paul B\u00e9 Paul B\u00e9renger is again leading the MMM and its satellites in the 5 May general elections. In all his speeches and other public statements he is hammering on the colour of his skin [&hellip;]<\/p>\n","protected":false},"author":1,"featured_media":0,"comment_status":"open","ping_status":"open","sticky":false,"template":"","format":"standard","meta":{"jetpack_post_was_ever_published":false,"_jetpack_newsletter_access":"","_jetpack_dont_email_post_to_subs":false,"_jetpack_newsletter_tier_id":0,"_jetpack_memberships_contains_paywalled_content":false,"_jetpack_memberships_contains_paid_content":false,"footnotes":"","jetpack_publicize_message":"","jetpack_publicize_feature_enabled":true,"jetpack_social_post_already_shared":false,"jetpack_social_options":{"image_generator_settings":{"template":"highway","default_image_id":0,"font":"","enabled":false},"version":2}},"categories":[6],"tags":[],"class_list":["post-227","post","type-post","status-publish","format-standard","hentry","category-latest-news"],"jetpack_publicize_connections":[],"jetpack_featured_media_url":"","jetpack_sharing_enabled":true,"jetpack_shortlink":"https:\/\/wp.me\/p8QzSF-3F","_links":{"self":[{"href":"https:\/\/www.mauritiustimes.com\/mt\/wp-json\/wp\/v2\/posts\/227","targetHints":{"allow":["GET"]}}],"collection":[{"href":"https:\/\/www.mauritiustimes.com\/mt\/wp-json\/wp\/v2\/posts"}],"about":[{"href":"https:\/\/www.mauritiustimes.com\/mt\/wp-json\/wp\/v2\/types\/post"}],"author":[{"embeddable":true,"href":"https:\/\/www.mauritiustimes.com\/mt\/wp-json\/wp\/v2\/users\/1"}],"replies":[{"embeddable":true,"href":"https:\/\/www.mauritiustimes.com\/mt\/wp-json\/wp\/v2\/comments?post=227"}],"version-history":[{"count":0,"href":"https:\/\/www.mauritiustimes.com\/mt\/wp-json\/wp\/v2\/posts\/227\/revisions"}],"wp:attachment":[{"href":"https:\/\/www.mauritiustimes.com\/mt\/wp-json\/wp\/v2\/media?parent=227"}],"wp:term":[{"taxonomy":"category","embeddable":true,"href":"https:\/\/www.mauritiustimes.com\/mt\/wp-json\/wp\/v2\/categories?post=227"},{"taxonomy":"post_tag","embeddable":true,"href":"https:\/\/www.mauritiustimes.com\/mt\/wp-json\/wp\/v2\/tags?post=227"}],"curies":[{"name":"wp","href":"https:\/\/api.w.org\/{rel}","templated":true}]}}