{"id":2203,"date":"2013-03-15T07:47:45","date_gmt":"2013-03-15T07:47:45","guid":{"rendered":"http:\/\/mauritiustimes.com\/mt\/2013\/03\/15\/vina-ballgobin-44\/"},"modified":"2019-02-13T13:40:13","modified_gmt":"2019-02-13T09:40:13","slug":"vina-ballgobin-44","status":"publish","type":"post","link":"https:\/\/www.mauritiustimes.com\/mt\/vina-ballgobin-44\/","title":{"rendered":"Jeunes et Ind\u00e9pendance\u00a0: Entre d\u00e9sillusions et attentes"},"content":{"rendered":"<p><strong><span style=\"color: #0000ff;\">Par Vina Ballgobin<\/span><\/strong><\/p>\n<p>&nbsp;<\/p>\n<p class=\"MsoBodyText\"><span lang=\"FR\" style=\"font-size: 12pt; line-height: 115%; font-family: Verdana; color: #000000;\">Dans le sillage des c\u00e9l\u00e9brations de l\u2019ind\u00e9pendance de Maurice depuis 45 ans, nous avons donn\u00e9 la parole aux jeunes. La semaine derni\u00e8re, nous avons observ\u00e9, \u00e0 travers leurs paroles qu\u2019ils sont fiers et patriotes. Alors qu\u2019est-ce qui freine leur \u00e9lan quand il s\u2019agit de prendre position pour d\u00e9fendre une cause juste\u00a0? Quelles sont leurs craintes dans un pays d\u00e9mocratique qui leur accorde le droit \u00e0 la libre expression selon leurs propres dires\u00a0? <\/span><\/p>\n<p class=\"MsoNormal\"><span lang=\"FR\" style=\"font-size: 12pt; line-height: 115%; font-family: Verdana; color: #000000;\">Pour les jeunes, trois partis politiques dominent la sc\u00e8ne\u00a0: le PMSD, le Parti travailliste, le MMM-MSM du remake 2000. Des tensions ont toujours exist\u00e9 entre ces partis. D\u2019ailleurs, il y a une guerre entre eux pour les mauvaises raisons\u00a0: le pouvoir. De mani\u00e8re g\u00e9n\u00e9rale, la classe politique est surm\u00e9diatis\u00e9e. Dans le milieu politique, cette guerre de pouvoir entre blocs politiques prend trop de place. C\u2019est une perte de temps et d\u2019\u00e9nergie. Certains hommes politiques se tournent m\u00eame en ridicule quand ils tentent d\u2019abaisser les autres sans r\u00e9fl\u00e9chir, et ce pour le pouvoir. Le pire, c\u2019est qu\u2019ils ne s\u2019en aper\u00e7oivent pas. <\/span><\/p>\n<p class=\"MsoNormal\"><span lang=\"FR\" style=\"font-size: 12pt; line-height: 115%; font-family: Verdana; color: #000000;\">Les jeunes d\u00e9noncent en ch\u0153ur l\u2019hypocrisie, le favoritisme, bref la corruption en politique. Pour eux, beaucoup d\u2019hommes politiques, de femmes politiques et d\u2019agents politiques aident leur propre famille au lieu de travailler pour le bien commun. Ils descendent rarement sur le terrain sauf pour manipuler le peuple pendant les p\u00e9riodes \u00e9lectorales. D\u2019ailleurs plusieurs promesses n\u2019ont jamais \u00e9t\u00e9 tenues. En g\u00e9n\u00e9ral, les jeunes d\u00e9plorent le gaspillage des fonds publics et une certaine inconscience de la classe politique lors des p\u00e9riodes \u00e9lectorales, en particulier. D\u2019apr\u00e8s eux, tout cet argent aurait pu \u00eatre mieux utilis\u00e9 dans le domaine social. <\/span><\/p>\n<p class=\"MsoNormal\"><span lang=\"FR\" style=\"font-size: 12pt; line-height: 115%; font-family: Verdana; color: #000000;\">Bref, si les jeunes ne se sentent pas concern\u00e9s par le syst\u00e8me politique actuel, c\u2019est qu\u2019ils ne se sentent pas \u00e0 l\u2019aise avec le mode de fonctionnement des partis politiques. Par ailleurs, ils d\u00e9noncent les places r\u00e9serv\u00e9es au sein des partis politiques et le passage du pouvoir de p\u00e8re en fils, \u00e0 l\u2019image de certains pays \u00ab\u00a0pauvres\u00a0\u00bb. Pour les jeunes, il n\u2019y aura aucun renouvellement de la classe politique de mani\u00e8re d\u00e9mocratique. Par ailleurs, ils regrettent le fait que les m\u00e9dias jouent le jeu des politiciens en se concentrant sur les deux leaders du moment. Ce sont toujours les m\u00eames \u00e0 l\u2019avant-plan \u2013 Ramgoolam et B\u00e9renger. Ce n\u2019est un secret pour personne\u00a0: dans la soci\u00e9t\u00e9 mauricienne, les comm\u00e9rages vont bon train. Aussi, les jeunes sont conscients que leurs perceptions de la r\u00e9alit\u00e9 les induisent parfois en erreur. Depuis quelque temps, la presse rapporte certains faits mais les jeunes ne sont plus s\u00fbrs de l\u2019objectivit\u00e9 des informations. Par cons\u00e9quent, au lieu de les \u00e9clairer, les m\u00e9dias enveniment la situation.<\/span><\/p>\n<p class=\"MsoNormal\" style=\"margin-left: .5in;\"><span lang=\"FR\" style=\"font-size: 12pt; line-height: 115%; font-family: Verdana; color: #000000;\">\u00ab\u00a0Les journaux donnent l\u2019impression que le monde politique conna\u00eet une d\u00e9ch\u00e9ance morale alarmante. Les journaux misent sur le sensationnalisme et pr\u00e9sentent souvent l\u2019actualit\u00e9 politique de mani\u00e8re p\u00e9jorative. Je ne m\u2019attarde plus \u00e0 lire ces articles qui font \u00e9tat d\u2019alliances, de trahisons, de guerres froides. Le monde politique ressemble \u00e0 une pi\u00e8ce de th\u00e9\u00e2tre avec une multiplicit\u00e9 de rebondissements en un temps relativement court.\u00a0\u00bb <\/span><\/p>\n<p class=\"MsoNormal\"><span lang=\"FR\" style=\"font-size: 12pt; line-height: 115%; font-family: Verdana; color: #000000;\">La perception d\u2019in\u00e9galit\u00e9s entre groupes ethniques est tr\u00e8s pr\u00e9sente, augment\u00e9e par le fait que les politiciens cr\u00e9ent volontairement une barri\u00e8re entre les communaut\u00e9s. Ils s\u2019arrangent pour que l\u2019on se d\u00e9finisse par l\u2019appartenance \u00e0 un groupe ethnique avant tout. Dans ces circonstances, il est plus difficile de d\u00e9velopper le mauricianisme au sein de la nation mauricienne.<\/span><\/p>\n<p class=\"MsoNormal\" style=\"margin-left: .5in;\"><span lang=\"FR\" style=\"font-size: 12pt; line-height: 115%; font-family: Verdana; color: #000000;\">\u00ab\u00a0J\u2019habite en milieu rural et je suis issue d\u2019une minorit\u00e9. De mon point de vue, la politique renvoie \u00e0 des tensions entre les diff\u00e9rentes communaut\u00e9s. Ces tensions sont amplifi\u00e9es et exploit\u00e9es par les politiciens \u00e0 leur gr\u00e9, pour satisfaire leurs int\u00e9r\u00eats. C\u2019est un tableau assez n\u00e9gatif, notamment en p\u00e9riode \u00e9lectorale, o\u00f9 il y a beaucoup de corruption. On parle beaucoup de favoritisme dans la fonction publique. <\/span><\/p>\n<p class=\"MsoNormal\" style=\"margin-left: .5in;\"><span lang=\"FR\" style=\"font-size: 12pt; line-height: 115%; font-family: Verdana; color: #000000;\">\u00ab\u00a0Je ne nie pas que le ch\u00f4mage ait diminu\u00e9, la pauvret\u00e9 aussi. Il existe diff\u00e9rents projets pour aider les gens aujourd\u2019hui. Mais, malheureusement, dans la soci\u00e9t\u00e9 de consommation, l\u2019\u00e9cart de richesses entre groupes ethniques augmente la perception d\u2019in\u00e9galit\u00e9 et donne naissance \u00e0 des tensions. <\/span><\/p>\n<p class=\"MsoNormal\" style=\"margin-left: .5in;\"><span lang=\"FR\" style=\"font-size: 12pt; line-height: 115%; font-family: Verdana; color: #000000;\">\u00ab\u00a0Bien que les personnes de diff\u00e9rentes communaut\u00e9s vivent g\u00e9n\u00e9ralement en harmonie, il y a aussi des brebis galeuses qui tentent de d\u00e9clencher une bagarre raciale. \u00bb<\/span><\/p>\n<p class=\"MsoNormal\"><span lang=\"FR\" style=\"font-size: 12pt; line-height: 115%; font-family: Verdana; color: #000000;\">Pour d\u2019autres jeunes de la communaut\u00e9 majoritaire, il est question de \u00ab\u00a0racisme\u00a0\u00bb ou d\u2019 \u00abethnicit\u00e9\u00a0\u00bb qui existe de mani\u00e8re cach\u00e9e. Il y a aussi la non-acceptation de la diversit\u00e9 culturelle par certains. Bien qu\u2019il n\u2019y ait pas d\u2019\u00e9meutes ou de g\u00e9nocide, de domination d\u2019une \u00ab\u00a0race\u00a0\u00bb sur l\u2019autre, il existe des tensions sous-jacentes. Donc, 45 ans apr\u00e8s l\u2019ind\u00e9pendance, les perceptions n\u00e9gatives, les tabous et les non-dits sur la communaut\u00e9 majoritaire existent encore et les jeunes h\u00e9sitent \u00e0 \u00e9laborer sur cet aspect car, pour eux, il est plus important de maintenir la paix et la stabilit\u00e9 sociale. Toutefois, ils sont inquiets compte tenu de ce qui se passe ailleurs dans le monde. Si le \u00ab\u00a0malaise hindou\u00a0\u00bb existe, ce n\u2019est pas d\u00e9clar\u00e9 ouvertement. <\/span><\/p>\n<p class=\"MsoNormal\"><span lang=\"FR\" style=\"font-size: 12pt; line-height: 115%; font-family: Verdana; color: #000000;\">La question de la discrimination concerne aussi les femmes. <\/span><\/p>\n<p class=\"MsoNormal\" style=\"margin-left: .5in;\"><span lang=\"FR\" style=\"font-size: 12pt; line-height: 115%; font-family: Verdana; color: #000000;\">\u00ab A ce que je sache, la lutte pour et vers l\u2019ind\u00e9pendance a \u00e9t\u00e9 longue et dure. Mais comme dans tout syst\u00e8me politique, la r\u00e9alit\u00e9 est toujours cach\u00e9e. Il y a la perception du monopole du pouvoir par un groupe. Puis, en g\u00e9n\u00e9ral, \u00e0 Maurice, la politique est associ\u00e9e le plus souvent \u00e0 l\u2019appartenance \u00e0 une communaut\u00e9, <em>\u00e0 nou bann<\/em>. Quant aux femmes, est-ce que leur entr\u00e9e en politique a \u00e9t\u00e9 faite dans l\u2019intention de d\u00e9fendre des id\u00e9aux tels que l\u2019\u00e9galit\u00e9 des droits\u00a0entre hommes et femmes ? D\u2019abord, on montre au peuple qu\u2019on travaille. Ensuite, arrivent les mauvaises pilules \u00e0 avaler\u00a0!\u00a0\u00bb<\/span><\/p>\n<p class=\"MsoNormal\"><span lang=\"FR\" style=\"font-size: 12pt; line-height: 115%; font-family: Verdana; color: #000000;\">Dans quelle mesure l\u2019\u00e9ducation gratuite pourrait-elle aider \u00e0 changer les hommes politiques et les femmes politiques\u00a0? Pour les jeunes, la fuite des cerveaux est un probl\u00e8me important. Apres la HSC, l\u2019\u00e9lite du pays fait des \u00e9tudes \u00e0 l\u2019\u00e9tranger. Tr\u00e8s souvent, ces jeunes ne rentrent pas, peu importe leur groupe ethnique d\u2019appartenance. Ceci d\u00e9montre bien qu\u2019il existe un probl\u00e8me\u00a0: acc\u00e8s limit\u00e9 \u00e0 certains m\u00e9tiers sp\u00e9cialis\u00e9s qui n\u2019existent pas localement et n\u2019existeront jamais\u00a0; choix tr\u00e8s limit\u00e9s \u00e0 Maurice\u00a0si on veut faire un doctorat; forte perception que les conditions de vie sont meilleures ailleurs\u00a0; forte perception qu\u2019il n\u2019y aura aucune discrimination \u00e0 cause de son appartenance \u00e0 telle ou telle communaut\u00e9, majoritaire ou minoritaire. Une jeune insiste pour dire ceci\u00a0: \u00ab\u00a0Ceux qui restent \u00e0 Maurice ne sont pas conscients qu\u2019ils font partie de l\u2019\u00e9lite. Rien n\u2019est fait pour d\u00e9velopper cette prise de conscience. \u00bb <\/span><\/p>\n<p class=\"MsoNormal\"><span lang=\"FR\" style=\"font-size: 12pt; line-height: 115%; font-family: Verdana; color: #000000;\">Pour les jeunes, les politiciens n\u2019ont pas \u00e9t\u00e9 tr\u00e8s cr\u00e9atifs par rapport aux lois du travail. Les r\u00e9formes ont rarement lieu. La plupart des jeunes souhaiteraient int\u00e9grer le monde du travail mais il y a peu de \u00ab\u00a0part-time jobs\u00a0\u00bb. Normalement, il faut travailler au moins huit heures par jour et c\u2019est beaucoup pour un \u00e9tudiant. La perception est forte qu\u2019il y a trop de travailleurs \u00e9trangers, ce qui cr\u00e9e le ch\u00f4mage \u00e0 Maurice pour les Mauriciens. <\/span><\/p>\n<p class=\"MsoNormal\"><span lang=\"FR\" style=\"font-size: 12pt; line-height: 115%; font-family: Verdana; color: #000000;\">Si les investissements sont gigantesques et tournent autour de projets h\u00f4teliers et de routes \u00e9tendues, les jeunes pensent que c\u2019est essentiellement pour le bien de l\u2019industrie touristique. Dans ce sens, l\u2019ind\u00e9pendance n\u2019est pas totalement sur la bonne voie malgr\u00e9 le fait que Maurice soit d\u00e9tentrice de divers \u00ab\u00a0awards\u00a0\u00bb sur le plan r\u00e9gional et mondial. Le pays d\u00e9pend encore et toujours des \u00e9trangers\u00a0!<\/span><\/p>\n<p class=\"MsoNormal\"><span lang=\"FR\" style=\"font-size: 12pt; line-height: 115%; font-family: Verdana; color: #000000;\">Sur le plan social, la perception est forte que les h\u00f4pitaux sont mal \u00e9quip\u00e9s. Il manque de place pour les malades, ce qui signifie qu\u2019il n\u2019y a pas suffisamment d\u2019actions de planification et de pr\u00e9vention. Il y a aussi la question de n\u00e9gligence m\u00e9dicale et du manque de personnel au niveau hospitalier. Les handicap\u00e9s ne peuvent pas acc\u00e9der aux infrastructures publiques. Quant \u00e0 l\u2019environnement, les projets de d\u00e9veloppement ne sont pas con\u00e7us dans le respect de l\u2019environnement et du concept MID. Il y a beaucoup de contradictions entre le MID et la r\u00e9alit\u00e9. Dans le contexte du changement climatique, les jeunes estiment que la m\u00e9t\u00e9o n\u2019est pas fiable, probablement par manque d\u2019\u00e9quipements dans ce secteur. De m\u00eame, certains jeunes expliquent qu\u2019il y a une grande incomp\u00e9tence \u00e0 \u00e9lucider les grands crimes \u00e0 Maurice. Ils estiment que la justice soit \u00e0 deux vitesses.<\/span><\/p>\n<p class=\"MsoNormal\" style=\"margin-left: .5in;\"><span lang=\"FR\" style=\"font-size: 12pt; line-height: 115%; font-family: Verdana; color: #000000;\">\u00ab\u00a0Il y a l\u2019affaire MedPoint qui a d\u00e9fray\u00e9 la chronique pendant plusieurs semaines. On n\u2019en entend plus parler du tout. On entend souvent parler des policiers qui demandent des pots-de-vin. Il n\u2019y a aucune sanction contre eux et rien n\u2019est fait pour changer le syst\u00e8me. Mais les jeunes, issus des milieux d\u00e9favoris\u00e9s, eux, sont impliqu\u00e9s rapidement dans des cas de crimes, de vols et de viols. Ils sont jet\u00e9s en prison.<\/span><\/p>\n<p class=\"MsoNormal\" style=\"margin-left: .5in;\"><span lang=\"FR\" style=\"font-size: 12pt; line-height: 115%; font-family: Verdana; color: #000000;\">\u00ab\u00a0Les nomin\u00e9s politiques assument de hautes fonctions dans des institutions publiques sans forc\u00e9ment \u00eatre qualifi\u00e9s pour le travail alors qu\u2019on parle de <em>equal opportunities<\/em> for all\u00a0! Ils sont pay\u00e9s pour ne rien faire du tout\u00a0! De l\u2019autre c\u00f4t\u00e9, il y a les jeunes dipl\u00f4m\u00e9s au ch\u00f4mage\u00a0!\u00a0\u00bb<\/span><\/p>\n<p class=\"MsoNormal\" style=\"text-align: center;\"><span style=\"color: #000000;\"><strong><span lang=\"FR\" style=\"font-size: 12.0pt; line-height: 115%; font-family: Verdana; mso-bidi-font-family: Arial;\">Attentes des jeunes Mauriciens <\/span><\/strong><\/span><\/p>\n<p class=\"MsoNormal\"><span lang=\"FR\" style=\"font-size: 12pt; line-height: 115%; font-family: Verdana; color: #000000;\">Hormis la c\u00e9r\u00e9monie du lever du drapeau, rien n\u2019est fait pour d\u00e9velopper le sentiment de patriotisme. Les jeunes d\u00e9plorent aussi leur m\u00e9connaissance de l\u2019Histoire. <\/span><\/p>\n<p class=\"MsoNormal\" style=\"margin-left: .5in; text-indent: 1.5pt;\"><span lang=\"FR\" style=\"font-size: 12pt; line-height: 115%; font-family: Verdana; color: #000000;\">\u00ab\u00a0L\u2019Histoire, par rapport \u00e0 l\u2019ind\u00e9pendance et la lutte pour l\u2019acqu\u00e9rir n\u2019est pas enseign\u00e9e dans les \u00e9coles. M\u00eame si j\u2019ai honte de l\u2019avouer, je ne connais presque rien \u00e0 l\u2019\u00e9conomie de mon pays sauf pour ce que les gens racontent autour de moi, les grands titres des journaux, les augmentations\u2026\u00a0\u00bb<\/span><\/p>\n<p class=\"MsoNormal\"><span lang=\"FR\" style=\"font-size: 12pt; line-height: 115%; font-family: Verdana; color: #000000;\">Pour d\u2019autres, c\u2019est en milieu universitaire qu\u2019ils arrivent \u00e0 mieux comprendre leur pays et ses probl\u00e8mes. <\/span><\/p>\n<p class=\"MsoNormal\" style=\"margin-left: .5in;\"><span lang=\"FR\" style=\"font-size: 12pt; line-height: 115%; font-family: Verdana; color: #000000;\">\u00ab\u00a0A Maurice, la politique est un domaine nouveau, \u00e2g\u00e9e seulement de 45 ans. De ce fait, j\u2019avais la fausse impression que Maurice \u00e9tait incapable de g\u00e9rer ses probl\u00e8mes de stabilit\u00e9 politique, ainsi que la diplomatie internationale. J\u2019avais bien du mal \u00e0 comprendre le fonctionnement interne des partis politiques mauriciens. En v\u00e9rit\u00e9, je les comparais toujours avec le syst\u00e8me politique fran\u00e7ais. Maintenant, je sais que je ne peux pas comparer un pays ayant une R\u00e9publique depuis 1792 \u00e0 un pays qui a proclam\u00e9 son statut de R\u00e9publique en 1992. <\/span><\/p>\n<p class=\"MsoNormal\" style=\"margin-left: .5in;\"><span lang=\"FR\" style=\"font-size: 12pt; line-height: 115%; font-family: Verdana; color: #000000;\">\u00ab\u00a0De plus, nous ne pouvons pas copier le mod\u00e8le des pays europ\u00e9ens car ils ont une forte population homog\u00e8ne alors que notre pays a \u00e9t\u00e9 cr\u00e9\u00e9 \u00e0 partir de l\u2019immigration de pays voisins. Nous sommes multiculturels.<\/span><\/p>\n<p class=\"MsoNormal\" style=\"margin-left: .5in;\"><span lang=\"FR\" style=\"font-size: 12pt; line-height: 115%; font-family: Verdana; color: #000000;\">\u00ab\u00a0Ce qu\u2019il nous faut \u00e0 Maurice, c\u2019est changer notre mentalit\u00e9. Il faut \u00e9radiquer la corruption et\u00a0la malhonn\u00eatet\u00e9 qui nous caract\u00e9risent bel et bien.\u00a0Nous avons \u00e9volu\u00e9 depuis l\u2019\u00e9poque de nos grands-parents mais nous avons perdu des valeurs. Les gens sont plus \u00e9go\u00efstes et individualistes. La comp\u00e9tition pousse vers la consommation. Ce sont des d\u00e9fauts mauriciens.\u00bb<\/span><\/p>\n<p class=\"MsoNormal\"><span lang=\"FR\" style=\"font-size: 12pt; line-height: 115%; font-family: Verdana; color: #000000;\">Sur le plan culturel, certains jeunes sceptiques s\u2019interrogent : est-il possible de construire une nation mauricienne en restant multilingue et multiculturel\u00a0? D\u2019autres jeunes se posent des questions sur l\u2019efficacit\u00e9 de l\u2019action qui consiste \u00e0 forcer certaines f\u00eates et des pratiques culturelles sur les autres groupes ethniques du pays. <\/span><\/p>\n<p class=\"MsoNormal\" style=\"margin-left: .5in;\"><span lang=\"FR\" style=\"font-size: 12pt; line-height: 115%; font-family: Verdana; color: #000000;\">\u00ab Aujourd\u2019hui, nous b\u00e9n\u00e9ficions de l\u2019influence de toutes les cultures dans notre mode de vie. Nous comprenons les coutumes des autres et nous les appr\u00e9cions. Mais ce qui n\u2019est pas normal, c\u2019est d\u2019attribuer des aspects culturels \u00e0 la culture mauricienne alors que ce n\u2019est m\u00eame pas vrai dans la r\u00e9alit\u00e9 quotidienne. Ce qui est dit n\u2019est pas repr\u00e9sentatif de la r\u00e9alit\u00e9 mauricienne.\u00a0M\u00eame si cela part d\u2019une bonne intention, il vaudrait mieux laisser le temps au temps et \u00e0 la construction de la nation mauricienne de mani\u00e8re naturelle. Chaque culture commence \u00e0 influencer l\u2019autre. Ce n\u2019est pas \u00e9tonnant de voir une Hindoue porter une robe cocktail au lieu du sari traditionnel pendant un mariage. Les Chr\u00e9tiennes, elles, portent parfois le sari pour assister aux f\u00eates. Dans la musique, on utilise la guitare avec le tabla et le dholok. Il y a aujourd\u2019hui des chansons mauriciennes en tamoul, en bhojpouri sur un fond de musique s\u00e9ga. Ces chansons mauriciennes sont donc un brassage de plusieurs cultures. Ces changements arrivent graduellement. Maurice a connu de grands changements \u00e0 mesure que le temps a d\u00e9fil\u00e9 et on ne pourra jamais dire quels changements le temps \u00e0 venir apportera avec lui. \u00bb<\/span><\/p>\n<p class=\"MsoNormal\"><span lang=\"FR\" style=\"font-size: 12pt; line-height: 115%; font-family: Verdana; color: #000000;\">Mais, les jeunes sont optimistes de nature. Ils r\u00eavent du jour o\u00f9 Maurice fera partie des grands pays du monde.<\/span><\/p>\n<p class=\"MsoNormal\" style=\"margin-left: .5in;\"><span lang=\"FR\" style=\"font-size: 12pt; line-height: 115%; font-family: Verdana; color: #000000;\">\u00ab\u00a0Je souhaite vraiment que nous comptions tr\u00e8s vite parmi les pays les plus d\u00e9velopp\u00e9s. Les politiciens devraient s\u2019investir \u00e0 fond sur le plan social et culturel pour assurer le bien-\u00eatre du pays. Pour moi, il n\u2019y aura rien de mieux qu\u2019une R\u00e9publique sans corruption.\u00a0Je vois mon pays bien g\u00e9r\u00e9 o\u00f9 tout va pour le mieux pour tous. Je vois qu\u2019il n\u2019y a plus de groupes qui tiennent des propos extr\u00e9mistes. Tout est fait pour que la construction d\u2019une culture mauricienne soit r\u00e9ussie. Au tumulte social et identitaire, succ\u00e8dent la stabilit\u00e9 et la coh\u00e9sion sociale. Les vieux d\u00e9mons du pass\u00e9, vestige du colonialisme, c\u00e8dent la place \u00e0 l\u2019unit\u00e9 mauricienne, sans \u00eatre une utopie. Le syst\u00e8me \u00e9ducatif forme beaucoup des Mauriciens qui pensent et qui ont un esprit critique. Les Mauriciens sont solidaires. Les cha\u00eenes radiophoniques passent des appels \u00e0 la solidarit\u00e9 mauricienne et personne n\u2019est plus \u00e9tonn\u00e9 par le nombre de r\u00e9ponses et de propositions d\u2019aide\u2026 Un seul peuple, une seule nation, un seul destin.\u00bb<\/span><\/p>\n<hr \/>\n<p><span style=\"color: #3366ff;\"><em>* Published in print edition on 22 March 2013<\/em><\/span><\/p>\n","protected":false},"excerpt":{"rendered":"<p>Par Vina Ballgobin &nbsp; Dans le sillage des c\u00e9l\u00e9brations de l\u2019ind\u00e9pendance de Maurice depuis 45 ans, nous avons donn\u00e9 la parole aux jeunes. La semaine derni\u00e8re, nous avons observ\u00e9, \u00e0 travers leurs paroles qu\u2019ils sont fiers et patriotes. Alors qu\u2019est-ce qui freine leur \u00e9lan quand il s\u2019agit de prendre position pour d\u00e9fendre une cause juste\u00a0? [&hellip;]<\/p>\n","protected":false},"author":15,"featured_media":6560,"comment_status":"open","ping_status":"open","sticky":false,"template":"","format":"standard","meta":{"jetpack_post_was_ever_published":false,"_jetpack_newsletter_access":"","_jetpack_dont_email_post_to_subs":false,"_jetpack_newsletter_tier_id":0,"_jetpack_memberships_contains_paywalled_content":false,"_jetpack_memberships_contains_paid_content":false,"footnotes":"","jetpack_publicize_message":"","jetpack_publicize_feature_enabled":true,"jetpack_social_post_already_shared":false,"jetpack_social_options":{"image_generator_settings":{"template":"highway","default_image_id":0,"font":"","enabled":false},"version":2}},"categories":[8322],"tags":[15951,3584,314,323,4462,3667],"class_list":["post-2203","post","type-post","status-publish","format-standard","has-post-thumbnail","hentry","category-independence","tag-berenger-vina-ballgobin","tag-mmm-msm","tag-parti-travailliste","tag-pmsd","tag-ramgoolam","tag-remake-2000"],"jetpack_publicize_connections":[],"jetpack_featured_media_url":"https:\/\/i0.wp.com\/www.mauritiustimes.com\/mt\/wp-content\/uploads\/2016\/12\/MT-Logokk.jpg?fit=1200%2C880&ssl=1","jetpack_sharing_enabled":true,"jetpack_shortlink":"https:\/\/wp.me\/p8QzSF-zx","_links":{"self":[{"href":"https:\/\/www.mauritiustimes.com\/mt\/wp-json\/wp\/v2\/posts\/2203","targetHints":{"allow":["GET"]}}],"collection":[{"href":"https:\/\/www.mauritiustimes.com\/mt\/wp-json\/wp\/v2\/posts"}],"about":[{"href":"https:\/\/www.mauritiustimes.com\/mt\/wp-json\/wp\/v2\/types\/post"}],"author":[{"embeddable":true,"href":"https:\/\/www.mauritiustimes.com\/mt\/wp-json\/wp\/v2\/users\/15"}],"replies":[{"embeddable":true,"href":"https:\/\/www.mauritiustimes.com\/mt\/wp-json\/wp\/v2\/comments?post=2203"}],"version-history":[{"count":0,"href":"https:\/\/www.mauritiustimes.com\/mt\/wp-json\/wp\/v2\/posts\/2203\/revisions"}],"wp:featuredmedia":[{"embeddable":true,"href":"https:\/\/www.mauritiustimes.com\/mt\/wp-json\/wp\/v2\/media\/6560"}],"wp:attachment":[{"href":"https:\/\/www.mauritiustimes.com\/mt\/wp-json\/wp\/v2\/media?parent=2203"}],"wp:term":[{"taxonomy":"category","embeddable":true,"href":"https:\/\/www.mauritiustimes.com\/mt\/wp-json\/wp\/v2\/categories?post=2203"},{"taxonomy":"post_tag","embeddable":true,"href":"https:\/\/www.mauritiustimes.com\/mt\/wp-json\/wp\/v2\/tags?post=2203"}],"curies":[{"name":"wp","href":"https:\/\/api.w.org\/{rel}","templated":true}]}}