{"id":2108,"date":"2013-01-18T10:16:19","date_gmt":"2013-01-18T10:16:19","guid":{"rendered":"http:\/\/mauritiustimes.com\/mt\/2013\/01\/18\/interview-sydney-selvon-7\/"},"modified":"2019-05-21T12:47:40","modified_gmt":"2019-05-21T08:47:40","slug":"interview-sydney-selvon-7","status":"publish","type":"post","link":"https:\/\/www.mauritiustimes.com\/mt\/interview-sydney-selvon-7\/","title":{"rendered":"\u00ab\u00a0L\u2019arbitraire actuel d\u00e9nonc\u00e9 par l\u2019Opposition parlementaire est le fait de tous les membres du gouvernement\u2026 Personne ne peut s\u2019esquiver ou s\u2019excuser\u00a0\u00bb"},"content":{"rendered":"<h4 class=\"ListParagraph\" style=\"margin: 6pt 0in; text-align: center;\"><span style=\"text-decoration: underline; color: #ff0000;\"><span style=\"font-family: Verdana; mso-bidi-font-family: Arial; mso-ansi-language: EN-US;\">Interview: Sydney Selvon- Journaliste et Historien<\/span><\/span><\/h4>\n<p><!--more--><\/p>\n<p class=\"ListParagraph\" style=\"margin: 6pt 0in; text-align: center;\"><span style=\"text-decoration: underline;\"><span style=\"font-family: Verdana; mso-bidi-font-family: Arial; mso-ansi-language: EN-US;\"><img data-recalc-dims=\"1\" loading=\"lazy\" decoding=\"async\" data-attachment-id=\"11449\" data-permalink=\"https:\/\/www.mauritiustimes.com\/mt\/on-ne-peut-pas-remplacer-paul-berenger-dans-le-contexte-immediat-mais-il-devra-partir-tot-ou-tard\/sydney-selvon4-2\/\" data-orig-file=\"https:\/\/i0.wp.com\/www.mauritiustimes.com\/mt\/wp-content\/uploads\/2018\/01\/Sydney-Selvon4.jpg?fit=900%2C405&amp;ssl=1\" data-orig-size=\"900,405\" data-comments-opened=\"1\" data-image-meta=\"{&quot;aperture&quot;:&quot;0&quot;,&quot;credit&quot;:&quot;&quot;,&quot;camera&quot;:&quot;&quot;,&quot;caption&quot;:&quot;&quot;,&quot;created_timestamp&quot;:&quot;0&quot;,&quot;copyright&quot;:&quot;&quot;,&quot;focal_length&quot;:&quot;0&quot;,&quot;iso&quot;:&quot;0&quot;,&quot;shutter_speed&quot;:&quot;0&quot;,&quot;title&quot;:&quot;&quot;,&quot;orientation&quot;:&quot;0&quot;}\" data-image-title=\"Sydney Selvon4\" data-image-description=\"\" data-image-caption=\"\" data-large-file=\"https:\/\/i0.wp.com\/www.mauritiustimes.com\/mt\/wp-content\/uploads\/2018\/01\/Sydney-Selvon4.jpg?fit=640%2C288&amp;ssl=1\" class=\"aligncenter size-full wp-image-11449\" src=\"https:\/\/i0.wp.com\/www.mauritiustimes.com\/mt\/wp-content\/uploads\/2018\/01\/Sydney-Selvon4.jpg?resize=640%2C288&#038;ssl=1\" alt=\"\" width=\"640\" height=\"288\" srcset=\"https:\/\/i0.wp.com\/www.mauritiustimes.com\/mt\/wp-content\/uploads\/2018\/01\/Sydney-Selvon4.jpg?w=900&amp;ssl=1 900w, https:\/\/i0.wp.com\/www.mauritiustimes.com\/mt\/wp-content\/uploads\/2018\/01\/Sydney-Selvon4.jpg?resize=300%2C135&amp;ssl=1 300w, https:\/\/i0.wp.com\/www.mauritiustimes.com\/mt\/wp-content\/uploads\/2018\/01\/Sydney-Selvon4.jpg?resize=768%2C346&amp;ssl=1 768w\" sizes=\"auto, (max-width: 640px) 100vw, 640px\" \/><\/span><\/span><\/p>\n<h3 class=\"ListParagraph\" style=\"margin: 6pt 0in; text-align: center;\"><strong><span lang=\"FR\" style=\"font-family: Verdana; mso-bidi-font-family: Arial;\">\u00ab\u00a0Aucun des deux 60-0 n\u2019a \u00e9t\u00e9 provoqu\u00e9 par la presse, mais par des courants profonds dans l\u2019\u00e9lectorat et des gouvernements qui s\u2019autod\u00e9truisaient\u00a0\u00bb<\/span><\/strong><\/h3>\n<h4 class=\"ListParagraph\" style=\"margin: 6pt 0in; text-align: center;\"><span lang=\"FR\" style=\"font-family: Verdana; color: #000000;\">\u00ab\u00a0Pravind Jugnauth prend de plus en plus d\u2019\u00e9paisseur dans l\u2019ar\u00e8ne politique pour avoir \u00e9t\u00e9 victime de l\u2019arbitraire\u00a0\u00bb <\/span><\/h4>\n<p>&nbsp;<\/p>\n<hr \/>\n<p class=\"MsoNormal\" style=\"margin: 6.0pt 0in 6.0pt 0in;\"><span style=\"color: #000000;\"><strong><span lang=\"FR\" style=\"font-family: Verdana; mso-bidi-font-family: Arial;\">L\u2019affaire MedPoint n\u2019est pas encore r\u00e9solue : les citoyens attendent avec patience le d\u00e9nouement. Mais voil\u00e0 que plusieurs autres affaires d\u00e9frayent la chronique et ouvrent plusieurs interrogations. Est-ce que l\u2019utilisation de la police et du syst\u00e8me judiciaire provient d\u2019une volont\u00e9 d\u2019asseoir une certaine autorit\u00e9 gouvernementale ? C\u2019est le d\u00e9sir de censurer une partie de la presse, cat\u00e9goris\u00e9e anti-gouvernement? Y d\u00e9celerait-on un jeu politique complexe et inextricable o\u00f9 s\u2019entrem\u00ealent la volont\u00e9 des activistes et l\u2019acharnement des hommes et femmes politiques?<\/span><\/strong><\/span><\/p>\n<hr \/>\n<p class=\"ListParagraph\" style=\"margin: 6.0pt 0in 6.0pt 0in;\"><span style=\"color: #000000;\"><strong><span style=\"font-family: Verdana; mso-bidi-font-family: Arial; mso-ansi-language: EN-US;\">Mauritius<\/span><\/strong><strong><span style=\"font-family: Verdana; mso-bidi-font-family: Arial; mso-ansi-language: EN-US;\"> Times: On attribue \u00e0 Denis Healey cette citation\u00a0: <em>\u2018It is a good thing to follow the First Law of Holes\u00a0: if you are in one, stop digging\u00a0!\u201d<\/em> <\/span><\/strong><strong><span lang=\"FR\" style=\"font-family: Verdana; mso-bidi-font-family: Arial;\">Or, il semblerait que certains, dans les coulisses du pouvoir, sont bien partis pour privil\u00e9gier la <em>\u2018Second Law of Holes\u2019\u00a0: \u2018Keep digging\u00a0!\u2019.<\/em> Qu\u2019en pensez-vous\u00a0? <\/span><\/strong><\/span><\/p>\n<p class=\"MsoNormal\" style=\"margin: 6.0pt 0in 6.0pt 0in;\"><span style=\"color: #000000;\"><strong><span lang=\"FR\" style=\"font-family: Verdana; mso-bidi-font-family: Arial;\">Sydney Selvon\u00a0:<\/span><\/strong><span lang=\"FR\" style=\"font-family: Verdana; mso-bidi-font-family: Arial;\"> C\u2019est la deuxi\u00e8me loi qui s\u2019applique\u00a0! En plus, il y a aussi, d\u00e9sormais, une troisi\u00e8me loi\u00a0: \u00ab\u00a0Keep gagging\u00a0\u00bb. Mardi soir, j\u2019ai \u00e9t\u00e9 profond\u00e9ment choqu\u00e9 par une tentative de la police d\u2019interroger Jacques Rivet, directeur du quotidien <em>Le Mauricien<\/em> et de l\u2019hebdomadaire <em>Week-End<\/em> \u00ab\u00a0under warning\u00a0\u00bb. <\/span><\/span><\/p>\n<p class=\"MsoNormal\" style=\"margin: 6.0pt 0in 6.0pt 0in;\"><span lang=\"FR\" style=\"font-family: Verdana; color: #000000;\">Imaginez le tort que son arrestation aurait fait \u00e0 celui qui creuse ce trou que vous \u00e9voquez\u2026 Jacques est journaliste depuis plus d\u2019un demi-si\u00e8cle, et c\u2019\u00e9tait son p\u00e8re, le grand tribun Raoul Rivet, qui avait pr\u00e9sent\u00e9 le p\u00e8re de Navin Ramgoolam dans l\u2019ar\u00e8ne \u00e9lectorale en pr\u00e9disant que le jeune m\u00e9decin d\u2019alors irait loin en politique. <\/span><\/p>\n<p class=\"MsoNormal\" style=\"margin: 6.0pt 0in 6.0pt 0in;\"><span lang=\"FR\" style=\"font-family: Verdana; color: #000000;\">Personne n\u2019est au-dessus des lois, mais dites-moi quel crime aurait commis Jacques Rivet qui lui vaudrait d\u2019\u00eatre interrog\u00e9 \u00ab\u00a0under warning\u00a0\u00bb, c&#8217;est-\u00e0-dire sous la menace d\u2019\u00eatre envoy\u00e9 en prison\u00a0? <\/span><\/p>\n<p class=\"MsoNormal\" style=\"margin: 6.0pt 0in 6.0pt 0in;\"><span lang=\"FR\" style=\"font-family: Verdana; color: #000000;\">J\u2019ai, tout de suite, t\u00e9l\u00e9phon\u00e9 \u00e0 Jacques pour lui exprimer mon indignation. Nous, journalistes, et je ne passerai pas par quatre chemins, nous ne savons toujours pas si la nouvelle de 13 pr\u00e9tendues rencontres politiques d\u2019opposants h\u00e9t\u00e9roclites \u00e9tait une v\u00e9rit\u00e9 ou un pas, venant d\u2019un gouvernement sur la d\u00e9fensive apr\u00e8s des \u00e9lections municipales et villageoises qui indiquent, \u00e0 mon avis, un glissement peu n\u00e9gligeable. <\/span><\/p>\n<p class=\"MsoNormal\" style=\"margin: 6.0pt 0in 6.0pt 0in;\"><span lang=\"FR\" style=\"font-family: Verdana; color: #000000;\">C\u2019est au gouvernement de prouver devant les cours de justice qu\u2019il y avait eu 13 rencontres entre le tandem SAJ\/B\u00e9renger et Cehl Meeah, pas Jacques Rivet ou tout autre directeur ou r\u00e9dacteur d\u2019un journal qui aurait r\u00e9percut\u00e9 cette \u00ab\u00a0information\u00a0\u00bb venue de l\u2019appareil gouvernemental.<\/span><\/p>\n<p class=\"MsoNormal\" style=\"margin: 6.0pt 0in 6.0pt 0in;\"><span lang=\"FR\" style=\"font-family: Verdana; color: #000000;\">En mati\u00e8re de \u00ab\u00a0keep digging\u00a0\u00bb, il y a aussi l\u2019arrestation incompr\u00e9hensible en d\u00e9mocratie de Pravind Jugnauth, dans sa r\u00e9sidence, en pr\u00e9sence de sa famille, et son interrogatoire nocturne pendant 16 heures le troisi\u00e8me jour de l\u2019an\u2026 Il est accus\u00e9 seulement d\u2019avoir critiqu\u00e9 le gouvernement. <\/span><\/p>\n<p class=\"ListParagraph\" style=\"margin: 6.0pt 0in 6.0pt 0in;\"><span style=\"color: #000000;\"><strong><span lang=\"FR\" style=\"font-family: Verdana; mso-bidi-font-family: Arial;\">* Quelle va \u00eatre la port\u00e9e de cette \u00ab\u00a0affaire\u00a0\u00bb sur le plan politique\u00a0?<\/span><\/strong><\/span><\/p>\n<p class=\"MsoNormal\" style=\"margin: 6.0pt 0in 6.0pt 0in;\"><span lang=\"FR\" style=\"font-family: Verdana; color: #000000;\">La port\u00e9e est tr\u00e8s grave. Cette arrestation \u00e9tait inutile pour Ramgoolam et ses alli\u00e9s au pouvoir. Tous les jours depuis que la politique existe et avant, il y a eu et il y a des gens qui disent en public\u00a0: \u00ab\u00a0gouvernement domin\u00e8re, gouvernement cokin nou kass, gouvernement vol\u00e8re\u00a0\u00bb, donc \u00ab\u00a0gouvernement ceci, gouvernement cela\u00a0\u00bb. Et, \u00e0 moins que le gouvernement ne veuille instaurer un Etat policier, cela n\u2019est ni s\u00e9ditieux ni diffamatoire. C\u2019est un commentaire. L\u2019Etat n\u2019est pas menac\u00e9. Pas m\u00eame un tout petit fr\u00e9tillement de r\u00e9volution populaire n\u2019en a r\u00e9sult\u00e9, sauf un sentiment d\u2019indignation tout \u00e0 fait l\u00e9gitime. L\u2019indignation est permise en d\u00e9mocratie, et l\u2019arrestation de Pravind Jugnauth, pour s\u2019\u00eatre indign\u00e9, rel\u00e8ve uniquement de l\u2019arbitraire. Il n\u2019y a aucune autre explication rationnelle.<\/span><\/p>\n<p class=\"MsoNormal\" style=\"margin: 6.0pt 0in 6.0pt 0in;\"><span lang=\"FR\" style=\"font-family: Verdana; color: #000000;\">Son commentaire \u00e9tait \u00e0 la mesure de ce qui a \u00e9t\u00e9 r\u00e9v\u00e9l\u00e9 au Parlement et par des documents et des t\u00e9moignages accablants. Cela m\u00e9ritait une enqu\u00eate imm\u00e9diate, sans donner le temps \u00e0 quiconque, surtout les t\u00e9moins, de tenter de d\u00e9naturer les faits, un principe \u00e9l\u00e9mentaire du syst\u00e8me de justice. D\u2019autant plus que notre soci\u00e9t\u00e9 est \u00ab\u00a0sur-traditionalis\u00e9e\u00a0\u00bb par les obscurantistes et autres \u00ab\u00a0rodere bouttes\u00a0\u00bb\u2026 <\/span><\/p>\n<p class=\"MsoNormal\" style=\"margin: 6.0pt 0in 6.0pt 0in;\"><span lang=\"FR\" style=\"font-family: Verdana; color: #000000;\">Notre soci\u00e9t\u00e9, en plus, a beaucoup de pr\u00e9jug\u00e9s contre les femmes, et pour beaucoup, il s\u2019agit d\u2019une question d\u2019honneur bless\u00e9, ce qui, au fond, force les victimes d\u2019abus sexuel(s) \u00e0 mentir et \u00e0 se taire. On a vu \u00e0 quoi cela m\u00e8ne en Inde, o\u00f9 il y a un sursaut salutaire des femmes et de l\u2019opinion publique. Pravind Jugnauth avait raison d\u2019intervenir vigoureusement et il y a peut-\u00eatre 600,000 femmes et jeunes filles qui voudraient que le coupable soit puni d\u2019une mani\u00e8re exemplaire, dans la mesure o\u00f9 il y en aurait un. <\/span><\/p>\n<p class=\"MsoNormal\" style=\"margin: 6.0pt 0in 6.0pt 0in;\"><span lang=\"FR\" style=\"font-family: Verdana; color: #000000;\">On ne prend pas trois mois pour v\u00e9rifier m\u00e9dicalement un cas pareil et faire le tour des t\u00e9moignages, comme l\u2019a d\u00e9cid\u00e9 le gouvernement par le biais d\u2019un \u2018fact finding committee\u2019 alors que l\u2019affaire rel\u00e8ve de la police et du syst\u00e8me judiciaire. <\/span><\/p>\n<p class=\"MsoNormal\" style=\"margin: 6.0pt 0in 6.0pt 0in;\"><span lang=\"FR\" style=\"font-family: Verdana; color: #000000;\">Il y a clairement, dans la d\u00e9cision prise d\u2019arr\u00eater Pravind Jugnauth, l\u2019\u00e9vidence qu\u2019il y a quelqu\u2019un qui est dans un trou et qui est en train de \u00ab\u00a0keep digging\u00a0\u00bb selon l\u2019expression que vous avez cit\u00e9e. <\/span><\/p>\n<p class=\"ListParagraph\" style=\"margin: 6.0pt 0in 6.0pt 0in;\"><span style=\"color: #000000;\"><strong><span lang=\"FR\" style=\"font-family: Verdana; mso-bidi-font-family: Arial;\">* Pensez-vous que les libert\u00e9s soient menac\u00e9es comme certains critiques du gouvernement l\u2019affirment dans la presse et aussi dans l\u2019opposition\u00a0?<\/span><\/strong><\/span><\/p>\n<p class=\"MsoNormal\" style=\"margin: 6.0pt 0in 6.0pt 0in;\"><span lang=\"FR\" style=\"font-family: Verdana; color: #000000;\">En fait, l\u2019impression qui se d\u00e9gage de tout cela est qu\u2019il y a un Etat autoritaire qui s\u2019installe insidieusement si l\u2019on n\u2019y prend garde. Les citoyens, les adversaires politiques et les syndicalistes deviennent soudain \u00ab\u00a0arrestable\u00a0\u00bb \u00e0 tout bout de champ. J\u2019esp\u00e8re que ce n\u2019est qu\u2019une impression. <\/span><\/p>\n<p class=\"MsoNormal\" style=\"margin: 6.0pt 0in 6.0pt 0in;\"><span lang=\"FR\" style=\"font-family: Verdana; color: #000000;\">Mais le fait est que les arrestations d\u2019opposants et de syndicalistes se multiplient depuis quelque temps \u00e0 Maurice et on les rel\u00e2che parce que l\u2019affaire ne tiendra pas devant la justice. Cela ressemble \u00e0 une tentative de terroriser les critiques et les opposants. <\/span><\/p>\n<p class=\"MsoNormal\" style=\"margin: 6.0pt 0in 6.0pt 0in;\"><span lang=\"FR\" style=\"font-family: Verdana; color: #000000;\">A l\u2019\u00e9poque, j\u2019avais \u00e9t\u00e9 arr\u00eat\u00e9 pour un faux d\u00e9lit de tentative de braconnage. J\u2019avais t\u00e9l\u00e9phon\u00e9 au Premier ministre d\u2019alors, sir Anerood Jugnauth, pour lui demander ceci\u00a0: \u00ab Comment peut-on arr\u00eater une personne qui n\u2019avait m\u00eame pas une balle de fusil sur lui\u00a0?\u00a0\u00bb Il a men\u00e9 sa petite enqu\u00eate et m\u2019a fait une d\u00e9claration claire et nette que j\u2019avais publi\u00e9e dans <em>Le Mauricien<\/em> \u00e0 la une, SAJ disant que j\u2019avais \u00e9t\u00e9 victime d\u2019une machination. <\/span><\/p>\n<p class=\"MsoNormal\" style=\"margin: 6.0pt 0in 6.0pt 0in;\"><span lang=\"FR\" style=\"font-family: Verdana; color: #000000;\">Cela prouve qu\u2019\u00e0 Maurice comme ailleurs dans le monde, l\u2019appareil d\u2019Etat peut \u00e9chapper \u00e0 tout contr\u00f4le et tenter d\u2019instaurer la terreur, mais soit le Premier ministre laisse faire, soit il met un terme \u00e0 ces arrestations arbitraires qui sont, en plus, effectu\u00e9es par des policiers qui, probablement, n\u2019ont m\u00eame pas une notion solide des lois. <\/span><\/p>\n<p class=\"MsoNormal\" style=\"margin: 6.0pt 0in 6.0pt 0in;\"><span style=\"color: #000000;\"><strong><span lang=\"FR\" style=\"font-family: Verdana; mso-bidi-font-family: Arial;\">* En tout cas, on peut compter sur l\u2019habilet\u00e9 de l\u2019opposition MMM-MSM pour pousser le gouvernement dans ses derniers retranchements. Pensez-vous qu\u2019elle va r\u00e9ussir \u00e0 faire monter la mayonnaise contre le pouvoir, ou est-ce tout simplement un feu de paille, donc conjoncturel, et qui sera vite oubli\u00e9 dans quelques semaines\u00a0?<\/span><\/strong><\/span><\/p>\n<p class=\"MsoNormal\" style=\"margin: 6.0pt 0in 6.0pt 0in;\"><span lang=\"FR\" style=\"font-family: Verdana; color: #000000;\">Ce n\u2019est ni une mayonnaise, ni un feu de paille, et je dirai m\u00eame plus\u00a0: ce sont plut\u00f4t des sables mouvants. En d\u00e9mocratie, le r\u00f4le de l\u2019opposition est de d\u00e9stabiliser constitutionnellement le gouvernement en place par un seul moyen, c\u2019est-\u00e0-dire en tentant de mettre le gouvernement en minorit\u00e9. Cela s\u2019est produit dans les ann\u00e9es 70 o\u00f9 le gouvernement avait \u00e9t\u00e9 mis en minorit\u00e9 sur divers items du budget gr\u00e2ce \u00e0 une dissension au sein du r\u00e9gime, men\u00e9e par Harish Boodhoo et d\u2019autres d\u00e9put\u00e9s. <\/span><\/p>\n<p class=\"MsoNormal\" style=\"margin: 6.0pt 0in 6.0pt 0in;\"><span lang=\"FR\" style=\"font-family: Verdana; color: #000000;\">La mise en minorit\u00e9 du gouvernement est pr\u00e9vue dans la loi supr\u00eame du pays qui pr\u00e9voit ce qui doit se passer lorsqu\u2019un Premier ministre est en mis en minorit\u00e9. Il doit s\u2019assurer de trois majorit\u00e9s\u00a0: au sein du Cabinet, au sein de son groupe parlementaire et au sein de son parti pour ne pas perdre son poste de chef du gouvernement. <\/span><\/p>\n<p class=\"MsoNormal\" style=\"margin: 6.0pt 0in 6.0pt 0in;\"><span lang=\"FR\" style=\"font-family: Verdana; color: #000000;\">Toutes les d\u00e9cisions doivent \u00eatre obligatoirement avalis\u00e9es par le Cabinet sinon elles ne peuvent pas \u00eatre appliqu\u00e9es. Ce qui revient aussi \u00e0 constater que l\u2019arbitraire actuel d\u00e9nonc\u00e9 par l\u2019Opposition parlementaire est le fait de tous les membres du gouvernement et c\u2019est la Constitution, pas moi, qui le dis. Personne ne peut s\u2019esquiver ou s\u2019excuser. C\u2019est la responsabilit\u00e9 collective. On doit alors comprendre qu\u2019il y a toute latitude pour que les autres membres du gouvernement demandent au Premier ministre de r\u00e9orienter sa politique pour que la d\u00e9rive autoritaire ne se poursuive pas.<\/span><\/p>\n<p class=\"MsoNormal\" style=\"margin: 6.0pt 0in 6.0pt 0in;\"><span lang=\"FR\" style=\"font-family: Verdana; color: #000000;\">Je crois que l\u2019Opposition fait son devoir en tentant de pousser le gouvernement dans ses derniers retranchements. Ce faisant, rien ne va l\u2019arr\u00eater jusqu\u2019aux \u00e9lections g\u00e9n\u00e9rales surtout que le gouvernement d\u00e9pend \u00e9norm\u00e9ment de parlementaires ayant \u00ab\u00a0crossed the floor\u00a0\u00bb comme dans les ann\u00e9es 70. Le gouvernement s\u2019est auto-fragilis\u00e9.<\/span><\/p>\n<p class=\"MsoNormal\" style=\"margin: 6.0pt 0in 6.0pt 0in;\"><span lang=\"FR\" style=\"font-family: Verdana; color: #000000;\">Et ce serait faire injure \u00e0 l\u2019intelligence des Mauriciens que de ne pas tenir compte du fait qu\u2019ils sont tr\u00e8s nombreux dans l\u2019\u00e9lectorat de tous les partis politiques, y compris le PTr et le PMSD, \u00e0 s\u2019\u00e9lever contre l\u2019arbitraire, les fausses accusations (une d\u00e9j\u00e0 rejet\u00e9e par le DPP), la censure des radios et de la presse r\u00e9instaur\u00e9e pour la premi\u00e8re fois depuis la p\u00e9riode de censure de 1971-1976. <\/span><\/p>\n<p class=\"MsoNormal\" style=\"margin: 6.0pt 0in 6.0pt 0in;\"><span lang=\"FR\" style=\"font-family: Verdana; color: #000000;\">C\u2019est une censure contre laquelle m\u00eame les journaux pro-travaillistes et pro-PMSD (sous le gouvernement PTr-PMSD-CAM) ont eu le courage de protester. Ils avaient, y compris le grand journaliste et excellent backbencher travailliste, Beekrumsing Ramlallah, et les courageux Philippe et Jean-Pierre Lenoir, du <em>Cern\u00e9en<\/em>, avaient rejet\u00e9 la censure solidairement avec tous les autres titres de la presse du pays. Ramlallah et les Lenoir avaient toujours eu le courage de leurs opinions, mais cette race d\u2019hommes courageux et consciencieux se fait rare.<\/span><\/p>\n<p class=\"MsoNormal\" style=\"margin: 6.0pt 0in 6.0pt 0in;\"><span lang=\"FR\" style=\"font-family: Verdana; color: #000000;\">Aujourd\u2019hui, \u00e0 Maurice, il nous reste heureusement l\u2019outil \u00e9lectoral. On a eu les \u00e9lections municipales et villageoises et dans les deux cas, il y avait un message net et clair au gouvernement venant de l\u2019\u00eele Maurice profonde. Il y a eu une bonne performance de l\u2019opposition constitutionnelle dans les villages et les villes. Le syst\u00e8me \u00e9lectoral est le dernier recours de l\u2019\u00e9lectorat pour sanctionner un gouvernement d\u2019une mani\u00e8re d\u00e9mocratique. <\/span><\/p>\n<p class=\"MsoNormal\" style=\"margin: 6.0pt 0in 6.0pt 0in;\"><span lang=\"FR\" style=\"font-family: Verdana; color: #000000;\">Durant plusieurs ann\u00e9es, j\u2019ai \u00e9t\u00e9 r\u00e9dacteur en chef au Canada dans trois journaux d\u2019un tr\u00e8s grand groupe multinational de presse, Bowes Publishers\/Quebecor, le plus gros du monde (dans lequel travaillait aussi un journaliste mauricien de talent, Jooneed Jeeroburkhan). Et j\u2019ai travaill\u00e9 au sein du Fairfax Media, un autre grand groupe en Australie. Je peux vous dire, en tant que journaliste rompu aux pratiques journalistiques des grandes d\u00e9mocraties, que ce que je vois ici est extr\u00eamement choquant par rapport \u00e0 la d\u00e9mocratie canadienne ou celle de l\u2019Australie avec tout ce qu\u2019on peut quand m\u00eame leur reprocher. <\/span><\/p>\n<p class=\"MsoNormal\" style=\"margin: 6.0pt 0in 6.0pt 0in;\"><span lang=\"FR\" style=\"font-family: Verdana; color: #000000;\">Le fait est que si je dis en public que le gouvernement est incomp\u00e9tent, il se pourrait que la pratique veuille maintenant, \u00e9tant donn\u00e9 la mani\u00e8re de fonctionner de la justice, que le gouvernement puisse trouver cela s\u00e9ditieux et me faire jeter en prison un vendredi apr\u00e8s-midi pour m\u2019emp\u00eacher d\u2019en sortir avant lundi parce que les Cours ne si\u00e8gent pas les week-ends. Ils sont nombreux \u00e0 Maurice qui passent ainsi tout un week-end derri\u00e8re les barreaux. <\/span><\/p>\n<p class=\"MsoNormal\" style=\"margin: 6.0pt 0in 6.0pt 0in;\"><span lang=\"FR\" style=\"font-family: Verdana; color: #000000;\">On peut \u00eatre pro-gouvernemental, c\u2019est un droit. Mais c\u2019est aussi un droit qu\u2019on a de ne pas accepter une situation pareille. Le plus dangereux pour Ramgoolam, c\u2019est que certains Travaillistes finissent par aller voter pour l\u2019opposition men\u00e9e par SAJ, et de ne revenir au parti que lorsqu\u2019il changera radicalement et positivement d\u2019orientation. <\/span><\/p>\n<p class=\"MsoNormal\" style=\"margin: 6.0pt 0in 6.0pt 0in;\"><span lang=\"FR\" style=\"font-family: Verdana; color: #000000;\">Un jeune se disant Travailliste sur Facebook a courageusement avou\u00e9 avoir honte de ce qui se passe actuellement. Il n\u2019est pas le seul, sans doute. Il y a des le\u00e7ons \u00e0 tirer pour le gouvernement des \u00e9lections r\u00e9gionales mais il semble ne pas vouloir en tirer.<\/span><\/p>\n<p class=\"ListParagraph\" style=\"margin: 6.0pt 0in 6.0pt 0in;\"><span style=\"color: #000000;\"><strong><span lang=\"FR\" style=\"font-family: Verdana; mso-bidi-font-family: Arial;\">* Au-del\u00e0 de certaines initiatives surprenantes de la police dans les enqu\u00eates en cours actuellement, il y a aussi la presse \u2013 du moins deux groupes de presse qui, selon les porte-parole du PTr, seraient \u00ab\u00a0en connivence\u00a0\u00bb avec l\u2019opposition pour abattre \u2018le gouvernement de Ramgoolam\u2019. Comment r\u00e9agissez-vous devant ces initiatives polici\u00e8res et les prises de position de la presse par rapport \u00e0 toute cette affaire\u00a0?<\/span><\/strong><\/span><\/p>\n<p class=\"MsoNormal\" style=\"margin: 6.0pt 0in 6.0pt 0in;\"><span lang=\"FR\" style=\"font-family: Verdana; color: #000000;\">Vous savez, personne ne peut \u00eatre d\u2019accord avec tout ce que dit la presse. Mais si la presse et la population en Inde n\u2019avaient pas critiqu\u00e9 le gouvernement indien dans le sillage non pas d\u2019un viol odieux, mais du viol en tant que fl\u00e9au aux proportions ph\u00e9nom\u00e9nales avec soutirage policier en plus, l\u2019Inde n\u2019aurait pas progress\u00e9 dans la d\u00e9fense des droits de la personne humaine. D\u2019ailleurs, ce progr\u00e8s n\u2019est pas encore acquis. <\/span><\/p>\n<p class=\"MsoNormal\" style=\"margin: 6.0pt 0in 6.0pt 0in;\"><span lang=\"FR\" style=\"font-family: Verdana; color: #000000;\">Lorsque Pravind Jugnauth d\u00e9nonce un cas d\u2019abus sexuel, sans doute r\u00e9pandu \u00e0 Maurice comme dans beaucoup d\u2019autres pays et pas seulement en Inde, un abus sexuel d\u00e9j\u00e0 consid\u00e9r\u00e9 comme \u00e9tant commun par les organisations des droits de la personne, quel crime a-t-il commis pour qu\u2019il soit d\u00e9nonc\u00e9 et arr\u00eat\u00e9\u00a0? Quel crime la presse a-t-elle commise en rapportant ses propos\u00a0? Pourquoi est-il prioritaire d\u2019arr\u00eater Pravind Jugnauth le 3<sup>\u00e8me<\/sup> jour de l\u2019an, mais le gouvernement se donne trois mois pour consid\u00e9rer ce dossier\u00a0? <\/span><\/p>\n<p class=\"MsoNormal\" style=\"margin: 6.0pt 0in 6.0pt 0in;\"><span lang=\"FR\" style=\"font-family: Verdana; color: #000000;\">En ce qu\u2019il s\u2019agit du pouvoir attribu\u00e9 \u00e0 des journaux particuliers, il y a des moyens aujourd\u2019hui de les contredire sur leur(s) site(s), sur Facebook et d\u2019autres sites sociaux, et dans leurs propres colonnes o\u00f9 ils publient des mises au point. <\/span><\/p>\n<p class=\"MsoNormal\" style=\"margin: 6.0pt 0in 6.0pt 0in;\"><span style=\"color: #000000;\"><em><span lang=\"FR\" style=\"font-family: Verdana; mso-bidi-font-family: Arial;\">Le Mauricien<\/span><\/em><span lang=\"FR\" style=\"font-family: Verdana; mso-bidi-font-family: Arial;\"> a deux pages ou plus de Forum qui sont tr\u00e8s lues, y compris sur son site Internet. Les autres journaux offrent \u00e9galement les m\u00eames droits de r\u00e9ponse et de r\u00e9futation d\u2019arguments ou d\u2019articles avec lesquels tel ou tel lecteur n\u2019est pas d\u2019accord. Les compagnies qui se sentent vis\u00e9es ont des porte-parole qui peuvent facilement r\u00e9diger des mises au point. <\/span><\/span><\/p>\n<p class=\"MsoNormal\" style=\"margin: 6.0pt 0in 6.0pt 0in;\"><span lang=\"FR\" style=\"font-family: Verdana; color: #000000;\">Le gouvernement critique souvent la presse publiquement mais il a le monopole des ondes avec une douzaine de cha\u00eenes t\u00e9l\u00e9visuelles. En plus, l\u2019information est m\u00eame d\u00e9bit\u00e9e sur les ondes des cha\u00eenes gouvernementales de mani\u00e8re, \u00e0 mon avis, \u00e0 contrecarrer les opinions de la moiti\u00e9 de la population (qui pourtant paie ses redevances TV). Il y a des journaux pro-gouvernementaux et anti-opposition. Je suis d\u2019avis qu\u2019il n\u2019y a pas de d\u00e9s\u00e9quilibre profond, surtout que les tirages des journaux sont en baisse. <\/span><\/p>\n<p class=\"MsoNormal\" style=\"margin: 6.0pt 0in 6.0pt 0in;\"><span lang=\"FR\" style=\"font-family: Verdana; color: #000000;\">De plus, chaque ministre &#8211; et il n\u2019y a pas une seule exception &#8211; est en contact direct, en permanence, jour et nuit, au moyen de son t\u00e9l\u00e9phone portable, avec les groupes <em>Le Mauricien\/Weekend <\/em>et<em> La Sentinelle.<\/em><\/span><\/p>\n<p class=\"MsoNormal\" style=\"margin: 6.0pt 0in 6.0pt 0in;\"><span lang=\"FR\" style=\"font-family: Verdana; color: #000000;\">Jadis, SAJ, Premier ministre, publiait des mises au point en intervenant personnellement dans la presse apr\u00e8s des critiques s\u00e9v\u00e8res \u00e0 son encontre. Son attach\u00e9 de presse, Nando Bodha, homme des m\u00e9dias dou\u00e9 d\u2019une belle intelligence, se faisait un devoir de r\u00e9diger sa r\u00e9action. <\/span><\/p>\n<p class=\"MsoNormal\" style=\"margin: 6.0pt 0in 6.0pt 0in;\"><span lang=\"FR\" style=\"font-family: Verdana; color: #000000;\">Il est \u00e9vident que la presse, quels que soient parfois ses manquements et d\u00e9fauts, ne devrait pas faire l\u2019objet d\u2019arrestations arbitraires qui tendent \u00e0 augmenter depuis quelques ann\u00e9es. Il y a des proc\u00e8s qu\u2019on peut faire \u00e0 la presse devant les cours de justice sur la base des lois normales, mais pas en se basant sur des lois d\u00e9su\u00e8tes au 21<sup>\u00e8me<\/sup> si\u00e8cle, comme la diffamation criminelle ou la s\u00e9dition, suppos\u00e9ment mettant l\u2019Etat en danger d\u2019\u00eatre renvers\u00e9 \u00e0 cause de l\u2019expression d\u2019une opinion critique. <\/span><\/p>\n<p class=\"MsoNormal\" style=\"margin: 6.0pt 0in 6.0pt 0in;\"><span lang=\"FR\" style=\"font-family: Verdana; color: #000000;\">En toute franchise, les journaux mauriciens sont loin d\u2019\u00eatre s\u00e9ditieux dans le vrai sens de ce mot. S\u2019ils sont contre le gouvernement, ils ont m\u00eame le droit d\u2019appeler leurs lecteurs \u00e0 \u00ab\u00a0vote out of office\u00a0\u00bb ce gouvernement comme cela se fait en Grande Bretagne ou aux Etats-Unis, le temps d\u2019une \u00e9lection nationale, ou contre ses candidats \u00e0 une \u00e9lection r\u00e9gionale. Ce n\u2019est pas de la s\u00e9dition. <\/span><\/p>\n<p class=\"MsoNormal\" style=\"margin: 6.0pt 0in 6.0pt 0in;\"><span lang=\"FR\" style=\"font-family: Verdana; color: #000000;\">On peut reprocher autre chose \u00e0 la presse, mais on ne peut pas jeter les journalistes en prison ou envoyer des gabelous pour les menacer d\u2019arrestation au moindre pr\u00e9texte, alors que pour les m\u00eames d\u00e9lits, il y a un traitement diff\u00e9rent pour les membres du gouvernement. <\/span><\/p>\n<p class=\"MsoNormal\" style=\"margin: 6.0pt 0in 6.0pt 0in;\"><span lang=\"FR\" style=\"font-family: Verdana; color: #000000;\">L\u2019arrestation des syndicalistes est tout autant condamnable, m\u00eame si on veut les verbaliser pour une obstruction de la voie publique. Que vient faire la prison dans tout cela\u00a0? <\/span><\/p>\n<p class=\"ListParagraph\" style=\"margin: 6.0pt 0in 6.0pt 0in;\"><span style=\"color: #000000;\"><strong><span lang=\"FR\" style=\"font-family: Verdana; mso-bidi-font-family: Arial;\">* Pour avoir \u00e9t\u00e9 longuement associ\u00e9 avec la presse, mais aussi avec certaines luttes politiques, dites-nous\u00a0: la presse est-elle vraiment capable de faire basculer le pouvoir en place\u00a0?<\/span><\/strong><\/span><\/p>\n<p class=\"MsoNormal\" style=\"margin: 6.0pt 0in 6.0pt 0in;\"><span lang=\"FR\" style=\"font-family: Verdana; color: #000000;\">Non. Par des r\u00e8glements de comptes qui n\u2019ont rien \u00e0 faire avec un jeu politique normal, Ramgoolam a cr\u00e9\u00e9 une situation triangulaire et non plus bipolaire. On ne peut mettre ce fait sur le dos de la presse. <\/span><\/p>\n<p class=\"MsoNormal\" style=\"margin: 6.0pt 0in 6.0pt 0in;\"><span lang=\"FR\" style=\"font-family: Verdana; color: #000000;\">La situation est plus grave. Et il y a plus \u00e0 venir, notamment dans l\u2019affaire MedPoint o\u00f9 Pravind Jugnauth va passer \u00e0 l\u2019offensive, comptant d\u00e9montrer, comme il l\u2019a promis, ceux qui ont initi\u00e9 l\u2019achat de la clinique avec documents du Cabinet minist\u00e9riel \u00e0 l\u2019appui. Va-t-on alors mettre cela sur le dos de la presse et non pas sur le compte d\u2019une affaire judiciaire qui pourrait prendre telle ou telle tournure inattendue\u00a0? <\/span><\/p>\n<p class=\"MsoNormal\" style=\"margin: 6.0pt 0in 6.0pt 0in;\"><span style=\"color: #000000;\"><strong><span lang=\"FR\" style=\"font-family: Verdana; mso-bidi-font-family: Arial;\">* On a vu, toutefois, dans certaines circonstances une section de la presse &#8211; qui ne cache pas ses sympathies pour le MMM &#8211; r\u00e9ussir \u00e0 briser les ambitions \u00e9lectorales de ce parti et devenir, malgr\u00e9 elle, l\u2019alli\u00e9 objectif du PTr. Cela, va-t-il se jouer diff\u00e9remment dans le contexte actuel\u00a0? <\/span><\/strong><\/span><\/p>\n<p class=\"MsoNormal\" style=\"margin: 6.0pt 0in 6.0pt 0in;\"><span lang=\"FR\" style=\"font-family: Verdana; color: #000000;\">Depuis plus de 30 ans, il y a des journalistes qui expriment des opinions tr\u00e8s critiques \u00e0 l\u2019\u00e9gard des Travaillistes pour la simple raison qu\u2019ils et elles ne partagent pas la culture travailliste. D\u2019autres journalistes critiquent B\u00e9renger ou SAJ parce qu\u2019ils ne partagent pas la culture MMM ou celle du MSM. Ils ne s\u2019en cachent pas \u00e9galement. Qu\u2019est-ce que cela change aux \u00e9lections\u00a0? Rien. <\/span><\/p>\n<p class=\"MsoNormal\" style=\"margin: 6.0pt 0in 6.0pt 0in;\"><span lang=\"FR\" style=\"font-family: Verdana; color: #000000;\">Je crois plus \u00e0 l\u2019autodestruction des pouvoirs politiques. <strong>\u201cThere\u2019s a guy in a hole and he keeps on digging\u2026 and gagging.\u201d<\/strong> Je ne sais pas pourquoi. Je ne connais pas la psychologie profonde derri\u00e8re ce comportement que la raison n\u2019explique pas. Mais ce n\u2019est pas la presse qui donne la victoire \u00e9lectorale dans un sens ou dans l\u2019autre. <\/span><\/p>\n<p class=\"MsoNormal\" style=\"margin: 6.0pt 0in 6.0pt 0in;\"><span lang=\"FR\" style=\"font-family: Verdana; color: #000000;\">Aucun des deux 60-0 n\u2019a \u00e9t\u00e9 provoqu\u00e9 par la presse, mais par des courants profonds dans l\u2019\u00e9lectorat et des gouvernements qui s\u2019autod\u00e9truisaient. <\/span><\/p>\n<p class=\"MsoNormal\" style=\"margin: 6.0pt 0in 6.0pt 0in;\"><span lang=\"FR\" style=\"font-family: Verdana; color: #000000;\">Si la \u00ab\u00a0section\u00a0\u00bb de la presse dont vous parlez \u00e9tait faiseuse de gouvernements, \u00e0 suivre le raisonnement des Travaillistes qui s\u2019en estiment victimes et pointent du doigt cette partie de la presse &#8211; \u00e0 tort, le MMM aurait gagn\u00e9 seul toutes les \u00e9lections g\u00e9n\u00e9rales de 1976 \u00e0 2010. Tel n\u2019a pas \u00e9t\u00e9 le cas et ces journaux accordent une tr\u00e8s large couverture aux Travaillistes. Cela dit, dans une soci\u00e9t\u00e9 d\u00e9mocratique moderne, tout journaliste a le droit \u00e0 son opinion politique. Il n\u2019y a aucune liste rigoureuse qu\u2019on peut dresser d\u2019informations politiques d\u00e9lib\u00e9r\u00e9ment fauss\u00e9es par la presse.<\/span><\/p>\n<p class=\"ListParagraph\" style=\"margin: 6.0pt 0in 6.0pt 0in;\"><span style=\"color: #000000;\"><strong><span lang=\"FR\" style=\"font-family: Verdana; mso-bidi-font-family: Arial;\">* Le \u2018gouvernement de Ramgoolam\u2019 d\u00e9range-t-il \u00e0 ce point cette presse, qualifi\u00e9e de \u00ab\u00a0succursale du Gros Capital\u00a0\u00bb par le r\u00e9dacteur d\u2019un hebdo,\u00a0qu\u2019il faut qu\u2019elle cherche \u00e0 le d\u00e9molir \u00e0 tout prix\u00a0?<\/span><\/strong><\/span><\/p>\n<p class=\"MsoNormal\" style=\"margin: 6.0pt 0in 6.0pt 0in;\"><span lang=\"FR\" style=\"font-family: Verdana; color: #000000;\">Le gros capital est synonyme de ceux qui contr\u00f4lent les plus gros business du pays. La presse manque d\u2019argent et les tirages des journaux baissent sans qu\u2019ils sachent comment s\u2019en sortir, \u00e0 l\u2019image de journaux qui coulaient comme le <em>Canberra Times<\/em> en Australie, ou le <em>Times <\/em>ou <em>The Independent<\/em> en Angleterre ou, \u00e0 un certain moment \u2013 le ph\u00e9nom\u00e8ne est mondial \u2013 les journaux de mon groupe au Canada, qui s\u2019en sont bien sortis en employant de nouvelles techniques dans tous les domaines du journalisme et du publishing, marketing, approche \u00e9ditoriale, etc. <\/span><\/p>\n<p class=\"MsoNormal\" style=\"margin: 6.0pt 0in 6.0pt 0in;\"><span lang=\"FR\" style=\"font-family: Verdana; color: #000000;\">Les journaux \u00e0 Maurice ne seraient pas dans cet \u00e9tat s\u2019ils avaient le soutien du \u00ab\u00a0gros capital\u00a0\u00bb. Le journalisme mauricien a beaucoup de faiblesses, bien qu\u2019il y ait quelques excellents \u2018investigative reporters\u2019 qui savent chercher l\u2019information. Mais l\u2019industrie de presse locale a beaucoup \u00e0 apprendre de la r\u00e9sistance des journaux, dans les grands pays, avec le recul des tirages de l\u2019\u00e9dition papier. <\/span><\/p>\n<p class=\"MsoNormal\" style=\"margin: 6.0pt 0in 6.0pt 0in;\"><span lang=\"FR\" style=\"font-family: Verdana; color: #000000;\">Mon groupe au Canada a m\u00eame un journal qui donne des iPads en cadeau aux abonn\u00e9s pour la lecture de ses \u00e9ditions online. Alors, s\u2019ils \u00e9taient aussi riches, les journaux mauriciens auraient radicalement affront\u00e9 le d\u00e9clin qui affecte pas mal de journaux. A mon avis, ces derniers ne savent pas comment r\u00e9agir pour faire remonter leurs tirages. Jean-Claude de l\u2019Estrac avait aussi \u00e9voqu\u00e9 publiquement l\u2019\u00e9conomie difficile des journaux. <\/span><\/p>\n<p class=\"MsoNormal\" style=\"margin: 6.0pt 0in 6.0pt 0in;\"><span lang=\"FR\" style=\"font-family: Verdana; color: #000000;\">Non, il n\u2019y a pas de transfert d\u2019argent sous tapis de la Plantation House \u00e0 la presse. Et il n\u2019y en a m\u00eame pas eu pour emp\u00eacher la fermeture du <em>Cern\u00e9en<\/em> qui \u00e9tait pourtant un d\u00e9fenseur acharn\u00e9 d\u2019un secteur sucrier privil\u00e9gi\u00e9 par la fortune. <\/span><\/p>\n<p class=\"MsoNormal\" style=\"margin: 6.0pt 0in 6.0pt 0in;\"><span lang=\"FR\" style=\"font-family: Verdana; color: #000000;\">Je ne connais aussi aucun confr\u00e8re qui se vend pour de l\u2019argent, m\u00eame si souvent ils sont mal pay\u00e9s. Cela ne veut pas dire, toutefois, que je suis d\u2019accord avec tout ce qui est \u00e9crit dans la presse, incluant les \u2018bias\u2019 et autres pr\u00e9jug\u00e9s qu\u2019on peut trouver dans l\u2019ensemble de la presse, tous les titres confondus, ou encore sur les ondes des cha\u00eenes publiques t\u00e9l\u00e9visuelles. <\/span><\/p>\n<p class=\"MsoNormal\" style=\"margin: 6.0pt 0in 6.0pt 0in;\"><span lang=\"FR\" style=\"font-family: Verdana; color: #000000;\">Maurice reste tr\u00e8s divis\u00e9e par l\u2019<em>ethnic<\/em> <em>politics.<\/em> Et il y a de gros sabots dans la presse, je dis bien tous les titres confondus, ou ailleurs, comme sur l\u2019\u00e9chiquier politique, qui peuvent heurter certaines susceptibilit\u00e9s. On a eu un cas tr\u00e8s m\u00e9diatis\u00e9 l\u2019ann\u00e9e derni\u00e8re d\u2019un journaliste ayant \u00e9crit contre toute une communaut\u00e9.<\/span><\/p>\n<p class=\"MsoNormal\" style=\"margin: 6.0pt 0in 6.0pt 0in;\"><span style=\"color: #000000;\"><strong><span lang=\"FR\" style=\"font-family: Verdana; mso-bidi-font-family: Arial;\">* Certaines initiatives gouvernementales auront toutefois r\u00e9ussi \u00e0 consolider l\u2019alliance des Jugnauth avec le MMM de Paul B\u00e9renger&#8230; C\u2019est quelque chose qui s\u2019inscrit dans la dur\u00e9e, \u00e0 votre avis\u00a0?<\/span><\/strong><\/span><\/p>\n<p class=\"MsoNormal\" style=\"margin: 6.0pt 0in 6.0pt 0in;\"><span lang=\"FR\" style=\"font-family: Verdana; color: #000000;\">C\u2019est l\u2019\u00e9vidence m\u00eame. Et c\u2019est logique. B\u00e9renger, seul, obtient environ 44 pourcent du vote populaire en 2010, ce qu\u2019il obtient depuis 10, 15, 20, 30 ans, et Ramgoolam avec le MSM, obtient moins de 50 pourcent. La formule est avantageuse et pour le MMM et pour le MSM. <\/span><\/p>\n<p class=\"MsoNormal\" style=\"margin: 6.0pt 0in 6.0pt 0in;\"><span lang=\"FR\" style=\"font-family: Verdana; color: #000000;\">Avec les r\u00e9sultats des \u00e9lections villageoises et municipales, j\u2019estime &#8211; personnellement &#8211; que le sort en est jet\u00e9\u00a0: le gouvernement ne peut pas avoir progress\u00e9, il n\u2019a pu que reculer. Les r\u00e9sultats sont l\u00e0, et dans plusieurs villages, les Travaillistes ont perdu. <\/span><\/p>\n<p class=\"MsoNormal\" style=\"margin: 6.0pt 0in 6.0pt 0in;\"><span lang=\"FR\" style=\"font-family: Verdana; color: #000000;\">Les Travaillistes et leurs alli\u00e9s n\u2019ont pas mesur\u00e9 les risques associ\u00e9s \u00e0 ce qu\u2019ils font &#8211; en ce moment &#8211; du pouvoir gouvernemental. Ils ne sont que des locataires \u00e0 l\u2019H\u00f4tel du gouvernement. J\u2019ai vu couler plusieurs gouvernements depuis que je suis entr\u00e9 dans la presse en janvier 1968. J\u2019ai assist\u00e9 \u00e0 des milliers de meetings publics et priv\u00e9s, nocturnes ou diurnes.<\/span><\/p>\n<p class=\"MsoNormal\" style=\"margin: 6.0pt 0in 6.0pt 0in;\"><span lang=\"FR\" style=\"font-family: Verdana; color: #000000;\">R\u00e9cemment, j\u2019ai assist\u00e9 \u00e0 certains meetings ruraux et urbains, et je vois que SAJ attire de plus en plus les foules \u00e0 travers le pays, contrairement \u00e0 ce que pr\u00e9voyaient les Travaillistes et leurs alli\u00e9s. Vers la fin de 2011, alors que beaucoup doutaient que SAJ allait d\u00e9missionner, je vous avais d\u00e9clar\u00e9 dans une interview publi\u00e9e \u00e0 la une qu\u2019il ne fallait pas le sous-estimer. Je ne me suis pas tromp\u00e9. Il a gagn\u00e9 les municipales et plusieurs villages, depuis, par le biais des \u00e9lections r\u00e9gionales. <\/span><\/p>\n<p class=\"MsoNormal\" style=\"margin: 6.0pt 0in 6.0pt 0in;\"><span lang=\"FR\" style=\"font-family: Verdana; color: #000000;\">Ramgoolam a, lui, choisi le r\u00e8glement de comptes avec les Jugnauth, des figures incontournables de la politique \u00e0 Maurice pour des raisons qui sont plus historiques qu\u2019autre chose et qui ont pour origine leur pass\u00e9 \u00e0 l\u2019IFB, qui jouait tr\u00e8s bien le r\u00f4le de contrepoids au Parti travailliste. <\/span><\/p>\n<p class=\"MsoNormal\" style=\"margin: 6.0pt 0in 6.0pt 0in;\"><span lang=\"FR\" style=\"font-family: Verdana; color: #000000;\">Les Jugnauth ont \u00e9galement un pass\u00e9 tout aussi solidement ancr\u00e9 dans le MMM, autre parti incontournable de l\u2019\u00e9chiquier. Les Jugnauth et B\u00e9renger sont incontournables dans une configuration triangulaire. Cela fait un peu trop \u00e0 g\u00e9rer pour les Travaillistes. <\/span><\/p>\n<p class=\"MsoNormal\" style=\"margin: 6.0pt 0in 6.0pt 0in;\"><span lang=\"FR\" style=\"font-family: Verdana; color: #000000;\">Ajoutons \u00e0 cela le fait que Pravind Jugnauth prend de plus en plus d\u2019\u00e9paisseur dans l\u2019ar\u00e8ne politique pour avoir \u00e9t\u00e9 victime de l\u2019arbitraire \u2013 ce qui semblait lui avoir fait d\u00e9faut auparavant. Personne ne voulait le jeter en prison jusqu\u2019\u00e0 ce que Navin Ramgoolam l\u2019ait en face de lui comme challenger. Fils d\u2019un grand Premier ministre, militant de premi\u00e8re heure du MMM, il n\u2019avait m\u00eame pas r\u00eav\u00e9 que son adversaire le plus f\u00e9roce lui donnerait les \u00ab\u00a0galons\u00a0\u00bb qui lui manquaient jusqu\u2019ici et que l\u2019on obtient en devenant victime d\u2019arrestations arbitraires. Je crois bien qu\u2019il dirait \u00e0 l\u2019autre\u00a0: \u00ab\u00a0Keep on digging\u2026\u00a0\u00bb On n\u2019est pas mieux servi que par ses ennemis.<\/span><\/p>\n<p class=\"ListParagraph\" style=\"margin: 6.0pt 0in 6.0pt 0in;\"><span style=\"color: #000000;\"><strong><span lang=\"FR\" style=\"font-family: Verdana; mso-bidi-font-family: Arial;\">* Revenons \u00e0 cette citation-conseil de Denis Healey par rapport \u00e0 la \u2018First Law of Holes\u2019. Il y a aussi le \u00ab\u00a0conseil\u00a0\u00bb de Sir Anerood Jugnauth au Premier ministre, l\u2019invitant \u00e0 organiser les \u00e9lections g\u00e9n\u00e9rales le plus vite possible \u2013 \u00ab\u00a0plus il tarde, plus il court le risque de se faire balayer par un 60-0,\u00a0\u00bb pr\u00e9vient-il. Votre opinion\u00a0?<\/span><\/strong><\/span><\/p>\n<p class=\"MsoNormal\" style=\"margin: 6.0pt 0in 6.0pt 0in;\"><span lang=\"FR\" style=\"font-family: Verdana; color: #000000;\">Sir Anerood avait \u00e9t\u00e9 le seul \u00e0 pr\u00e9dire en priv\u00e9, \u00e0 un cercle restreint, un 60-0 d\u00e8s 1981 et il n\u2019avait pas \u00e9t\u00e9 vraiment pris au s\u00e9rieux \u2013 \u00e0 tort. Etant un ami de tr\u00e8s longue date de SAJ (je n\u2019ai jamais honte de mes amis), j\u2019ai toujours remarqu\u00e9 qu\u2019il sait quand il perd et quand il gagne les \u00e9lections g\u00e9n\u00e9rales. Il s\u2019est tromp\u00e9 une seule fois sur l\u2019issue d\u2019une \u00e9lection partielle, mais il avait sans doute vu venir le r\u00e9sultat une fois engag\u00e9 dans la bataille. <\/span><\/p>\n<p class=\"MsoNormal\" style=\"margin: 6.0pt 0in 6.0pt 0in;\"><span lang=\"FR\" style=\"font-family: Verdana; color: #000000;\">Si Ramgoolam le prend \u00e0 la l\u00e9g\u00e8re, il fait une deuxi\u00e8me erreur. Sa premi\u00e8re erreur \u00e9tait d\u2019avoir sous-estim\u00e9 la capacit\u00e9 de SAJ \u00e0 quitter la pr\u00e9sidence pour revenir \u00e0 l\u2019avant-plan de l\u2019\u00e9chiquier politique. Et, j\u2019ajouterai que ce n\u2019est pas Eric Guimbeau qui d\u00e9cidera de l\u2019issue des \u00e9lections g\u00e9n\u00e9rales, son parti n\u2019\u00e9tant pas implant\u00e9 \u00e0 l\u2019\u00e9chelle nationale. <\/span><\/p>\n<p class=\"MsoNormal\" style=\"margin: 6.0pt 0in 6.0pt 0in;\"><span lang=\"FR\" style=\"font-family: Verdana; color: #000000;\">En laissant tra\u00eener les choses, n\u2019importe quel gouvernement de r\u00e9gime parlementaire risque de perdre la confiance de l\u2019\u00e9lectorat. Le ch\u00f4mage s\u2019aggrave, affectant villes et villages, et des milliers de dipl\u00f4m\u00e9s universitaires, y compris des centaines de m\u00e9decins, ne trouvent pas de travail. C\u2019est socialement dangereux. Voil\u00e0 la raison pour laquelle SAJ a raison, \u00e0 mon avis. <\/span><\/p>\n<p class=\"MsoNormal\" style=\"margin: 6.0pt 0in 6.0pt 0in;\"><span lang=\"FR\" style=\"font-family: Verdana; color: #000000;\">J\u2019ajouterai que nous avons des probl\u00e8mes politiques qui ne peuvent que s\u2019aggraver. L\u2019utilisation de l\u2019argent public et de l\u2019appareil d\u2019Etat dans la vie priv\u00e9e des hommes ou femmes politiques mauriciens est devenue un d\u00e9bat national qui ne s\u2019arr\u00eatera pas de sit\u00f4t. <\/span><\/p>\n<p class=\"MsoNormal\" style=\"margin: 6.0pt 0in 6.0pt 0in;\"><span lang=\"FR\" style=\"font-family: Verdana; color: #000000;\">Les journaux vis\u00e9s par la censure judiciaire risquent de rendre la vie dure au gouvernement, et ce serait pire si les journaux perdaient ces proc\u00e8s et que ces affaires atterrissaient devant le Privy Council alors que la censure serait maintenue par la Cour Supr\u00eame. <\/span><\/p>\n<p class=\"MsoNormal\" style=\"margin: 6.0pt 0in 6.0pt 0in;\"><span lang=\"FR\" style=\"font-family: Verdana; color: #000000;\">Il sera tr\u00e8s facile de contre-attaquer la censure \u00e0 coups de plume et de dessins satiriques. Trop facile m\u00eame. Il y aura des carr\u00e9s blancs, des processions de journalistes b\u00e2illonn\u00e9s, et d\u2019autres r\u00e9actions qui seront rapport\u00e9es dans la presse internationale, comme ce samedi surprenant pour certains avocats rompus aux calendriers du judiciaire. Tout cela n\u2019arrangera pas les choses pour le PTr et son alli\u00e9 PMSD. <\/span><\/p>\n<p class=\"MsoNormal\" style=\"margin: 6.0pt 0in 6.0pt 0in;\"><span lang=\"FR\" style=\"font-family: Verdana; color: #000000;\">Toucher \u00e0 la libert\u00e9 des radios, comme l\u2019a admis un dirigeant travailliste dans la presse, a \u00e9t\u00e9 une d\u00e9cision mal inspir\u00e9e. Les membres de toutes les communaut\u00e9s ethniques et religieuses du pays s\u2019accrochent chaque jour \u00e0 leur(s) radio(s) priv\u00e9e(s), surtout les \u00e9missions visant \u00e0 r\u00e9gler leurs probl\u00e8mes quotidiens. Ces radios les r\u00e8glent plus vite et mieux que s\u2019ils passaient par leurs d\u00e9put\u00e9s, bien que souvent des ministres aident \u00e0 la solution. Les emp\u00eacher de s\u2019exprimer, c\u2019est une censure non pas des radios, mais du public mauricien, de la voix directe du peuple. Qu\u2019on le fasse aux prochaines \u00e9lections g\u00e9n\u00e9rales, et on verra le r\u00e9sultat\u00a0: les urnes seront utilis\u00e9es pour donner la r\u00e9ponse populaire \u00e0 cette censure. Les vraies vedettes populaires sont devenues les animateurs de ces radios.<\/span><\/p>\n<p class=\"MsoNormal\" style=\"margin: 6.0pt 0in 6.0pt 0in;\"><span style=\"color: #000000;\"><strong><span lang=\"FR\" style=\"font-family: Verdana; mso-bidi-font-family: Arial;\">* Il y a dans toute cette affaire qui a \u00e9t\u00e9 d\u00e9clench\u00e9e par l\u2019incident au centre de vote du Coll\u00e8ge Maurice Cur\u00e9 un amalgame d\u2019\u00e9motions, de r\u00e8glements de compte politiques, etc. Avez-vous l\u2019impression que le commandant \u00e0 bord a toujours le contr\u00f4le de la situation\u00a0?<\/span><\/strong><\/span><\/p>\n<p class=\"MsoNormal\" style=\"margin: 6.0pt 0in 6.0pt 0in;\"><span lang=\"FR\" style=\"font-family: Verdana; color: #000000;\">Je ne sais m\u00eame pas s\u2019il y a un pilote dans l\u2019avion\u2026 Si je connais un peu de psychologie, il y aussi un d\u00e9sir irr\u00e9pressible de d\u00e9montrer une autorit\u00e9, ou une certaine importance, qui semblaient \u00e9chapper \u00e0 certains. <\/span><\/p>\n<p class=\"MsoNormal\" style=\"margin: 6.0pt 0in 6.0pt 0in;\"><span lang=\"FR\" style=\"font-family: Verdana; color: #000000;\">Au d\u00e9part, il n\u2019y a rien de mal \u00e0 une telle attitude en elle-m\u00eame, car elle rel\u00e8ve d\u2019une certaine psychologie dans certaines situations humaines impliquant la vie priv\u00e9e. On peut comprendre la dame activiste du Labour. Mais l\u2019incident inutile autour de la photo s\u2019est aggrav\u00e9, l\u2019appareil d\u2019Etat ayant \u00e9t\u00e9 utilis\u00e9 pour r\u00e9gler l\u2019affaire. Elle s\u2019est mal termin\u00e9e pour la partie accusatrice, le DPP ayant vu juste, heureusement. Si moi, je connaissais la loi utilis\u00e9e pour accabler l\u2019activiste du MSM, comment se fait-il que les responsables de la police ne la connaissaient pas\u00a0? Je l\u2019ai d\u00e9j\u00e0 dit, il faut former les policiers dans le domaine du droit et le prochain commissaire de police devrait avoir de solides qualifications en droit.<\/span><\/p>\n<p class=\"MsoNormal\" style=\"margin: 6.0pt 0in 6.0pt 0in;\"><span style=\"color: #000000;\"><strong><span lang=\"FR\" style=\"font-family: Verdana; mso-bidi-font-family: Arial;\">* Si l\u2019opposition MMM-MSM se permet de lancer des avertissements \u00e0 la police et aussi de critiquer le judiciaire, allant m\u00eame jusqu\u2019\u00e0 cr\u00e9er un \u00e9l\u00e9ment de doute dans le judiciaire, c\u2019est qu\u2019elle semble croire qu\u2019on a franchi une \u00e9tape et que le rapport de forces lui est aujourd\u2019hui favorable. Un feu de paille ne se mue pas toujours en feu de prairie, n\u2019est-ce pas\u00a0? <\/span><\/strong><\/span><\/p>\n<p class=\"MsoNormal\" style=\"margin: 6.0pt 0in 6.0pt 0in;\"><span lang=\"FR\" style=\"font-family: Verdana; color: #000000;\">Je ne crois pas qu\u2019il y ait un simple feu de paille. Les enjeux sont de taille. Il s\u2019agit de la libert\u00e9 de critiquer qui est aussi en jeu. Tout gouvernement doit \u00eatre surveill\u00e9 et vigoureusement critiqu\u00e9. <\/span><\/p>\n<p class=\"MsoNormal\" style=\"margin: 6.0pt 0in 6.0pt 0in;\"><span lang=\"FR\" style=\"font-family: Verdana; color: #000000;\">Maintenant on veut r\u00e9duire la port\u00e9e critique du directeur de l\u2019Audit alors que les v\u00e9rificateurs des comptes de l\u2019Etat dans le monde d\u00e9mocratique ne peuvent pas \u00eatre invit\u00e9s, comme d\u00e9cid\u00e9 par le gouvernement mauricien, \u00e0 faire l\u2019\u00e9loge des gouvernements dont ils surveillent les comptes dans une sorte de contre-rapport. Tous les \u00e9v\u00e9nements actuels, toutes les initiatives gouvernementales pour r\u00e9duire l\u2019espace d\u00e9mocratique et le droit de critique sont li\u00e9es. <\/span><\/p>\n<p class=\"MsoNormal\" style=\"margin: 6.0pt 0in 6.0pt 0in;\"><span lang=\"FR\" style=\"font-family: Verdana; color: #000000;\">Dans les d\u00e9mocraties o\u00f9 j\u2019ai travaill\u00e9, pour ce qui est du judiciaire, le droit de critiquer le judiciaire est accept\u00e9, bien s\u00fbr dans les limites. Mais le <em>contempt of court<\/em> n\u2019est plus ce qu\u2019il \u00e9tait autrefois lorsqu\u2019on avait enlev\u00e9 aux juges leur dimension humaine et qu\u2019on leur avait donn\u00e9 une aura d\u2019infaillibilit\u00e9. <\/span><\/p>\n<p class=\"MsoNormal\" style=\"margin: 6.0pt 0in 6.0pt 0in;\"><span lang=\"FR\" style=\"font-family: Verdana; color: #000000;\">Je crois que la critique du judiciaire est faite \u00e0 Maurice de mani\u00e8re raisonnable par l\u2019Opposition constitutionnelle. Elle est mitig\u00e9e et indirecte, pas confrontationnelle, ne repr\u00e9sentant aucunement une tentative de tuer le syst\u00e8me judiciaire. <\/span><\/p>\n<p class=\"MsoNormal\" style=\"margin: 6.0pt 0in 6.0pt 0in;\"><span lang=\"FR\" style=\"font-family: Verdana; color: #000000;\">Mais un citoyen a le droit fondamental de douter du judiciaire et de s\u2019exprimer sans verser dans l\u2019outrance. L\u2019Opposition est dans son bon droit. Le Privy Council a apport\u00e9 \u00e0 Maurice une bouff\u00e9e d\u2019oxyg\u00e8ne dans la mesure o\u00f9 des pratiques d\u00e9mocratiques ,interdisant le moindre parti pris dans une affaire en cour de justice, doivent \u00eatre scrupuleusement respect\u00e9es. Il y a eu un jugement particuli\u00e8rement choquant aux yeux des Law Lords qui l\u2019ont cass\u00e9. Donc, la critique du judiciaire n\u2019est pas seulement motiv\u00e9e par les \u00e9v\u00e9nements politiques actuels. <\/span><\/p>\n<p class=\"MsoNormal\" style=\"margin: 6.0pt 0in 6.0pt 0in;\"><span lang=\"FR\" style=\"font-family: Verdana; color: #000000;\">Quant \u00e0 l\u2019opposition, m\u00eame si le rapport des forces lui para\u00eet plus favorable que ce qu\u2019il \u00e9tait, il n\u2019y a pas tr\u00e8s longtemps (c\u2019est ce que je pense aussi dans la pr\u00e9sente conjoncture), la bataille \u00e9lectorale sera rude. La qualit\u00e9 des hommes et des femmes qui se porteront candidats comptera si l\u2019\u00e9lectorat d\u00e9cide \u00e9ventuellement de jouer au panachage et que le \u00ab\u00a0bloc vote\u00a0\u00bb reculait, par exemple. Chose tout \u00e0 fait possible \u00e0 mesure qu\u2019on s\u2019enfoncera dans le 21<sup>\u00e8me<\/sup> si\u00e8cle.<\/span><\/p>\n<hr \/>\n<p><span style=\"color: #008080;\"><em>* Published in print edition on 18 January 2013<\/em><\/span><\/p>\n","protected":false},"excerpt":{"rendered":"<p>Interview: Sydney Selvon- Journaliste et Historien<\/p>\n","protected":false},"author":1,"featured_media":9115,"comment_status":"open","ping_status":"open","sticky":false,"template":"","format":"standard","meta":{"jetpack_post_was_ever_published":false,"_jetpack_newsletter_access":"","_jetpack_dont_email_post_to_subs":false,"_jetpack_newsletter_tier_id":0,"_jetpack_memberships_contains_paywalled_content":false,"_jetpack_memberships_contains_paid_content":false,"footnotes":"","jetpack_publicize_message":"","jetpack_publicize_feature_enabled":true,"jetpack_social_post_already_shared":false,"jetpack_social_options":{"image_generator_settings":{"template":"highway","default_image_id":0,"font":"","enabled":false},"version":2}},"categories":[32],"tags":[5159,580,6108,17073,2586,786,17074,17079,11976,5880,17077,787,814,3584,50,17078,48,788,17075,1009,13789],"class_list":["post-2108","post","type-post","status-publish","format-standard","has-post-thumbnail","hentry","category-interviews","tag-60-0","tag-beekrumsing-ramlallah","tag-cehl-meeah","tag-denis-healey","tag-harish-boodhoo","tag-interview-sydney-selvon","tag-jacques-rivet","tag-jean-pierre-lenoir","tag-jooneed-jeeroburkhan","tag-la-sentinelle","tag-le-mauricien-weekend","tag-medpoint","tag-mmm","tag-mmm-msm","tag-navin-ramgoolam","tag-paul-berenger-ifb","tag-pravind-jugnauth","tag-privy-council","tag-ptr-pmsd-cam","tag-saj","tag-saj-berenger"],"jetpack_publicize_connections":[],"jetpack_featured_media_url":"https:\/\/i0.wp.com\/www.mauritiustimes.com\/mt\/wp-content\/uploads\/2017\/10\/Sydney-Selvon4.jpg?fit=900%2C405&ssl=1","jetpack_sharing_enabled":true,"jetpack_shortlink":"https:\/\/wp.me\/p8QzSF-y0","_links":{"self":[{"href":"https:\/\/www.mauritiustimes.com\/mt\/wp-json\/wp\/v2\/posts\/2108","targetHints":{"allow":["GET"]}}],"collection":[{"href":"https:\/\/www.mauritiustimes.com\/mt\/wp-json\/wp\/v2\/posts"}],"about":[{"href":"https:\/\/www.mauritiustimes.com\/mt\/wp-json\/wp\/v2\/types\/post"}],"author":[{"embeddable":true,"href":"https:\/\/www.mauritiustimes.com\/mt\/wp-json\/wp\/v2\/users\/1"}],"replies":[{"embeddable":true,"href":"https:\/\/www.mauritiustimes.com\/mt\/wp-json\/wp\/v2\/comments?post=2108"}],"version-history":[{"count":0,"href":"https:\/\/www.mauritiustimes.com\/mt\/wp-json\/wp\/v2\/posts\/2108\/revisions"}],"wp:featuredmedia":[{"embeddable":true,"href":"https:\/\/www.mauritiustimes.com\/mt\/wp-json\/wp\/v2\/media\/9115"}],"wp:attachment":[{"href":"https:\/\/www.mauritiustimes.com\/mt\/wp-json\/wp\/v2\/media?parent=2108"}],"wp:term":[{"taxonomy":"category","embeddable":true,"href":"https:\/\/www.mauritiustimes.com\/mt\/wp-json\/wp\/v2\/categories?post=2108"},{"taxonomy":"post_tag","embeddable":true,"href":"https:\/\/www.mauritiustimes.com\/mt\/wp-json\/wp\/v2\/tags?post=2108"}],"curies":[{"name":"wp","href":"https:\/\/api.w.org\/{rel}","templated":true}]}}