{"id":2079,"date":"2012-12-28T07:55:49","date_gmt":"2012-12-28T07:55:49","guid":{"rendered":"http:\/\/mauritiustimes.com\/mt\/2012\/12\/28\/nita-chicooree-90\/"},"modified":"2019-05-27T14:59:44","modified_gmt":"2019-05-27T10:59:44","slug":"nita-chicooree-90","status":"publish","type":"post","link":"https:\/\/www.mauritiustimes.com\/mt\/nita-chicooree-90\/","title":{"rendered":"Critiques et sens de la responsabilit\u00e9\u00a0: Quelle cohabitation\u00a0?"},"content":{"rendered":"<p class=\"MsoNormal\"><span style=\"color: #000080;\"><strong>Nita Chicooree-Mercier<\/strong><\/span><!--more--><\/p>\n<p class=\"MsoNormal\"><span lang=\"FR\" style=\"font-family: Verdana; color: #000000;\">Certes, la p\u00e9riode de f\u00eates de fin d&#8217;ann\u00e9e a chass\u00e9 la petite remont\u00e9e de fi\u00e8vre suscit\u00e9e par les \u00e9lections r\u00e9gionales avec leur lot d&#8217;invectives et de d\u00e9rapages qui ont valu \u00e0 une personnalit\u00e9 plut\u00f4t respect\u00e9e de la classe politique le surnom d&#8217;un produit alimentaire italien dont il se serait bien pass\u00e9. Si on peut se permettre d&#8217;\u00e9valuer une quelconque \u00e9volution dans la qualit\u00e9 de la r\u00e9cente campagne \u00e9lectorale, on admettrait pour \u00eatre juste, qu&#8217;il y a eu un &#8216;l\u00e9ger progr\u00e8s&#8217; dans la mesure o\u00f9 les uns et les autres se sont abstenus de commenter l&#8217;aspect physique de leurs adversaires en \u00e9vitant de comparer leur faci\u00e8s \u00e0 la partie inf\u00e9rieure et inesth\u00e9tique de l&#8217;anatomie humaine, chose qui \u00e9tait insupportable pour les citoyens dans le pass\u00e9. <\/span><\/p>\n<p class=\"MsoNormal\"><span lang=\"FR\" style=\"font-family: Verdana; color: #000000;\">Quant aux progr\u00e8s de la mentalit\u00e9 dans la culture du travail dans les hautes sph\u00e8res, il faudrait repasser. Le chef du gouvernement lui-m\u00eame, dans les confidences faites \u00e0 un rassemblement des jeunes en fin de stage de formation d&#8217;\u00e9ducation civique, en a fait le constat. <\/span><\/p>\n<p class=\"MsoNormal\"><span lang=\"FR\" style=\"font-family: Verdana; color: #000000;\">En passant, dans la forme, chacun admet que l&#8217;usage de l&#8217;anglais dans ce discours officiel est un proc\u00e9d\u00e9 correct, et surtout qu&#8217;un jeune public \u00e9duqu\u00e9 devrait \u00eatre capable de comprendre la langue d&#8217;usage dans le milieu \u00e9ducatif, qu&#8217;il ne serait pas exag\u00e9r\u00e9 d&#8217;exiger d\u2019eux un effort intellectuel dans une pratique plus r\u00e9guli\u00e8re de l&#8217;anglais oral et, qu&#8217; enfin, il est important de renforcer la visibilit\u00e9 de la langue officielle. <\/span><\/p>\n<p class=\"MsoNormal\"><span lang=\"FR\" style=\"font-family: Verdana; color: #000000;\">La mentalit\u00e9 est au bouge-fixe dans les hautes sph\u00e8res administratives, a lanc\u00e9 le PM. Connaissant les pratiques des diff\u00e9rentes administrations, m\u00eame en prenant soin de ne pas jeter l&#8217;anath\u00e8me sur tous les administrateurs, personne ne pourrait le contredire. Lourdeur et inefficacit\u00e9 p\u00e8sent sur les vieilles habitudes. Et nombreux sommes nous \u00e0 d\u00e9plorer l&#8217;autoritarisme born\u00e9 et le manque de bon sens manifeste dont fait preuve une pl\u00e9thore de serviteurs de l\u2019Etat. Ces derniers oublient trop souvent le sens m\u00eame de leur mission\u00a0: \u00eatre commis de l\u2019Etat n&#8217;est pas un simple &#8216;travail&#8217; au sens moderne du terme. Si les \u00e9trangers, engag\u00e9s par l\u2019Etat, sont exasp\u00e9r\u00e9s par la propension de certains \u00e0 retomber dans les vieilles habitudes apr\u00e8s une br\u00e8ve adh\u00e9sion apparente \u00e0 une m\u00e9thode moderne et pratique, qui en est responsable? <\/span><\/p>\n<p class=\"MsoNormal\"><span lang=\"FR\" style=\"font-family: Verdana; color: #000000;\">A cinq heures d&#8217;avion, la Ville du Lion, r\u00e9f\u00e9rence incontournable des milieux o\u00f9 on cogite avenir et progr\u00e8s, jouit quasiment du m\u00eame climat que Maurice mais celle-ci parvient \u00e0 conserver un cerveau collectif de l&#8217;embrun marin et de l&#8217;indolence des tropiques. <\/span><\/p>\n<p class=\"MsoNormal\"><span lang=\"FR\" style=\"font-family: Verdana; color: #000000;\">L&#8217;inefficacit\u00e9 n&#8217;est pas une fatalit\u00e9. En brossant un tableau peu flatteur de certains corps administratifs dans un discours servi plus d&#8217;une fois au public sur le plateau de la MBC, comme d&#8217;habitude, le Premier ministre donne l&#8217;impression qu&#8217;il parle d&#8217;un autre pays avec lequel il entretient un lien distant et, qu&#8217;il s&#8217;exclut, \u00e9videmment, de toute cette bande de lourdauds inefficaces. <\/span><\/p>\n<p class=\"MsoNormal\"><span lang=\"FR\" style=\"font-family: Verdana; color: #000000;\">C&#8217;est quasiment un art de s&#8217;exon\u00e9rer de tout bl\u00e2me dans la mauvaise gestion des ressources humaines ou de toute autre ressource. Certainement, le changement des mentalit\u00e9s ne s&#8217;effectue pas par d\u00e9cret ou par discours. Mais que l&#8217;on sache, le pays n&#8217;est pas un bateau ivre livr\u00e9 aux caprices de l&#8217;oc\u00e9an. Il y a bien un Capitaine \u00e0 bord \u00e0 qui le public a confi\u00e9 le devoir de veiller au bon fonctionnement du moteur. Que les rouages soient vieillots, rouill\u00e9s ou bloqu\u00e9s, \u00e0 qui la faute sinon \u00e0 ceux qui ont \u00e9t\u00e9 nomm\u00e9s aux postes clefs sans en avoir la comp\u00e9tence requise?<\/span><\/p>\n<p class=\"MsoNormal\" style=\"text-align: center;\"><span style=\"color: #000000;\"><strong><span lang=\"FR\" style=\"font-family: Verdana;\"> * * * <\/span><\/strong><\/span><\/p>\n<p class=\"MsoNormal\" style=\"text-align: center;\"><span style=\"color: #000000;\"><strong><span lang=\"FR\" style=\"font-family: Verdana;\">Vers un projet civique \u00ab\u00a0NICE for all ages\u00a0\u00bb <\/span><\/strong><\/span><\/p>\n<p class=\"MsoNormal\"><span style=\"color: #000000;\"><em><span lang=\"FR\" style=\"font-family: Verdana;\">P\u00e9na mani\u00e8re,<\/span><\/em><span lang=\"FR\" style=\"font-family: Verdana;\"> c&#8217;est ce que chacun reproche aux autres dans les commentaires qu&#8217;on entend un peu partout sur les trottoirs encombr\u00e9s, dans les lieux publics ou les conversations de salon. En effet, ce n&#8217;est pas la jeune g\u00e9n\u00e9ration qui a besoin de le\u00e7ons en mati\u00e8re d&#8217;\u00e9ducation civique et de savoir-vivre au quotidien. 40 ans, 50 ans ou plus de 60 ans, ils se montrent tous mal polis, frustes, impatients ou simplement autoritaires. En passant, attirons l\u2019attention particuli\u00e8rement sur les m\u00e2les au volant de leur voiture, s&#8217;\u00e9nervant derri\u00e8re la ligne d&#8217;arr\u00eat. D\u2019ailleurs, ils pourraient \u00e9craser le pi\u00e9ton tant ils sont press\u00e9s de poursuivre leur route sans s\u2019encombrer du code de la route. <\/span><\/span><\/p>\n<p class=\"MsoNormal\"><span lang=\"FR\" style=\"font-family: Verdana; color: #000000;\">Assis devant leur bureau \u00e0 jouer \u00e0 fond le r\u00f4le de petit chef qui jouit du pouvoir de vous dire &#8216;non&#8217; et &#8216;revenez une autre fois&#8217;, ils sont irr\u00e9cup\u00e9rables. On en sort, \u00e0 chaque fois, exasp\u00e9r\u00e9, abasourdi et les nerfs en boule. Ces comportements dans l&#8217;espace public laissent peu de doute sur la qualit\u00e9 des interactions dans le domaine priv\u00e9, au sein du couple et en famille. <\/span><\/p>\n<p class=\"MsoNormal\"><span style=\"color: #000000;\"><span lang=\"FR\" style=\"font-family: Verdana;\">\u00ab\u00a0NICE for all ages\u00a0\u00bb, c&#8217;est ce qu&#8217;on devrait mettre en place et organiser plut\u00f4t que de s\u2019en tenir <\/span><span lang=\"FR\" style=\"font-family: Verdana;\">\u00e0<\/span><span lang=\"FR\" style=\"font-family: Verdana;\"> une Journ\u00e9e de X \u00e0 la fran\u00e7aise comme c&#8217;est courant <\/span><span lang=\"FR\" style=\"font-family: Verdana;\">\u00e0<\/span><span lang=\"FR\" style=\"font-family: Verdana;\"> Maurice, une Semaine de Y pour sensibiliser la masse d&#8217;adultes; et les parents pour leur apprendre \u00e0 assumer ce qui ressort de leur responsabilit\u00e9, de ne pas toujours c\u00e9der aux caprices des enfants, d&#8217;\u00e9duquer et de mettre des barri\u00e8res, aux couples pour rappeler que l&#8217;autre n&#8217;est pas un &#8216;objet&#8217; soumis \u00e0 leur volont\u00e9, aux salari\u00e9s des secteurs public et priv\u00e9 pour r\u00e9apprendre la notion de service et du travail accompli. <\/span><\/span><\/p>\n<p class=\"MsoNormal\"><span lang=\"FR\" style=\"font-family: Verdana; color: #000000;\">Dans certaines professions, on a presque l&#8217;impression que les gens prennent un plaisir \u00e0 mal faire leur travail. Au vu du vaste chantier qui requiert qu&#8217;on mette bon ordre, NICE serait occup\u00e9 en permanence\u2026 <\/span><\/p>\n<p class=\"MsoNormal\" style=\"text-align: center;\"><span style=\"color: #000000;\"><strong><span lang=\"FR\" style=\"font-family: Verdana;\">* * * <\/span><\/strong><\/span><\/p>\n<p class=\"MsoNormal\" style=\"text-align: center;\"><span style=\"color: #000000;\"><strong><span lang=\"FR\" style=\"font-family: Verdana;\">Vision \u00e0 court terme et manquements <\/span><\/strong><\/span><\/p>\n<p class=\"MsoNormal\"><span lang=\"FR\" style=\"font-family: Verdana; color: #000000;\">Le moins qu&#8217;on puisse dire, c&#8217;est que les dirigeants ont manqu\u00e9 de vision \u00e0 long terme. Il ne s&#8217;agit pas, ici, de l&#8217;industrie h\u00f4teli\u00e8re qui a plong\u00e9 dans le capitalisme sauvage en couvrant le littoral d&#8217;h\u00f4tels. Le consul honoraire de Belgique n&#8217;a rien invent\u00e9 en d\u00e9clarant qu&#8217;il y a trop d&#8217;h\u00f4tels dans l&#8217;\u00eele. Nombreux sommes nous \u00e0 tirer la sonnette d&#8217;alarme depuis longtemps. Il n&#8217;y a que les rapaces de l&#8217;industrie qui caressaient l&#8217;espoir que la manne leur tomberait dans les mains <em>ad eternam<\/em> et, les gouvernments successifs qui les ont laiss\u00e9 faire qui pensent autrement. Ils sont impardonnables.<\/span><\/p>\n<p class=\"MsoNormal\"><span style=\"color: #000000;\"><span lang=\"FR\" style=\"font-family: Verdana;\">Concentrons-nous sur l&#8217;infrastructure des villages. Triolet est un exemple flagrant d&#8217;absence de projet s\u00e9rieux pour parer \u00e0 la croissance d\u00e9mographique et le besoin en routes secondaires. Les routes perpendiculaires \u00e0 la grande route sont d&#8217;une telle \u00e9troitesse que la circulation devient impraticable. Comme l&#8217;espace disponible convient <\/span><span lang=\"FR\" style=\"font-family: Verdana;\">\u00e0<\/span><span lang=\"FR\" style=\"font-family: Verdana;\"> une seule voiture, on devrait trouver un syst\u00e8me de routes \u00e0 sens unique qui \u00e9viterait la gal\u00e8re au quotidien \u00e0 chaque fois qu&#8217;une deuxi\u00e8me voiture s&#8217;aventure \u00e0 emprunter la voie dans le sens oppos\u00e9. <\/span><\/span><\/p>\n<p class=\"MsoNormal\"><span lang=\"FR\" style=\"font-family: Verdana; color: #000000;\">Passons sur le manque de cr\u00e9ation d&#8217;espaces publics qui agr\u00e9menteraient la vie des habitants. Les vieilles habitudes administratives gagneraient \u00e0 se redynamiser si tant est que les nouveaux \u00e9lus et \u00e9lues manifestent une volont\u00e9 de rompre avec la mentalit\u00e9 bouge-fixe. Rappelons que l\u2019asphaltage des ruelles dans les r\u00e9gions c\u00f4ti\u00e8res du nord a \u00e9t\u00e9 stopp\u00e9 une fois l&#8217;\u00e9lection termin\u00e9e. Les nids de poule et autres pi\u00e8ges \u00ab\u00a0casse-gueule\u00a0\u00bb ne sont pas pr\u00eats \u00e0 dispara\u00eetre.<\/span><\/p>\n<p class=\"MsoNormal\"><span lang=\"FR\" style=\"font-family: Verdana; color: #000000;\">Bient\u00f4t, la liste de d\u00e9cor\u00e9s de la nation &#8211; avec les r\u00e9compenses de fin d&#8217;ann\u00e9e &#8212; sera rendue public. Des \u00e9v\u00e9nements r\u00e9cents ont peut-\u00eatre mis en exergue une certaine id\u00e9e de Triolet v\u00e9hicul\u00e9e par un vieux clich\u00e9 peu flatteur du comportement de ses habitants. On se permet de proposer que l&#8217;\u00e9crivain en langue hindi, Abhimanyu Unnuth soit d\u00e9cor\u00e9 car il le m\u00e9rite depuis longtemps&#8230;<\/span><\/p>\n<hr \/>\n<p><span style=\"color: #008080;\"><em>* Published in print edition on 28 December 2012<\/em><\/span><\/p>\n","protected":false},"excerpt":{"rendered":"<p>Nita Chicooree-Mercier<\/p>\n","protected":false},"author":1,"featured_media":6560,"comment_status":"open","ping_status":"open","sticky":false,"template":"","format":"standard","meta":{"jetpack_post_was_ever_published":false,"_jetpack_newsletter_access":"","_jetpack_dont_email_post_to_subs":false,"_jetpack_newsletter_tier_id":0,"_jetpack_memberships_contains_paywalled_content":false,"_jetpack_memberships_contains_paid_content":false,"footnotes":"","jetpack_publicize_message":"","jetpack_publicize_feature_enabled":true,"jetpack_social_post_already_shared":false,"jetpack_social_options":{"image_generator_settings":{"template":"highway","default_image_id":0,"font":"","enabled":false},"version":2}},"categories":[27],"tags":[10755,17215,170,17216],"class_list":["post-2079","post","type-post","status-publish","format-standard","has-post-thumbnail","hentry","category-society","tag-abhimanyu-unnuth","tag-nice-for-all-ages","tag-nita-chicooree-mercier","tag-projet-civique"],"jetpack_publicize_connections":[],"jetpack_featured_media_url":"https:\/\/i0.wp.com\/www.mauritiustimes.com\/mt\/wp-content\/uploads\/2016\/12\/MT-Logokk.jpg?fit=1200%2C880&ssl=1","jetpack_sharing_enabled":true,"jetpack_shortlink":"https:\/\/wp.me\/p8QzSF-xx","_links":{"self":[{"href":"https:\/\/www.mauritiustimes.com\/mt\/wp-json\/wp\/v2\/posts\/2079","targetHints":{"allow":["GET"]}}],"collection":[{"href":"https:\/\/www.mauritiustimes.com\/mt\/wp-json\/wp\/v2\/posts"}],"about":[{"href":"https:\/\/www.mauritiustimes.com\/mt\/wp-json\/wp\/v2\/types\/post"}],"author":[{"embeddable":true,"href":"https:\/\/www.mauritiustimes.com\/mt\/wp-json\/wp\/v2\/users\/1"}],"replies":[{"embeddable":true,"href":"https:\/\/www.mauritiustimes.com\/mt\/wp-json\/wp\/v2\/comments?post=2079"}],"version-history":[{"count":0,"href":"https:\/\/www.mauritiustimes.com\/mt\/wp-json\/wp\/v2\/posts\/2079\/revisions"}],"wp:featuredmedia":[{"embeddable":true,"href":"https:\/\/www.mauritiustimes.com\/mt\/wp-json\/wp\/v2\/media\/6560"}],"wp:attachment":[{"href":"https:\/\/www.mauritiustimes.com\/mt\/wp-json\/wp\/v2\/media?parent=2079"}],"wp:term":[{"taxonomy":"category","embeddable":true,"href":"https:\/\/www.mauritiustimes.com\/mt\/wp-json\/wp\/v2\/categories?post=2079"},{"taxonomy":"post_tag","embeddable":true,"href":"https:\/\/www.mauritiustimes.com\/mt\/wp-json\/wp\/v2\/tags?post=2079"}],"curies":[{"name":"wp","href":"https:\/\/api.w.org\/{rel}","templated":true}]}}