{"id":19674,"date":"2019-04-15T08:39:47","date_gmt":"2019-04-15T04:39:47","guid":{"rendered":"http:\/\/www.mauritiustimes.com\/mt\/?p=19674"},"modified":"2019-04-15T08:39:47","modified_gmt":"2019-04-15T04:39:47","slug":"hommage-soeur-marguerite-marie","status":"publish","type":"post","link":"https:\/\/www.mauritiustimes.com\/mt\/hommage-soeur-marguerite-marie\/","title":{"rendered":"Hommage : S\u0153ur Marguerite-Marie"},"content":{"rendered":"<p><span style=\"color: #000080;\"><strong>Dr R Neerunjun Gopee<\/strong><\/span><\/p>\n<p><!--more--><\/p>\n<p><span style=\"color: #000000;\"><img data-recalc-dims=\"1\" loading=\"lazy\" decoding=\"async\" data-attachment-id=\"19675\" data-permalink=\"https:\/\/www.mauritiustimes.com\/mt\/hommage-soeur-marguerite-marie\/soeur-marguerite-marie\/\" data-orig-file=\"https:\/\/i0.wp.com\/www.mauritiustimes.com\/mt\/wp-content\/uploads\/2019\/04\/Soeur-Marguerite-Marie.jpg?fit=1642%2C1069&amp;ssl=1\" data-orig-size=\"1642,1069\" data-comments-opened=\"1\" data-image-meta=\"{&quot;aperture&quot;:&quot;0&quot;,&quot;credit&quot;:&quot;&quot;,&quot;camera&quot;:&quot;&quot;,&quot;caption&quot;:&quot;&quot;,&quot;created_timestamp&quot;:&quot;0&quot;,&quot;copyright&quot;:&quot;&quot;,&quot;focal_length&quot;:&quot;0&quot;,&quot;iso&quot;:&quot;0&quot;,&quot;shutter_speed&quot;:&quot;0&quot;,&quot;title&quot;:&quot;&quot;,&quot;orientation&quot;:&quot;0&quot;}\" data-image-title=\"Soeur Marguerite-Marie\" data-image-description=\"\" data-image-caption=\"\" data-large-file=\"https:\/\/i0.wp.com\/www.mauritiustimes.com\/mt\/wp-content\/uploads\/2019\/04\/Soeur-Marguerite-Marie.jpg?fit=640%2C417&amp;ssl=1\" class=\" wp-image-19675 alignleft\" src=\"https:\/\/i0.wp.com\/www.mauritiustimes.com\/mt\/wp-content\/uploads\/2019\/04\/Soeur-Marguerite-Marie.jpg?resize=152%2C99&#038;ssl=1\" alt=\"\" width=\"152\" height=\"99\" srcset=\"https:\/\/i0.wp.com\/www.mauritiustimes.com\/mt\/wp-content\/uploads\/2019\/04\/Soeur-Marguerite-Marie.jpg?w=1642&amp;ssl=1 1642w, https:\/\/i0.wp.com\/www.mauritiustimes.com\/mt\/wp-content\/uploads\/2019\/04\/Soeur-Marguerite-Marie.jpg?resize=300%2C195&amp;ssl=1 300w, https:\/\/i0.wp.com\/www.mauritiustimes.com\/mt\/wp-content\/uploads\/2019\/04\/Soeur-Marguerite-Marie.jpg?resize=768%2C500&amp;ssl=1 768w, https:\/\/i0.wp.com\/www.mauritiustimes.com\/mt\/wp-content\/uploads\/2019\/04\/Soeur-Marguerite-Marie.jpg?resize=1024%2C667&amp;ssl=1 1024w, https:\/\/i0.wp.com\/www.mauritiustimes.com\/mt\/wp-content\/uploads\/2019\/04\/Soeur-Marguerite-Marie.jpg?w=1280&amp;ssl=1 1280w\" sizes=\"auto, (max-width: 152px) 100vw, 152px\" \/>S\u0153ur Marguerite-Marie, n\u00e9e Simone Francoise Ballaram, nous a quitt\u00e9s la semaine derni\u00e8re apr\u00e8s une maladie de courte dur\u00e9e. Ses fun\u00e9railles ont eu lieu le mardi 2 avril \u00e0 l\u2019\u00e9glise St Jean \u00e0 Belle-Rose, r\u00e9unissant ses cons\u0153urs religieuses, les membres de sa famille, nombreux membres du personnel de la Nouvelle Clinique Ferri\u00e8re y compris plusieurs qui \u00e9taient d\u00e9j\u00e0 retrait\u00e9s, m\u00e9decins, amis et connaissances. Le mois prochain, elle aurait c\u00e9l\u00e9br\u00e9 ses 90 ans.<\/span><\/p>\n<p><span style=\"color: #000000;\">Sans exag\u00e9ration aucune, on pourrait dire qu\u2019elle a \u00e9t\u00e9 l\u2019\u00e2me de la Clinique Ferri\u00e8re de ses d\u00e9buts. A l\u2019\u00e9poque, la clinique se trouvait sur l\u2019ancien site aux Casernes, \u00e0 Curepipe. Ensuite, elle a \u00e9t\u00e9 transf\u00e9r\u00e9e au pr\u00e9sent emplacement \u00e0 l\u2019arri\u00e8re du Coll\u00e8ge Royal de Curepipe. Elle y a consacr\u00e9 le temps le plus long de sa carri\u00e8re professionnelle jusqu&#8217;\u00e0 sa retraite en 2005, \u00e0 l\u2019exception de quelques brefs passages \u00e0 la Clinique Bon Pasteur \u2013 qu\u2019elle joignit apr\u00e8s ses \u00e9tudes de <em>Nursing<\/em> et de <em>Midwife<\/em> \u2013, un stage d\u2019une ann\u00e9e dans un grand h\u00f4pital en Angleterre, \u00e0 l\u2019H\u00f4pital Civil et en salle d\u2019op\u00e9ration \u00e0 la Clinique Darn\u00e9.<\/span><\/p>\n<p><span style=\"color: #000000;\">Mais il lui restait encore de l\u2019\u00e9nergie et de l\u2019enthousiasme pour le travail et le service, et elle s\u2019est ainsi retrouv\u00e9e \u00e0 la maison des s\u0153urs \u00e2g\u00e9es \u00e0 Rose-Hill et, ensuite, \u00e0 la communaut\u00e9 de Belle-Rose avant de passer ses derni\u00e8res ann\u00e9es \u00e0 Rose-Belle, o\u00f9 elle a rendu l\u2019\u00e2me apr\u00e8s quelques jours en clinique.<\/span><\/p>\n<p><span style=\"color: #000000;\">Ses responsabilit\u00e9s comme directrice de la Clinique ne l\u2019emp\u00eachaient pas d\u2019exercer ses comp\u00e9tences en salle d\u2019op\u00e9ration, ou r\u00e9guli\u00e8rement on avait aussi l\u2019assistance de son a\u00een\u00e9e Soeur de la Charit\u00e9 malgr\u00e9 son \u00e2ge.<\/span><\/p>\n<p><span style=\"color: #000000;\">Nombreux sont les chirurgiens parmi nous qui se rappelleront de ces repas chauds qu\u2019elle prenait le soin de mettre \u00e0 notre disposition apr\u00e8s les s\u00e9ances tardives dans la soir\u00e9e\u00a0! Nous n\u2019aurions jamais os\u00e9 l\u2019offenser en nous abstenant de consommer ce qu\u2019elle nous offrait, ou de d\u00e9guster la concoction favorite qu\u2019elle nous servait : du Green Island aux fruits secs mijot\u00e9s durant des mois !<\/span><\/p>\n<p><span style=\"color: #000000;\">Tant de bons souvenirs de cette belle \u00e2me, envers laquelle g\u00e9n\u00e9rosit\u00e9 et affection de la part de ceux qu\u2019elle c\u00f4toyait \u00e9taient r\u00e9ciproques. En ce qui me concerne, elle faisait figure de m\u00e8re, et je lui serais \u00e0 jamais reconnaissant pour son soutien inconditionnel jusqu\u2019\u00e0 la fin pendant la plus dure \u00e9preuve de ma vie.<\/span><\/p>\n<p><span style=\"color: #000000;\">S\u2019il y avait une professionnelle de la sant\u00e9 au monde pour \u00e9pitomiser cette belle maxime attribu\u00e9e au chirurgien Ambroise Pare (quoique destin\u00e9e aux m\u00e9decins), \u00e0 savoir \u2018Gu\u00e9rir parfois, soulager souvent, consoler toujours\u2019, ce serait bien S\u0153ur Marguerite Marie.<\/span><\/p>\n<p><span style=\"color: #000000;\">Cette maxime englobe ce qu\u2019on pourrait qualifier de la \u2018dimension sacerdotale\u2019 de la pratique m\u00e9dicale \u2013 qui h\u00e9las ! s\u2019est \u00e9vapor\u00e9e de nos jours \u2013 et, pour S\u0153ur Marguerite, sa vie \u00e9tait vraiment un sacerdoce aupr\u00e8s des malades.<\/span><\/p>\n<p><span style=\"color: #000000;\">Que son \u00e2me repose en paix.<\/span><\/p>\n<hr \/>\n<p><span style=\"color: #008080;\"><em>* Published in print edition on 12 April 2019<\/em><\/span><\/p>\n","protected":false},"excerpt":{"rendered":"<p>Dr R Neerunjun Gopee<\/p>\n","protected":false},"author":3,"featured_media":19675,"comment_status":"open","ping_status":"open","sticky":false,"template":"","format":"standard","meta":{"jetpack_post_was_ever_published":false,"_jetpack_newsletter_access":"","_jetpack_dont_email_post_to_subs":false,"_jetpack_newsletter_tier_id":0,"_jetpack_memberships_contains_paywalled_content":false,"_jetpack_memberships_contains_paid_content":false,"footnotes":"","jetpack_publicize_message":"","jetpack_publicize_feature_enabled":true,"jetpack_social_post_already_shared":true,"jetpack_social_options":{"image_generator_settings":{"template":"highway","default_image_id":0,"font":"","enabled":false},"version":2}},"categories":[9019],"tags":[16507,16505,16503,16506,16504],"class_list":["post-19674","post","type-post","status-publish","format-standard","has-post-thumbnail","hentry","category-obituary","tag-clinique-ferriere","tag-dr-rn-gopee","tag-hommage","tag-simone-francoise-ballaram","tag-soeur-marguerite-marie"],"jetpack_publicize_connections":[],"jetpack_featured_media_url":"https:\/\/i0.wp.com\/www.mauritiustimes.com\/mt\/wp-content\/uploads\/2019\/04\/Soeur-Marguerite-Marie.jpg?fit=1642%2C1069&ssl=1","jetpack_sharing_enabled":true,"jetpack_shortlink":"https:\/\/wp.me\/p8QzSF-57k","_links":{"self":[{"href":"https:\/\/www.mauritiustimes.com\/mt\/wp-json\/wp\/v2\/posts\/19674","targetHints":{"allow":["GET"]}}],"collection":[{"href":"https:\/\/www.mauritiustimes.com\/mt\/wp-json\/wp\/v2\/posts"}],"about":[{"href":"https:\/\/www.mauritiustimes.com\/mt\/wp-json\/wp\/v2\/types\/post"}],"author":[{"embeddable":true,"href":"https:\/\/www.mauritiustimes.com\/mt\/wp-json\/wp\/v2\/users\/3"}],"replies":[{"embeddable":true,"href":"https:\/\/www.mauritiustimes.com\/mt\/wp-json\/wp\/v2\/comments?post=19674"}],"version-history":[{"count":0,"href":"https:\/\/www.mauritiustimes.com\/mt\/wp-json\/wp\/v2\/posts\/19674\/revisions"}],"wp:featuredmedia":[{"embeddable":true,"href":"https:\/\/www.mauritiustimes.com\/mt\/wp-json\/wp\/v2\/media\/19675"}],"wp:attachment":[{"href":"https:\/\/www.mauritiustimes.com\/mt\/wp-json\/wp\/v2\/media?parent=19674"}],"wp:term":[{"taxonomy":"category","embeddable":true,"href":"https:\/\/www.mauritiustimes.com\/mt\/wp-json\/wp\/v2\/categories?post=19674"},{"taxonomy":"post_tag","embeddable":true,"href":"https:\/\/www.mauritiustimes.com\/mt\/wp-json\/wp\/v2\/tags?post=19674"}],"curies":[{"name":"wp","href":"https:\/\/api.w.org\/{rel}","templated":true}]}}