{"id":19177,"date":"2019-03-05T08:50:39","date_gmt":"2019-03-05T04:50:39","guid":{"rendered":"http:\/\/www.mauritiustimes.com\/mt\/?p=19177"},"modified":"2019-03-05T09:31:40","modified_gmt":"2019-03-05T05:31:40","slug":"schooling-and-youth-violence","status":"publish","type":"post","link":"https:\/\/www.mauritiustimes.com\/mt\/schooling-and-youth-violence\/","title":{"rendered":"Schooling and Youth Violence"},"content":{"rendered":"<p><span style=\"color: #000080;\"><strong>By Rattan Khushiram<\/strong><\/span><\/p>\n<p><!--more--><\/p>\n<h3 style=\"text-align: center;\"><span style=\"color: #000000;\"><em>The bomb is ticking. We have no choice but to overhaul our whole education system such that it that delivers for one and all<\/em><\/span><\/h3>\n<p><span style=\"color: #000000;\"><img data-recalc-dims=\"1\" loading=\"lazy\" decoding=\"async\" data-attachment-id=\"19178\" data-permalink=\"https:\/\/www.mauritiustimes.com\/mt\/schooling-and-youth-violence\/school-violence-1\/\" data-orig-file=\"https:\/\/i0.wp.com\/www.mauritiustimes.com\/mt\/wp-content\/uploads\/2019\/03\/SCHOOL-VIOLENCE-1.jpg?fit=1066%2C600&amp;ssl=1\" data-orig-size=\"1066,600\" data-comments-opened=\"1\" data-image-meta=\"{&quot;aperture&quot;:&quot;0&quot;,&quot;credit&quot;:&quot;&quot;,&quot;camera&quot;:&quot;&quot;,&quot;caption&quot;:&quot;&quot;,&quot;created_timestamp&quot;:&quot;0&quot;,&quot;copyright&quot;:&quot;&quot;,&quot;focal_length&quot;:&quot;0&quot;,&quot;iso&quot;:&quot;0&quot;,&quot;shutter_speed&quot;:&quot;0&quot;,&quot;title&quot;:&quot;&quot;,&quot;orientation&quot;:&quot;0&quot;}\" data-image-title=\"SCHOOL VIOLENCE 1\" data-image-description=\"\" data-image-caption=\"\" data-large-file=\"https:\/\/i0.wp.com\/www.mauritiustimes.com\/mt\/wp-content\/uploads\/2019\/03\/SCHOOL-VIOLENCE-1.jpg?fit=640%2C360&amp;ssl=1\" class=\"aligncenter size-full wp-image-19178\" src=\"https:\/\/i0.wp.com\/www.mauritiustimes.com\/mt\/wp-content\/uploads\/2019\/03\/SCHOOL-VIOLENCE-1.jpg?resize=640%2C360&#038;ssl=1\" alt=\"\" width=\"640\" height=\"360\" srcset=\"https:\/\/i0.wp.com\/www.mauritiustimes.com\/mt\/wp-content\/uploads\/2019\/03\/SCHOOL-VIOLENCE-1.jpg?w=1066&amp;ssl=1 1066w, https:\/\/i0.wp.com\/www.mauritiustimes.com\/mt\/wp-content\/uploads\/2019\/03\/SCHOOL-VIOLENCE-1.jpg?resize=300%2C169&amp;ssl=1 300w, https:\/\/i0.wp.com\/www.mauritiustimes.com\/mt\/wp-content\/uploads\/2019\/03\/SCHOOL-VIOLENCE-1.jpg?resize=768%2C432&amp;ssl=1 768w, https:\/\/i0.wp.com\/www.mauritiustimes.com\/mt\/wp-content\/uploads\/2019\/03\/SCHOOL-VIOLENCE-1.jpg?resize=1024%2C576&amp;ssl=1 1024w\" sizes=\"auto, (max-width: 640px) 100vw, 640px\" \/><\/span><\/p>\n<p><span style=\"color: #000000;\">There is a great concern about the incidence of violent behaviour among children and adolescents. This complex and troubling issue needs to be carefully understood by parents, teachers, and other adults. Many scholars have documented on the root causes of youth violence. It is widely believed that we should seek to identify the cause\/s of violence to be in a better position to prevent violence in the first place, or at least be in a position to treat or rehabilitate those identified as violent offenders.<\/span><\/p>\n<p><span style=\"color: #000000;\">A number of academic disciplines, including anthropology, biology, criminology, psychiatry, psychology, social work and sociology, have developed specific theories to explain the onset and persistence of violent behaviour. Some of these theories focus on how individual propensities, including biological and psychological disorders, increase the probability of violence. At the other end of the spectrum, structural theories propose that variables like poverty, oppression, social inequality and racism must be considered in any explanation of violent behaviour. Still others maintain that the source of violence lies in family dynamics, neighbourhood characteristics or peer socialization processes. It is quite difficult to summarise the plethora of ideas, hypotheses and empirical findings that mark the study of violence.<\/span><\/p>\n<p><span style=\"color: #000000;\">Where do we situate the kind of youth violence we had seen recently, especially with the schoolboys and girls attacking symbols of authority like the police. Have we reached a turning point? Some people believe so: \u00ab\u00a0On est pass\u00e9 \u00e0 un palier sup\u00e9rieur. On s\u2019attaque aujourd\u2019hui \u00e0 des symboles comme la police. C\u2019est dangereux et inqui\u00e9tant.\u00a0\u00bb<\/span><\/p>\n<p><span style=\"color: #000000;\">Being aggressive might mean standing for one\u2019s own beliefs and being forceful, getting one\u2019s way in personal or professional dealings and attempting to solve one\u2019s own problems. Some provocation factors must be in place for aggression to manifest itself, for the repressed feelings that reproduce themselves unconsciously to resurface again into consciousness. What are these factors?<\/span><\/p>\n<p><span style=\"color: #000000;\">For Jacques Lafitte, pedagogical adviser and trainer, the root causes of our type of youth violence are: the family, the school and exclusion. Indeed, family dysfunctions such as domestic or intra-family violence, paternal alcoholism and\/or absenteeism can be causes of youth violence. Similarly, exclusion and inequality are closely linked to violent conflict and insecurity. But what about our schools?<\/span><\/p>\n<p style=\"text-align: center;\"><span style=\"color: #000000;\"><strong>Schooling and youth violence prevention<\/strong><\/span><\/p>\n<p><span style=\"color: #000000;\">When children enter formal education, the provision of safe school environments is critical for them to learn and develop new skills. The school must also create environments that strengthen children&#8217;s life skills. Life skills programmes include those that develop children&#8217;s social and emotional skills, such as empathy, self-respect, problem-solving, anger management and effective conflict resolution.<\/span><\/p>\n<p><span style=\"color: #000000;\">Unfortunately, both in terms of imparting academic and life skills that would have helped in violence prevention, our education system\u2019s elitism fails us miserably by reinforcing exclusion. It perpetuates inequality of opportunities. Jacques Lafitte decries that our elitist education system is perpetuating exclusion and generating the type of violence we have recently been seeing. He says:<\/span><\/p>\n<p><span style=\"color: #000000;\">\u201cQuand j\u2019\u00e9tais prof, ma grande ambition \u00e9tait les 40% qui ne r\u00e9ussissaient pas. Ce sont des jeunes qui ne se sont jamais retrouv\u00e9s dans le syst\u00e8me et qui ont \u00e9t\u00e9 handicap\u00e9s par un environnement familial douteux. Si on ne s\u2019occupe pas de ces rejet\u00e9s du syst\u00e8me, ce sont eux qui briseront nos maisons, etc. Lorsqu\u2019ils se regroupent, ces \u201cdrop-outs\u201d constituent une force, une bombe. Donc, plus on favorise l\u2019\u00e9litisme et on ne s\u2019occupe pas de ces jeunes rejet\u00e9s, plus on laisse l\u2019exclusion faire son \u0153uvre. On parle de laur\u00e9ats mais de l\u2019autre c\u00f4t\u00e9, c\u2019est la violence pure qui s\u2019accumule&#8230; Cela donne ce qu\u2019on a l\u00e0. \u00bb<\/span><\/p>\n<p><span style=\"color: #000000;\">The ZEP project is another abomination of our elitist education system &#8211; a mere patch up where we persist in applying the same traditional approach, the small touches at the fringes in an attempt to improve the system. With uncommitted teachers who fail to identify themselves with their students, with the uncommitted attitude of some teachers that explains partly the very high rate of failure in these schools in the deprived regions, the ZEP project was doomed and thus in a few words we can say there was no commitment and sense of belonging.But with commitment and belonging, schools, parents and the government can break the exclusion and poverty cycle through education. Success, some recent studies say, lies not in early intervention and implementation of traditional cognitive skills (reading, math) but by teaching the \u201cnon-cognitive\u201d skills \u2013 like persistence and curiosity &#8212; that noteworthy people appear to have in abundance since toddlerhood. \u00a0Moreover, if the teacher acts as a buffer, offering love, support and emotional investment, children are much less affected by the socio-economic conditions in which they live. Teachers do compensate for the missing investment in their early years by fostering what some studies sum up as &#8220;character&#8221;. The components of character include resilience, self-control, optimism and grit. It helps young people absorb and act on criticism, overcome setbacks and meet frustration and obstacles with renewed determination. More committed teachers are more likely to instil in the ZEP students the discipline and persistence and demonstrate the ways and means to overcome adversity. That\u2019s why it is preferable to have teachers from the same culture as the students in the ZEP schools. That means a totally different approach to our ZEP project &#8212; an approach which will be relying more on the teaching of non-cognitive skills by well-paid creative and committed teachers who can make a difference to the 40% that we have earmarked as \u201cfailures\u201d.<\/span><\/p>\n<p><span style=\"color: #000000;\">The bomb is ticking. We have no choice but to overhaul our whole education system such that it that delivers for one and all, putting greater emphasis on social and emotional learning, on life skills and on teaching children to think critically. This is especially important for children from poor families for whom innovative thinking and entrepreneurship are so valuable.<\/span><\/p>\n<hr \/>\n<p><span style=\"color: #008080;\"><em>* Published in print edition on 1 March 2019<\/em><\/span><\/p>\n","protected":false},"excerpt":{"rendered":"<p>By Rattan Khushiram<\/p>\n","protected":false},"author":204,"featured_media":19178,"comment_status":"open","ping_status":"open","sticky":false,"template":"","format":"standard","meta":{"jetpack_post_was_ever_published":false,"_jetpack_newsletter_access":"","_jetpack_dont_email_post_to_subs":false,"_jetpack_newsletter_tier_id":0,"_jetpack_memberships_contains_paywalled_content":false,"_jetpack_memberships_contains_paid_content":false,"footnotes":"","jetpack_publicize_message":"","jetpack_publicize_feature_enabled":true,"jetpack_social_post_already_shared":true,"jetpack_social_options":{"image_generator_settings":{"template":"highway","default_image_id":0,"font":"","enabled":false},"version":2}},"categories":[27],"tags":[16105,16106,16107,14182,16104,3213],"class_list":["post-19177","post","type-post","status-publish","format-standard","has-post-thumbnail","hentry","category-society","tag-education-systems-elitism","tag-jacques-lafitte","tag-life-skills-programmes","tag-rattan-khushiram","tag-schooling-and-youth-violence","tag-zep-schools"],"jetpack_publicize_connections":[],"jetpack_featured_media_url":"https:\/\/i0.wp.com\/www.mauritiustimes.com\/mt\/wp-content\/uploads\/2019\/03\/SCHOOL-VIOLENCE-1.jpg?fit=1066%2C600&ssl=1","jetpack_sharing_enabled":true,"jetpack_shortlink":"https:\/\/wp.me\/p8QzSF-4Zj","_links":{"self":[{"href":"https:\/\/www.mauritiustimes.com\/mt\/wp-json\/wp\/v2\/posts\/19177","targetHints":{"allow":["GET"]}}],"collection":[{"href":"https:\/\/www.mauritiustimes.com\/mt\/wp-json\/wp\/v2\/posts"}],"about":[{"href":"https:\/\/www.mauritiustimes.com\/mt\/wp-json\/wp\/v2\/types\/post"}],"author":[{"embeddable":true,"href":"https:\/\/www.mauritiustimes.com\/mt\/wp-json\/wp\/v2\/users\/204"}],"replies":[{"embeddable":true,"href":"https:\/\/www.mauritiustimes.com\/mt\/wp-json\/wp\/v2\/comments?post=19177"}],"version-history":[{"count":0,"href":"https:\/\/www.mauritiustimes.com\/mt\/wp-json\/wp\/v2\/posts\/19177\/revisions"}],"wp:featuredmedia":[{"embeddable":true,"href":"https:\/\/www.mauritiustimes.com\/mt\/wp-json\/wp\/v2\/media\/19178"}],"wp:attachment":[{"href":"https:\/\/www.mauritiustimes.com\/mt\/wp-json\/wp\/v2\/media?parent=19177"}],"wp:term":[{"taxonomy":"category","embeddable":true,"href":"https:\/\/www.mauritiustimes.com\/mt\/wp-json\/wp\/v2\/categories?post=19177"},{"taxonomy":"post_tag","embeddable":true,"href":"https:\/\/www.mauritiustimes.com\/mt\/wp-json\/wp\/v2\/tags?post=19177"}],"curies":[{"name":"wp","href":"https:\/\/api.w.org\/{rel}","templated":true}]}}