{"id":1841,"date":"2012-08-25T14:16:54","date_gmt":"2012-08-25T14:16:54","guid":{"rendered":"http:\/\/mauritiustimes.com\/mt\/2012\/08\/25\/interview-me-rama-valayden\/"},"modified":"2019-09-24T18:29:11","modified_gmt":"2019-09-24T14:29:11","slug":"interview-me-rama-valayden","status":"publish","type":"post","link":"https:\/\/www.mauritiustimes.com\/mt\/interview-me-rama-valayden\/","title":{"rendered":"\u00ab\u00a0Ramgoolam et B\u00e9renger doivent se r\u00e9inventer\u00a0\u00bb"},"content":{"rendered":"<h6 style=\"text-align: center;\"><span style=\"text-decoration: underline;\"><span style=\"font-family: Verdana, sans-serif; color: #ff0000; text-decoration: underline;\">Interview: Me Rama Valayden<\/span><\/span><\/h6>\n<p><!--more--><\/p>\n<h3><span style=\"font-family: 'Verdana','sans-serif';\"><img data-recalc-dims=\"1\" loading=\"lazy\" decoding=\"async\" data-attachment-id=\"9184\" data-permalink=\"https:\/\/www.mauritiustimes.com\/mt\/interview-me-rama-valayden-3\/rama\/\" data-orig-file=\"https:\/\/i0.wp.com\/www.mauritiustimes.com\/mt\/wp-content\/uploads\/2015\/07\/Rama.jpg?fit=373%2C247&amp;ssl=1\" data-orig-size=\"373,247\" data-comments-opened=\"1\" data-image-meta=\"{&quot;aperture&quot;:&quot;0&quot;,&quot;credit&quot;:&quot;&quot;,&quot;camera&quot;:&quot;&quot;,&quot;caption&quot;:&quot;&quot;,&quot;created_timestamp&quot;:&quot;0&quot;,&quot;copyright&quot;:&quot;&quot;,&quot;focal_length&quot;:&quot;0&quot;,&quot;iso&quot;:&quot;0&quot;,&quot;shutter_speed&quot;:&quot;0&quot;,&quot;title&quot;:&quot;&quot;,&quot;orientation&quot;:&quot;0&quot;}\" data-image-title=\"Rama\" data-image-description=\"\" data-image-caption=\"\" data-large-file=\"https:\/\/i0.wp.com\/www.mauritiustimes.com\/mt\/wp-content\/uploads\/2015\/07\/Rama.jpg?fit=373%2C247&amp;ssl=1\" class=\" wp-image-9184 alignleft\" src=\"https:\/\/i0.wp.com\/www.mauritiustimes.com\/mt\/wp-content\/uploads\/2015\/07\/Rama.jpg?resize=640%2C426&#038;ssl=1\" alt=\"\" width=\"640\" height=\"426\" srcset=\"https:\/\/i0.wp.com\/www.mauritiustimes.com\/mt\/wp-content\/uploads\/2015\/07\/Rama.jpg?resize=300%2C200&amp;ssl=1 300w, https:\/\/i0.wp.com\/www.mauritiustimes.com\/mt\/wp-content\/uploads\/2015\/07\/Rama.jpg?w=373&amp;ssl=1 373w\" sizes=\"auto, (max-width: 640px) 100vw, 640px\" \/><\/span><\/h3>\n<h5 class=\"MsoNormal\" style=\"text-align: center;\"><span lang=\"FR\" style=\"font-family: 'Verdana','sans-serif'; mso-bidi-font-family: Arial;\">\u00ab\u00a0<strong><span style=\"color: black;\">Lorsqu\u2019on additionne les 35% du PTr avec le 30% du MMM, les 15% restants vont aux diff\u00e9rents petits partis, et il ne vous reste plus qu\u2019un reliquat de 5%. Que pouvez-vous b\u00e2tir avec 5%\u00a0? Une troisi\u00e8me ou une quatri\u00e8me force politique\u00a0?\u2026\u00a0\u00bb<\/span><\/strong><\/span><\/h5>\n<h5 class=\"MsoNormal\" style=\"text-align: center;\"><span lang=\"FR\" style=\"font-family: 'Verdana','sans-serif'; mso-bidi-font-family: Arial;\">\u00ab\u00a0<strong><span style=\"color: black;\">L\u2019Opposition actuelle, surtout celle de Paul B\u00e9renger, se r\u00e9sume \u00e0 une prise de position chaque samedi \u00e0 travers une conf\u00e9rence de presse. Avons-nous une opposition s\u00e9rieuse, cr\u00e9dible\u00a0? Celle qui est pr\u00e9sente est nourrie par une partie de la presse\u00a0\u00bb <\/span><\/strong><\/span><\/h5>\n<p><!--more--><\/p>\n<p><span style=\"color: #000000;\"><strong><span lang=\"FR\" style=\"font-family: 'Verdana','sans-serif'; mso-bidi-font-family: Arial;\">La <em><span style=\"font-style: normal;\">crise<\/span><\/em><span class=\"st\"> \u00e9conomique <\/span><em><span style=\"font-style: normal;\">mondiale affecte le monde entier d\u2019une mani\u00e8re ou d\u2019une autre. De m\u00eame, les effets catastrophiques du changement climatique dans plusieurs pays donn<\/span><\/em><span class=\"st\">ent<\/span><em><span style=\"font-style: normal;\"> naissance \u00e0 des inqui\u00e9tudes. Il existe bien une certaine instabilit\u00e9 au niveau plan\u00e9taire. Quelles sont les cons\u00e9quences des crises &#8211; financi\u00e8res, environnementales, sociales et autres \u2013<\/span><\/em> sur la R\u00e9publique de Maurice\u00a0? Nous avons invit<em><span style=\"font-style: normal;\">\u00e9<\/span><\/em> Me Rama Valayden, un habitu<em><span style=\"font-style: normal;\">\u00e9<\/span><\/em> du terrain, \u00e0 nous donner son avis.<\/span><\/strong><\/span><\/p>\n<p class=\"MsoNormal\"><span style=\"color: #000000;\"><strong><span lang=\"FR\" style=\"font-family: 'Verdana','sans-serif'; mso-bidi-font-family: Arial;\">Mauritius Times: D\u2019abord, M. Valayden, dites-nous vos sentiments par rapport \u00e0 la situation qui pr\u00e9vaut dans le pays pr\u00e9sentement par rapport \u00e0 la gouvernance, au climat politique et \u00e9conomique, et aussi la situation au niveau du <em>law &amp; order<\/em> ?<\/span><\/strong><\/span><\/p>\n<p class=\"MsoNormal\"><span style=\"color: #000000;\"><strong><span lang=\"FR\" style=\"font-family: 'Verdana','sans-serif'; mso-bidi-font-family: Arial;\">Me Rama Valayden<\/span><\/strong><span lang=\"FR\" style=\"font-family: 'Verdana','sans-serif'; mso-bidi-font-family: Arial;\"> : Etant quelqu\u2019un de tr\u00e8s proche des hommes et tr\u00e8s observateur de la chose humaine, je ressens une dose incroyable de pessimisme \u00e0 travers le pays, cela alors que la situation n\u2019est pas aussi grave comme elle l\u2019est ailleurs. Malheureusement, nous devenons de plus en plus un peuple pessimiste et nous cherchons, me semble-t-il, des raisons pour \u00eatre pessimistes. Il semblerait que le pessimisme tend \u00e0 devenir un r\u00e9flexe naturel chez les Mauriciens, et particuli\u00e8rement chez nos hommes politiques, les dirigeants des plusieurs ONG mais aussi des hommes et femmes engag\u00e9s dans notre soci\u00e9t\u00e9. Ils ont tendance \u00e0 focaliser uniquement sur des aspects n\u00e9gatifs en toutes choses \u2013 ils n\u2019analysent les choses qu\u2019\u00e0 travers le prisme de la n\u00e9gativit\u00e9, ce qui est dommage, \u00e0 mon avis. <\/span><\/span><\/p>\n<p class=\"MsoNormal\"><span lang=\"FR\" style=\"font-family: Verdana, sans-serif; color: #000000;\">Cependant, je dois admettre que certains signes d\u2019inqui\u00e9tude refont surface\u00a0: le spectre du ch\u00f4mage et la pr\u00e9carit\u00e9 de l\u2019emploi semblent revenir hanter les jeunes Mauriciens. Aujourd\u2019hui, \u00e0 travers le pays, nous voyons davantage de jeunes sans emploi pendant une p\u00e9riode d\u00e9passant une ann\u00e9e. Lorsque j\u2019\u00e9tais ministre dans le gouvernement de l\u2019Alliance de l\u2019Avenir, nous avions certes rencontr\u00e9 de grosses difficult\u00e9s, mais les gens semblaient confiants dans un avenir meilleur. Aujourd\u2019hui, par contre, que ce soit dans le secteur h\u00f4telier, l\u2019offshore, le monde des affaires, les petites et moyennes entreprises, il existe une situation plut\u00f4t sensible. Mercredi matin, des employ\u00e9s d\u2019h\u00f4tel sont venus me consulter suite \u00e0 leur suspension par le patronat pour des raisons banales\u00a0; l\u2019administration, me semble-t-il, cherchait des raisons pour les mettre \u00e0 la porte. De telles choses provoquent un effet domino.<\/span><\/p>\n<p class=\"MsoNormal\"><span style=\"color: #000000;\"><strong><span lang=\"FR\" style=\"font-family: 'Verdana','sans-serif'; mso-bidi-font-family: Arial;\">* Donc, si les gens n\u2019analysent les choses qu\u2019\u00e0 travers le prisme de la n\u00e9gativit\u00e9, ils ont de bonnes raisons d\u2019\u00eatre pessimistes. C\u2019est \u00e7a\u00a0?<\/span><\/strong><\/span><\/p>\n<p class=\"MsoNormal\"><span lang=\"FR\" style=\"font-family: Verdana, sans-serif; color: #000000;\">Oui, d\u2019une certaine mani\u00e8re, parce que le gouvernement et aussi les corps para-\u00e9tatiques ne donnent pas de raisons \u00e0 esp\u00e9rer ou ne v\u00e9hiculent pas ce qui est en train d\u2019\u00eatre fait concr\u00e8tement sur le terrain. Prenons, par exemple, ce qui se fait au niveau de l\u2019Agriculture et de la s\u00e9curit\u00e9 alimentaire. Nous avons fait des progr\u00e8s dans ce secteur, mais en ne communiquant pas suffisamment aux Mauriciens ce qui a \u00e9t\u00e9 accompli, les autorit\u00e9s concern\u00e9es ne font que distiller un sentiment de pessimisme. Il est probable que le gouvernement mais aussi un certain nombre de Mauriciens aient accompli des choses int\u00e9ressantes \u00e9galement dans d\u2019autres secteurs et qu\u2019on ne communique pas ces informations. Il est \u00e9galement probable que ce pessimisme ambiant trouve son origine dans la perception que le pays vogue au gr\u00e9 du vent\u00a0; il n\u2019y a pas un sens de direction, et nous ne parvenons pas \u00e0 voir \u00ab\u00a0the big picture\u00a0\u00bb. <\/span><\/p>\n<p class=\"MsoNormal\"><span style=\"color: #000000;\"><strong><span lang=\"FR\" style=\"font-family: 'Verdana','sans-serif'; mso-bidi-font-family: Arial;\">* Entendez-vous par-l\u00e0 qu\u2019il nous manque un Capitaine \u00e0 bord du \u2018Ship of the State\u2019\u00a0?<\/span><\/strong><\/span><\/p>\n<p class=\"MsoNormal\"><span lang=\"FR\" style=\"font-family: Verdana, sans-serif; color: #000000;\">Je dirais que le Capitaine est bien l\u00e0 mais il n\u2019est pas \u00e9paul\u00e9 par une bonne \u00e9quipe. Ce qui fait que le Capitaine se voit contraint de se fier uniquement \u00e0 son propre <span class=\"ft\">jugement et \u00e0 son instinct pour prendre<\/span><span class=\"ft\"> des <\/span><span class=\"ft\">d\u00e9cisions\u00a0: il est esseul\u00e9<\/span>. Or, la gouvernance d\u2019un pays est devenue de nos jours une affaire tr\u00e8s complexe ; il faut qu\u2019il y ait de fortes personnalit\u00e9s autour d\u2019un Premier ministre pour lui dire les choses ouvertement m\u00eame si d\u2019autres n\u2019osent pas prendre la parole. Je pense qu\u2019au-del\u00e0 du charisme personnel du Premier ministre, certains \u00e9l\u00e9ments ont contribu\u00e9 \u00e0 cr\u00e9er l\u2019impresssion que Navin Ramgoolam est un g\u00e9ant et les autres ne sont que des pygm\u00e9es\u00a0: ces \u00e9l\u00e9ments sont l\u2019auto-exclusion du MSM du gouvernement mais aussi le fait que le MMM avait voulu \u00e0 un certain moment se joindre au gouvernement.<\/span><\/p>\n<p class=\"MsoNormal\"><span lang=\"FR\" style=\"font-family: Verdana, sans-serif; color: #000000;\">Il est possible que certains soient effectivement des pygm\u00e9es qui ont peur de dire la v\u00e9rit\u00e9 \u00e0 Navin Ramgoolam et ne font qu\u2019accepter ce qu\u2019il dit\u2026 Je crois sinc\u00e8rement que le PM aurait souhait\u00e9 \u00eatre contredit par ses ministres avec des arguments intelligents. Or, en ne disant pas les v\u00e9rit\u00e9s au Premier ministre, ils ne font qu\u2019empirer les choses. Et il arrivera un moment o\u00f9 nous allons constater que le roi est nu, ce qui ne sera pas dans l\u2019int\u00e9r\u00eat du pays et certainement pas dans l\u2019int\u00e9r\u00eat politique du Dr Ramgoolam. <\/span><\/p>\n<p class=\"MsoNormal\"><span style=\"color: #000000;\"><strong><span lang=\"FR\" style=\"font-family: 'Verdana','sans-serif'; mso-bidi-font-family: Arial;\">* Estimez-vous donc que cette situation requi\u00e8re une solution politique\u00a0?<\/span><\/strong><\/span><\/p>\n<p class=\"MsoNormal\"><span lang=\"FR\" style=\"font-family: Verdana, sans-serif; color: #000000;\">Oui. Il faut que tous les \u00e9l\u00e9ments de la classe politique mais aussi la population se r\u00e9veillent et se disent que nous vivons des moments difficiles. Nous avons de gros d\u00e9fis devant nous et il y a une forte probabilit\u00e9 que tout peut s\u2019\u00e9crouler <em>at any given time,<\/em> nous menant \u00e0 notre perte. Il faut tout mettre en \u0153uvre face \u00e0 ces grands d\u00e9fis, et un petit pays comme Maurice doit compter sur toutes les intelligences en son sein. Le pays a grandement besoin d\u2019un sens de direction, que ce soit au niveau de l\u2019administration centrale et r\u00e9gionale, du secteur priv\u00e9, des organisations qui militent au niveau de notre soci\u00e9t\u00e9\u2026 Cependant, le leadership doit provenir du Conseil des ministres. <\/span><\/p>\n<p class=\"MsoNormal\"><span style=\"color: #000000;\"><strong><span lang=\"FR\" style=\"font-family: 'Verdana','sans-serif'; mso-bidi-font-family: Arial;\">* Une reconfiguration politique construite sur la base d\u2019une nouvelle alliance politique constituerait-elle, \u00e0 votre avis, une partie de la solution\u00a0?<\/span><\/strong><\/span><\/p>\n<p class=\"MsoNormal\"><span lang=\"FR\" style=\"font-family: Verdana, sans-serif; color: #000000;\">Regardez ce qui se passe\u00a0ailleurs. En Angleterre, le gouvernement, les journaux, tout le monde disait qu\u2019il leur faut un gros projet pour battre la r\u00e9cession et pour redonner confiance \u00e0 la Grande Bretagne\u00a0; ils se sont battu pour avoir les Jeux Olympiques \u00e0 Londres, et ils sont parvenus, \u00e0 mon avis, \u00e0 redonner une certaine envie de vivre aux Britanniques gr\u00e2ce \u00e0 cette initiative. Les \u00e9conomistes, les statisticiens, etc., seront incapables de mesurer l\u2019effet de tels \u00e9v\u00e9nements sur le \u2018mood\u2019 d\u2019une population et sur ce qu\u2019un pays re\u00e7oit indirectement en termes de b\u00e9n\u00e9fices non-mat\u00e9riels&#8230; <\/span><\/p>\n<p class=\"MsoNormal\"><span lang=\"FR\" style=\"font-family: Verdana, sans-serif; color: #000000;\">Qu\u2019avons-nous \u00e0 Maurice en termes de projets susceptibles de galvaniser le peuple\u00a0? La Commission Justice et V\u00e9rit\u00e9, l\u2019Equal Opportunity Commission, l\u2019Aapravasi Ghat ou le projet Le Morne\u00a0? Ce sont tous de gros projets\u2026 du pass\u00e9, c\u2019est fait. Ce que nous reste pr\u00e9sentement, c\u2019est uniquement la gestion au quotidien, cela en laissant\u00a0le champ libre aux \u00e9conomistes qui viennent nous dicter leur loi. Or, \u00e0 chaque fois qu\u2019on s\u2019est born\u00e9 \u00e0 n\u2019\u00e9couter que les \u00e9conomistes, nous avons perdu la bataille des id\u00e9es et de l\u2019innovation. Il est temps de sortir de ce carcan pour penser davantage en termes d\u2019un peuple et de projets qui galvaniseront la nation pour pouvoir aller en avant et encore plus loin. Nous sommes condamn\u00e9s \u00e0 non seulement galvaniser la nation, nous sommes aussi condamn\u00e9s \u00e0 mener le r\u00f4le de leadership au niveau r\u00e9gional\u2026<\/span><\/p>\n<p class=\"MsoNormal\"><span style=\"color: #000000;\"><strong><span lang=\"FR\" style=\"font-family: 'Verdana','sans-serif'; mso-bidi-font-family: Arial;\">* Les hommes politiques, les dirigeants en particulier, sont pr\u00e9occup\u00e9s par leurs projets d\u2019alliance &#8212; certains pour de bonnes raisons, d\u2019autres pour de mauvaises raisons \u2013 et vous pensez qu\u2019ils seraient pr\u00eats \u00e0 r\u00e9fl\u00e9chir en termes de \u00ab\u00a0grands projets\u00a0\u00bb susceptibles de galvaniser le peuple\u00a0mauricien ? <\/span><\/strong><\/span><\/p>\n<p class=\"MsoNormal\"><span lang=\"FR\" style=\"font-family: Verdana, sans-serif; color: #000000;\">C\u2019est seulement le PM qui peut accomplir cela. Ramgoolam est, \u00e0 mon avis, le seul homme politique capable de venir de l\u2019avant avec un programme d\u00e9passant son parti ou m\u00eame le cadre d\u2019une \u00e9ventuelle alliance PTr-MMM pour accomplir quelque chose de grand et ce, dans l\u2019int\u00e9r\u00eat national, tout en marquant notre Histoire. Il peut le faire en faisant appel \u00e0 une collectivit\u00e9 d\u2019intelligences. Laissez moi ajouter en passant que ces projets d\u2019alliances font peur, ou ils font rire\u2026 Je disais donc que Ramgoolam pourrait bien d\u00e9passer son parti et s\u2019appuyer sur la force d\u2019une collectivit\u00e9 d\u2019intelligences pour travailler sur un grand projet capable de changer v\u00e9ritablement la vie des Mauriciens dans l\u2019espace de trois ou cinq ans. Cela tout en maintenant nos traditions d\u00e9mocratiques et ne permettant pas la \u2018singapourisation\u2019 de Maurice. Il faut, au contraire, \u00eatre \u00e0 m\u00eame de pouvoir exporter le mod\u00e8le mauricien. Un mod\u00e8le qui respecte l\u2019intelligence, qui va promouvoir la tol\u00e9rance, la d\u00e9mocratie et les libert\u00e9s individuelles\u00a0; bref, un mod\u00e8le o\u00f9 le peuple est au centre de tout d\u00e9veloppement.<\/span><\/p>\n<p class=\"MsoNormal\"><span style=\"color: #000000;\"><strong><span lang=\"FR\" style=\"font-family: 'Verdana','sans-serif'; mso-bidi-font-family: Arial;\">* Vous avez c\u00f4toy\u00e9 nos principaux dirigeants politiques de ces derni\u00e8res ann\u00e9es. Les voyez-vous suffisamment disponibles pour accomplir de telles choses sachant qu\u2019ils sont pr\u00e9occup\u00e9s par leurs projets d\u2019alliances\u00a0? On dit que ce qui les pr\u00e9occupe, c\u2019est le pouvoir\u2026<\/span><\/strong><\/span><\/p>\n<p class=\"MsoNormal\"><span lang=\"FR\" style=\"font-family: Verdana, sans-serif; color: #000000;\">C\u2019est pour cela que je dis que la seule personne capable de mener ce grand projet de soci\u00e9t\u00e9 actuellement, c\u2019est Navin Ramgoolam. Est-ce que Ramgoolam a le sens de l\u2019Histoire\u00a0? Est-ce qu\u2019il est capable de prendre la parole pour dire qu\u2019il \u00e9prouve le plus grand respect pour le Parti Travailliste &#8211; parti aux id\u00e9aux \u00e9lev\u00e9s -, mais qu\u2019il y a de grands dangers qui nous guettent et qu\u2019il est donc n\u00e9cessaire de d\u00e9passer le cadre d\u2019un pouvoir \u00e9ph\u00e9m\u00e8re et le Parti pour accomplir de grandes choses pour le pays\u00a0? Je crois que le PM est capable de prendre cette initiative et le temps est arriv\u00e9\u2026 <\/span><\/p>\n<p class=\"MsoNormal\"><span lang=\"FR\" style=\"font-family: Verdana, sans-serif; color: #000000;\">Je pense que Navin Ramgoolam aura int\u00e9r\u00eat \u00e0 faire un saut g\u00e9n\u00e9rationnel en passant le relais non pas \u00e0 ceux qui l\u2019entourent mais \u00e0 une g\u00e9n\u00e9ration de moins de 35 ans. Il aura \u00e0 se r\u00e9inventer parce que l\u2019Histoire, le pr\u00e9sent et l\u2019avenir, le demande. Si Navin Ramgoolam ne se r\u00e9invente pas, m\u00eame les gens qui votent pour le Parti travailliste en auront marre de le voir \u00e0 la t\u00e9l\u00e9vision chaque soir\u00a0: Ramgoolam, Ramgoolam et encore Ramgoolam. Cela constitue un danger pour lui-m\u00eame et son parti. Il aura \u00e0 tenir un nouveau discours, il est le seul capable de le faire au sein du PTr, car il n\u2019y a pas de bons communicateurs au sein du gouvernement, ou je dirai que bien peu peuvent communiquer correctement. Les autres, qui le font, parviennent \u00e0 faire un tort immense non pas au PTr mais au pays m\u00eame pour la bonne raison qu\u2019ils ne galvanisent plus les jeunes qui tournent alors leur regard ailleurs&#8230; <\/span><\/p>\n<p class=\"MsoNormal\"><span style=\"color: #000000;\"><strong><span lang=\"FR\" style=\"font-family: 'Verdana','sans-serif'; mso-bidi-font-family: Arial;\">* Et que faites-vous de l\u2019Opposition?<\/span><\/strong><\/span><\/p>\n<p class=\"MsoNormal\"><span lang=\"FR\" style=\"font-family: Verdana, sans-serif; color: #000000;\">L\u2019Opposition actuelle, surtout celle de Paul B\u00e9renger, se r\u00e9sume \u00e0 une prise de position chaque samedi \u00e0 travers une conf\u00e9rence de presse. Avons-nous une opposition s\u00e9rieuse, cr\u00e9dible\u00a0? Celle qui est pr\u00e9sente est nourrie par une partie de la presse. Il y a, certes, des gens int\u00e9ressants au sein de cette opposition. Mais, \u00e0 l\u2019exemple de Ramgoolam, B\u00e9renger aussi devra se r\u00e9inventer. On ne pourra pas, <em>in a manner of speaking<\/em>, \u2018flush\u2019 Paul B\u00e9renger\u00a0; il dispose apr\u00e8s tout d\u2019un \u00e9lectorat tournant autour de 30%. Par ailleurs, peut-on dans ces moments d\u00e9cisifs o\u00f9 le pays se trouve face \u00e0 de grands d\u00e9fis lui dire qu\u2019on ne veut pas de lui\u00a0? Au contraire, B\u00e9renger devra faire partie de cette grande \u00e9quipe pour r\u00e9-oxyg\u00e9ner notre aquarium parce que nous sommes tous des poissons d\u2019un seul et m\u00eame aquarium. <\/span><\/p>\n<p class=\"MsoNormal\"><span style=\"color: #000000;\"><strong><span lang=\"FR\" style=\"font-family: 'Verdana','sans-serif'; mso-bidi-font-family: Arial;\">* Selon les dires des deux principaux protagonistes, c\u2019est la question du Best Loser System qui a fait capoter le projet d\u2019alliance entre le PTr et le MMM. Pensez-vous que ce soit la v\u00e9ritable raison\u00a0?<\/span><\/strong><\/span><\/p>\n<p class=\"MsoNormal\"><span lang=\"FR\" style=\"font-family: Verdana, sans-serif; color: #000000;\">Je crois que c\u2019est un probl\u00e8me d\u2019\u00e9go. J\u2019ai pu c\u00f4toyer B\u00e9renger, Boodhoo, Ramgoolam et d\u2019autres dirigeants, et je peux vous affirmer qu\u2019il n\u2019y a pas de raisons objectives \u00e0 la base de l\u2019\u00e9clatement des alliances\u00a0; il n\u2019y a que les \u00e9gos qui font \u00e9clater les alliances. En v\u00e9rit\u00e9, fondamentalement, il n\u2019y a pas de grandes diff\u00e9rences entre les partis politiques. C\u2019est seulement en 1976 que le MMM avait une diff\u00e9rence fondamentale avec les autres partis. Au fond, ils ont la m\u00eame architecture. Ce qui est diff\u00e9rent parfois, c\u2019est la couleur de la devanture de la maison. Par ailleurs, ils sont souvent prisonniers des m\u00eames financiers\u2026<\/span><\/p>\n<p class=\"MsoNormal\"><span style=\"color: #000000;\"><strong><span lang=\"FR\" style=\"font-family: 'Verdana','sans-serif'; mso-bidi-font-family: Arial;\">* Pourquoi est-ce que le MSM ne semble pas avoir r\u00e9ussi son effet-Jugnauth,\u00a0valeur du jour ?<\/span><\/strong><\/span><\/p>\n<p class=\"MsoNormal\"><span lang=\"FR\" style=\"font-family: Verdana, sans-serif; color: #000000;\">Le peuple a d\u00e9cel\u00e9 un coup fourr\u00e9 dans toute cette affaire. Les Mauriciens sont intelligents, ils sont capables de ressentir certaines choses. Dans cette affaire pr\u00e9cise, ils ont senti le \u00ab\u00a0snoek qui p\u00e9 brill\u00e9\u00a0\u00bb, c\u2019est-\u00e0-dire, ils ont eu le sentiment que Sir Anerood Jugnauth est venu \u00e0 la rescousse de son fils suite \u00e0 un SOS d\u2019un MSM qui prenait dangereusement de l\u2019eau. C\u2019est ce que pense la tr\u00e8s grande majorit\u00e9 des Mauriciens. Donc, qui va croire Jugnauth maintenant\u00a0? En venant \u00e0 la rescousse de son fils, Jugnauth &#8211; malheureusement &#8211; s\u2019est d\u00e9cr\u00e9dibilis\u00e9 pour mener \u00e0 bien une autre entreprise. Je parle du fait que Jugnauth est revenu, je ne dirai pas pour de mauvaises raisons, mais pour des raisons qui sont en train de blesser l\u2019intelligence mauricienne. <\/span><\/p>\n<p class=\"MsoNormal\"><span style=\"color: #000000;\"><strong><span lang=\"FR\" style=\"font-family: 'Verdana','sans-serif'; mso-bidi-font-family: Arial;\">* Mais m\u00eame si, le peuple est suffisamment intelligent pour lire dans le jeu de Sir Anerood Jugnauth, Paul B\u00e9renger ou Navin Ramgoolam, le PM aura quand m\u00eame, du point de vue de l\u2019arithm\u00e9tique \u00e9lectoral, \u00e0 se faire des soucis devant ce \u2018remake 2000\u2019, n\u2019est-ce pas\u00a0?<\/span><\/strong><\/span><\/p>\n<p class=\"MsoNormal\"><span lang=\"FR\" style=\"font-family: Verdana, sans-serif; color: #000000;\">Oui, parce que le gouvernement d\u2019aujourd\u2019hui n\u2019a pas de grand projet pouvant galvaniser le peuple. Nous pouvons en parler \u00e0 longueur de journ\u00e9e sur ce qui devrait ou pourrait faire partie d\u2019un tel projet. Mais il est vrai aussi que le PTr n\u2019a pas, \u00e0 ce jour, \u00e9labor\u00e9 un grand projet pouvant galvaniser le peuple. <\/span><\/p>\n<p class=\"MsoNormal\"><span style=\"color: #000000;\"><strong><span lang=\"FR\" style=\"font-family: 'Verdana','sans-serif'; mso-bidi-font-family: Arial;\">* Faute d\u2019un grand projet, les dirigeants pourraient \u00eatre tent\u00e9s de prendre un \u2018short cut\u2019 politique. Qu\u2019en pensez-vous\u00a0?<\/span><\/strong><\/span><\/p>\n<p class=\"MsoNormal\"><span lang=\"FR\" style=\"font-family: Verdana, sans-serif; color: #000000;\">Dans une situation de bipolarisation politique, qui se refl\u00e8te au niveau du \u2018hard core\u2019 des partis respectifs, c\u2019est impossible de b\u00e2tir une troisi\u00e8me ou quatri\u00e8me force politique lorsque les deux principaux partis se mettent ensemble. C\u2019est pour cela que je souhaite que les dirigeants de ces principaux partis politiques se r\u00e9inventent afin de b\u00e2tir quelque chose de plus noble . Il existe bien ceux qui pensent qu\u2019on pourra b\u00e2tir un nouveau parti. C\u2019est peut-\u00eatre louable mais \u00e0 mon avis, ce n\u2019est pas r\u00e9alisable. Lorsqu\u2019on additionne les 35% du PTr avec le 30% du MMM, les 15% restants vont aux diff\u00e9rents petits partis, et il ne vous reste plus qu\u2019un reliquat de 5%. Que pouvez-vous b\u00e2tir avec 5%\u00a0? Une troisi\u00e8me ou une quatri\u00e8me force politique\u00a0? <\/span><\/p>\n<p class=\"MsoNormal\"><span style=\"color: #000000;\"><strong><span lang=\"FR\" style=\"font-family: Verdana, sans-serif;\">* Parlons de l\u2019affaire qui a d\u00e9fray\u00e9 l\u2019actualit\u00e9 quelques semaines de cela\u00a0: l\u2019affaire Harte.<\/span><\/strong> <strong><span lang=\"FR\" style=\"font-family: 'Verdana','sans-serif'; mso-bidi-font-family: Arial;\">Vous n\u2019avez pas \u00e9t\u00e9 particuli\u00e8rement tendre envers la MCIT par rapport \u00e0 l\u2019enqu\u00eate que cette unit\u00e9 avait men\u00e9e dans le cadre de cette affaire. Il semblerait que l\u2019enqu\u00eate men\u00e9e par la Special Squad, compos\u00e9 de limiers de l\u2019ADSU et du CCID, aurait connu un d\u00e9veloppement important la semaine derni\u00e8re et qui m\u00e8nerait \u00e9ventuellement \u00e0 l\u2019inculpation provisoire d\u2019un premier suspect. Mais c\u2019est toujours trop t\u00f4t pour affirmer que vos critiques contre la MCIT \u00e9taient justifi\u00e9es, n\u2019est-ce pas\u00a0?<\/span><\/strong><\/span><\/p>\n<p class=\"MsoNormal\"><span lang=\"FR\" style=\"font-family: Verdana, sans-serif; color: #000000;\">Je suis convaincu de l\u2019innocence de ces deux personnes et c\u2019est pour cela que je l\u2019ai dit haut et fort. Ce n\u2019est jamais trop tard pour bien faire, et il est toujours possible, \u00e0 mon avis, de faire la lumi\u00e8re sur ce cas en se basant sur des analyses scientifiques plus rigoureuses et en recherchant le t\u00e9moignage mais aussi les empreintes des \u00e9trangers qui \u00e9taient \u00e0 l\u2019h\u00f4tel. <\/span><\/p>\n<p class=\"MsoNormal\"><span lang=\"FR\" style=\"font-family: Verdana, sans-serif; color: #000000;\">Je pense que la police a int\u00e9r\u00eat \u00e0 maintenir bien plus de discr\u00e9tion par rapport \u00e0 l\u2019\u00e9volution de son enqu\u00eate, cela afin de mettre toutes les chances de son c\u00f4t\u00e9 et s\u2019assurer d\u2019obtenir des r\u00e9sultats. Ce qu\u2019il faut, ce sont des renseignements fiables. Par cons\u00e9quent, il faut y mettre le paquet, m\u00eame si cela requiert l\u2019offre d\u2019une grosse r\u00e9compense \u00e0 tout informateur afin de retrouver le\/s coupables. Il ne faut plus se fier aux m\u00e9thodes utilis\u00e9es par la MCIT dans le pass\u00e9\u00a0; cela ne fonctionne pas et cela fait honte au pays.<\/span><\/p>\n<p class=\"MsoNormal\"><span style=\"color: #000000;\"><strong><span lang=\"FR\" style=\"font-family: 'Verdana','sans-serif'; mso-bidi-font-family: Arial;\">* Dans le sillage du jugement dans cette affaire, vos confr\u00e8res l\u00e9gistes et vous-m\u00eame aviez affirm\u00e9 avoir une id\u00e9e pr\u00e9cise de ce qui s\u2019est pass\u00e9 dans la Chambre 1025 o\u00f9 logeait le couple McAreavy. Parlez-nous en.<\/span><\/strong><\/span><\/p>\n<p class=\"MsoNormal\"><span lang=\"FR\" style=\"font-family: Verdana, sans-serif; color: #000000;\">J\u2019ai partag\u00e9 des informations avec la police dans un souci d\u2019aider \u00e0 \u00e9lucider cette affaire. Je suis convaincu que le vrai coupable est \u00e0 l\u2019ext\u00e9rieur, pas n\u00e9cessairement \u00e0 l\u2019\u00e9tranger, mais une personne qui est <em>on the run<\/em> actuellement. <\/span><\/p>\n<p class=\"MsoNormal\"><span style=\"color: #000000;\"><strong><span lang=\"FR\" style=\"font-family: 'Verdana','sans-serif'; mso-bidi-font-family: Arial;\">* Est-ce que vous avez des craintes qu\u2019avec cette nouvelle enqu\u00eate, men\u00e9e par le Special Squad, il y ait un risque de \u00ab\u00a0double jeopardy\u00a0\u00bb\u00a0?<\/span><\/strong><\/span><\/p>\n<p class=\"MsoNormal\"><span lang=\"FR\" style=\"font-family: Verdana, sans-serif; color: #000000;\">Il y a des risques parce qu\u2019il y a des personnes t\u00eatues qui n\u2019acceptent pas la d\u00e9faite. Elles veulent \u00e0 tout prix faire croire que ces deux personnes ont \u00e9t\u00e9 acquitt\u00e9es par les jur\u00e9s tout simplement parce que leurs avocats ont fait un excellent travail. Moi je dis\u00a0: de gr\u00e2ce, Messieurs, cherchez bien et vous allez trouver le\/s vrais coupable\/s.<\/span><\/p>\n<p>&nbsp;<\/p>\n<hr \/>\n<p><span style=\"color: #00ccff;\"><em>* Published in print edition on 24 August 2012<\/em><\/span><\/p>\n","protected":false},"excerpt":{"rendered":"<p>Interview: Me Rama Valayden<\/p>\n","protected":false},"author":1,"featured_media":1269,"comment_status":"open","ping_status":"open","sticky":false,"template":"","format":"standard","meta":{"jetpack_post_was_ever_published":false,"_jetpack_newsletter_access":"","_jetpack_dont_email_post_to_subs":false,"_jetpack_newsletter_tier_id":0,"_jetpack_memberships_contains_paywalled_content":false,"_jetpack_memberships_contains_paid_content":false,"footnotes":"","jetpack_publicize_message":"","jetpack_publicize_feature_enabled":true,"jetpack_social_post_already_shared":false,"jetpack_social_options":{"image_generator_settings":{"template":"highway","default_image_id":0,"font":"","enabled":false},"version":2}},"categories":[32],"tags":[1053,991,2452,79,9612,18838,18839,814,280,813],"class_list":["post-1841","post","type-post","status-publish","format-standard","has-post-thumbnail","hentry","category-interviews","tag-aapravasi-ghat","tag-best-loser-system","tag-boodhoo","tag-dr-ramgoolam","tag-interview-me-rama-valayden","tag-law-order","tag-mcareavy","tag-mmm","tag-msm","tag-ptr"],"jetpack_publicize_connections":[],"jetpack_featured_media_url":"https:\/\/i0.wp.com\/www.mauritiustimes.com\/mt\/wp-content\/uploads\/2011\/09\/rama%20valayden-d.gif?fit=174%2C261&ssl=1","jetpack_sharing_enabled":true,"jetpack_shortlink":"https:\/\/wp.me\/p8QzSF-tH","_links":{"self":[{"href":"https:\/\/www.mauritiustimes.com\/mt\/wp-json\/wp\/v2\/posts\/1841","targetHints":{"allow":["GET"]}}],"collection":[{"href":"https:\/\/www.mauritiustimes.com\/mt\/wp-json\/wp\/v2\/posts"}],"about":[{"href":"https:\/\/www.mauritiustimes.com\/mt\/wp-json\/wp\/v2\/types\/post"}],"author":[{"embeddable":true,"href":"https:\/\/www.mauritiustimes.com\/mt\/wp-json\/wp\/v2\/users\/1"}],"replies":[{"embeddable":true,"href":"https:\/\/www.mauritiustimes.com\/mt\/wp-json\/wp\/v2\/comments?post=1841"}],"version-history":[{"count":0,"href":"https:\/\/www.mauritiustimes.com\/mt\/wp-json\/wp\/v2\/posts\/1841\/revisions"}],"wp:featuredmedia":[{"embeddable":true,"href":"https:\/\/www.mauritiustimes.com\/mt\/wp-json\/wp\/v2\/media\/1269"}],"wp:attachment":[{"href":"https:\/\/www.mauritiustimes.com\/mt\/wp-json\/wp\/v2\/media?parent=1841"}],"wp:term":[{"taxonomy":"category","embeddable":true,"href":"https:\/\/www.mauritiustimes.com\/mt\/wp-json\/wp\/v2\/categories?post=1841"},{"taxonomy":"post_tag","embeddable":true,"href":"https:\/\/www.mauritiustimes.com\/mt\/wp-json\/wp\/v2\/tags?post=1841"}],"curies":[{"name":"wp","href":"https:\/\/api.w.org\/{rel}","templated":true}]}}