{"id":1780,"date":"2012-07-20T08:34:29","date_gmt":"2012-07-20T08:34:29","guid":{"rendered":"http:\/\/mauritiustimes.com\/mt\/2012\/07\/20\/iar-3\/"},"modified":"2019-09-29T22:52:49","modified_gmt":"2019-09-29T18:52:49","slug":"iar-3","status":"publish","type":"post","link":"https:\/\/www.mauritiustimes.com\/mt\/iar-3\/","title":{"rendered":"R\u00eave ou r\u00e9alit\u00e9"},"content":{"rendered":"<p><span style=\"color: #000080;\"><strong>By I.A.R<\/strong><\/span><!--more--><\/p>\n<p class=\"MsoNormal\" style=\"line-height: 200%;\"><span lang=\"FR\" style=\"font-size: 12pt; font-family: Verdana; color: #000000;\">Que se passe-t-il dans ce beau pays qu\u2019est l\u2019\u00eele Maurice? L\u00e0 o\u00f9 il fait beau de vivre, en paix, en tranquillit\u00e9, en harmonie, en bon voisinage. L\u00e0 o\u00f9 des \u00e9trangers \u00e0 la retraite aiment venir s\u2019installer, quitte \u00e0 d\u00e9penser gros dans l\u2019acquisition des villas de luxe. <\/span><\/p>\n<p class=\"MsoNormal\" style=\"line-height: 200%;\"><span lang=\"FR\" style=\"font-size: 12pt; font-family: Verdana; color: #000000;\">Pas un jour ne passe qu\u2019on entend sur les antennes des radios priv\u00e9es ou qu\u2019on lit dans la presse \u00e9crite des affaires tr\u00e8s louches qui touchent directement la soci\u00e9t\u00e9 mauricienne dans son ensemble. Affaires de moeurs, d\u2019intimidation, de relations sexuelles avec mineures, relations extraconjugales, vols, viols, sodomies, braquages, assassinats en pleine rue et tant d\u2019autres. Des fl\u00e9aux auxquels les Mauriciens ne sont pas habitu\u00e9s. Mais forc\u00e9ment ils sont oblig\u00e9s \u00e0 s\u2019y faire, tant la vie quotidienne est devenue un enfer avec ces probl\u00e8mes sociaux.<\/span><\/p>\n<p class=\"MsoNormal\" style=\"line-height: 200%;\"><span lang=\"FR\" style=\"font-size: 12pt; font-family: Verdana; color: #000000;\">Mais c\u2019est bien l\u2019affaire de Michaela Harte qui a fait d\u00e9border le vase. Les avocats de la d\u00e9fense dans cette triste affaire ont exploit\u00e9 \u00e0 fonds ce qu\u2019ils consid\u00e8rent \u00eatre les manquements de l\u2019enqu\u00eate. Ont-ils r\u00e9ussi \u00e0 convaincre le jury que trop de lacunes ont exist\u00e9 dans cette affaire? Quoiqu\u2019il en soit, les autorit\u00e9s concern\u00e9es ont r\u00e9agi vivement et rapidement. Le bureau du PMO a fait sortir un communiqu\u00e9 au lendemain m\u00eame du verdict juridique promettant d\u2019autres enqu\u00eates plus approfondies pour d\u00e9masquer le ou les coupables de cet horrible assassinat. Le DPP a exprim\u00e9 sa d\u00e9ception quant au verdict. Il a surtout rappel\u00e9 \u00e0 la police que les m\u00e9thodes d\u2019interrogatoire doivent \u00eatre revues de fond en comble pour faire de la place \u00e0 la modernit\u00e9 et aux syst\u00e8mes scientifiques. Cependant le responsable de cette unit\u00e9 qu\u2019est la MCIT se d\u00e9fend. A qui la faute? Du pain sur la planche pour le Commissaire de Police. <\/span><\/p>\n<p class=\"MsoNormal\" style=\"line-height: 200%;\"><span lang=\"FR\" style=\"font-size: 12pt; font-family: Verdana; color: #000000;\">Mais la plus grande responsabilit\u00e9 repose sur le dos du ministre de l\u2019Int\u00e9rieur qui n\u2019est autre que le PM lui-m\u00eame. Il doit agir, et au plus vite. On dit que le PM a commenc\u00e9 son travail. R\u00e9union avec le CP et les chefs de la MCIT. Etude s\u00e9rieuse qui doit d\u00e9boucher sur des changements drastiques afin de redorer les blasons des autorit\u00e9s. Chose absolument essentielle et primordiale pour s\u00e9curiser la population. Les complaintes des membres du public contre la police ne peuvent plus \u00eatre consid\u00e9r\u00e9es et examin\u00e9es par la police elle-m\u00eame. Ce travail doit \u00eatre accompli par une autre institution en toute libert\u00e9 et en toute ind\u00e9pendance. <\/span><\/p>\n<p class=\"MsoNormal\" style=\"line-height: 200%;\"><span lang=\"FR\" style=\"font-size: 12pt; font-family: Verdana; color: #000000;\">Le PM doit agir avec force, avec courage, avec autorit\u00e9 m\u00eame s\u2019il s\u2019agit de faire partir ceux qui n\u2019en sont pas \u00e0 la hauteur. C\u2019est le moment de <em>l\u00e8ve pak\u00e9 all\u00e9<\/em>. M\u00eame au sein du CABINET, le PM doit sentir que certains de ses ministres, de surcro\u00eet des seniors n\u2019auraient pas la performance escompt\u00e9e. Il y a la perception que chacun essaye de se d\u00e9brouiller et\/ou fait du tapage autour des programmes qui portent leurs empreintes afin de faire leur propre publicit\u00e9. Autre situation peu loquace qui demande une intervention drastique du PM. Ici aussi <em>l\u00e8ve pak\u00e9 all\u00e9<\/em> doit \u00eatre de rigueur. <\/span><\/p>\n<p class=\"MsoNormal\" style=\"line-height: 200%;\"><span lang=\"FR\" style=\"font-size: 12pt; font-family: Verdana; color: #000000;\">La population, d\u00e9j\u00e0 en souffrance avec la chert\u00e9 de la vie, serait reconnaissante envers le chef du gouvernement si de l\u2019ordre est mis au sein de sa troupe de travail. Ce faisant, le PM \u00e9vitera les intemp\u00e9ries et les cascades de critiques et de s\u00e9v\u00e8res d\u00e9nonciations. Les derni\u00e8res en date sont de Jack Bizlall, dans son interview parue dans la derni\u00e8re \u00e9dition du <em>Mauritius Times<\/em>. Cet ancien syndicaliste et militantiste promet d\u2019autres r\u00e9v\u00e9lations\u2026<\/span><\/p>\n<p class=\"MsoNormal\" style=\"line-height: 200%;\"><span lang=\"FR\" style=\"font-size: 12pt; font-family: Verdana; color: #000000;\">R\u00eave ou r\u00e9alit\u00e9? La question reste pos\u00e9e. Qui donnera la r\u00e9ponse?<\/span><\/p>\n<hr \/>\n<p><span style=\"color: #008080;\"><em>* Published in print edition on 20 July 2012<\/em><\/span><\/p>\n","protected":false},"excerpt":{"rendered":"<p>By I.A.R<\/p>\n","protected":false},"author":236,"featured_media":6560,"comment_status":"open","ping_status":"open","sticky":false,"template":"","format":"standard","meta":{"jetpack_post_was_ever_published":false,"_jetpack_newsletter_access":"","_jetpack_dont_email_post_to_subs":false,"_jetpack_newsletter_tier_id":0,"_jetpack_memberships_contains_paywalled_content":false,"_jetpack_memberships_contains_paid_content":false,"footnotes":"","jetpack_publicize_message":"","jetpack_publicize_feature_enabled":true,"jetpack_social_post_already_shared":false,"jetpack_social_options":{"image_generator_settings":{"template":"highway","default_image_id":0,"font":"","enabled":false},"version":2}},"categories":[5268],"tags":[2371,789,18527,724,19059,19058,11830],"class_list":["post-1780","post","type-post","status-publish","format-standard","has-post-thumbnail","hentry","category-justice","tag-commissaire-de-police","tag-dpp","tag-i-a-r","tag-jack-bizlall","tag-leve-pake-alle","tag-mcit","tag-pmo"],"jetpack_publicize_connections":[],"jetpack_featured_media_url":"https:\/\/i0.wp.com\/www.mauritiustimes.com\/mt\/wp-content\/uploads\/2016\/12\/MT-Logokk.jpg?fit=1200%2C880&ssl=1","jetpack_sharing_enabled":true,"jetpack_shortlink":"https:\/\/wp.me\/p8QzSF-sI","_links":{"self":[{"href":"https:\/\/www.mauritiustimes.com\/mt\/wp-json\/wp\/v2\/posts\/1780","targetHints":{"allow":["GET"]}}],"collection":[{"href":"https:\/\/www.mauritiustimes.com\/mt\/wp-json\/wp\/v2\/posts"}],"about":[{"href":"https:\/\/www.mauritiustimes.com\/mt\/wp-json\/wp\/v2\/types\/post"}],"author":[{"embeddable":true,"href":"https:\/\/www.mauritiustimes.com\/mt\/wp-json\/wp\/v2\/users\/236"}],"replies":[{"embeddable":true,"href":"https:\/\/www.mauritiustimes.com\/mt\/wp-json\/wp\/v2\/comments?post=1780"}],"version-history":[{"count":0,"href":"https:\/\/www.mauritiustimes.com\/mt\/wp-json\/wp\/v2\/posts\/1780\/revisions"}],"wp:featuredmedia":[{"embeddable":true,"href":"https:\/\/www.mauritiustimes.com\/mt\/wp-json\/wp\/v2\/media\/6560"}],"wp:attachment":[{"href":"https:\/\/www.mauritiustimes.com\/mt\/wp-json\/wp\/v2\/media?parent=1780"}],"wp:term":[{"taxonomy":"category","embeddable":true,"href":"https:\/\/www.mauritiustimes.com\/mt\/wp-json\/wp\/v2\/categories?post=1780"},{"taxonomy":"post_tag","embeddable":true,"href":"https:\/\/www.mauritiustimes.com\/mt\/wp-json\/wp\/v2\/tags?post=1780"}],"curies":[{"name":"wp","href":"https:\/\/api.w.org\/{rel}","templated":true}]}}