{"id":171,"date":"2010-03-26T10:05:02","date_gmt":"2010-03-26T10:05:02","guid":{"rendered":"http:\/\/mauritiustimes.com\/mt\/2010\/03\/26\/interview-cshossen\/"},"modified":"2010-03-26T10:05:02","modified_gmt":"2010-03-26T10:05:02","slug":"interview-cshossen","status":"publish","type":"post","link":"https:\/\/www.mauritiustimes.com\/mt\/interview-cshossen\/","title":{"rendered":"Interview C.S.Hossen"},"content":{"rendered":"<p class=\"MsoNormal\" style=\"MARGIN: 0in 0in 10pt\"><span style=\"LINE-HEIGHT: 115%; FONT-FAMILY: 'Verdana','sans-serif'; FONT-SIZE: 12pt; mso-ansi-language: FR\" lang=\"FR\"><span style=\"color: #000000;\"><span style=\"text-decoration: underline;\">Interview: Cader Sayed-Hossen<\/span><\/span><\/span>\u00a0<\/p>\n<p style=\"text-align: center;\"><img data-recalc-dims=\"1\" loading=\"lazy\" decoding=\"async\" data-attachment-id=\"170\" data-permalink=\"https:\/\/www.mauritiustimes.com\/mt\/interview-cader-sayed-hossen-8\/attachment-cader-sayed-hossen-7\/\" data-orig-file=\"https:\/\/i0.wp.com\/www.mauritiustimes.com\/mt\/wp-content\/uploads\/2010\/03\/cader%20sayed%20hossen%207.gif?fit=228%2C310&amp;ssl=1\" data-orig-size=\"228,310\" data-comments-opened=\"1\" data-image-meta=\"{&quot;aperture&quot;:&quot;0&quot;,&quot;credit&quot;:&quot;&quot;,&quot;camera&quot;:&quot;&quot;,&quot;caption&quot;:&quot;&quot;,&quot;created_timestamp&quot;:&quot;0&quot;,&quot;copyright&quot;:&quot;&quot;,&quot;focal_length&quot;:&quot;0&quot;,&quot;iso&quot;:&quot;0&quot;,&quot;shutter_speed&quot;:&quot;0&quot;,&quot;title&quot;:&quot;&quot;,&quot;orientation&quot;:&quot;0&quot;}\" data-image-title=\"cader sayed hossen 7\" data-image-description=\"\" data-image-caption=\"\" data-large-file=\"https:\/\/i0.wp.com\/www.mauritiustimes.com\/mt\/wp-content\/uploads\/2010\/03\/cader%20sayed%20hossen%207.gif?fit=228%2C310&amp;ssl=1\" class=\" size-full wp-image-170\" src=\"https:\/\/i0.wp.com\/mauritiustimes.com\/wp-content\/uploads\/2010\/03\/cader%20sayed%20hossen%207.gif?resize=228%2C310\" border=\"0\" width=\"228\" height=\"310\" \/><\/p>\n<p class=\"MsoNormal\" style=\"MARGIN: 0in 0in 10pt\"><span style=\"LINE-HEIGHT: 115%; FONT-FAMILY: 'Verdana','sans-serif'; FONT-SIZE: 12pt; mso-ansi-language: FR\" lang=\"FR\"><\/span><\/p>\n<p class=\"MsoNormal\" style=\"MARGIN: 0in 0in 10pt\"><span style=\"LINE-HEIGHT: 115%; FONT-FAMILY: 'Verdana','sans-serif'; FONT-SIZE: 12pt; mso-ansi-language: FR\" lang=\"FR\"><span style=\"color: #000000;\"><strong>\u00ab Le PTr n\u2019a besoin d\u2019aucun alli\u00e9 ni d\u2019aucune b\u00e9quille pour lui donner une caution nationale \u00bb<\/strong><\/span><\/span><span style=\"LINE-HEIGHT: 115%; FONT-FAMILY: 'Verdana','sans-serif'; FONT-SIZE: 12pt; mso-ansi-language: FR\" lang=\"FR\"><span style=\"color: #000000;\">\u00a0<\/span><\/span><\/p>\n<p class=\"MsoNormal\" style=\"MARGIN: 0in 0in 10pt\"><span style=\"LINE-HEIGHT: 115%; FONT-FAMILY: 'Verdana','sans-serif'; FONT-SIZE: 12pt; mso-ansi-language: FR\" lang=\"FR\"><span style=\"color: #000000;\">* \u201cLes choses ont toujours \u00e9t\u00e9 claires et nettes. La question d\u2019alliance \u00e9lectorale ou non, et si alliance il y aura, avec qui se fera cette alliance, appartient au future\u201d.<\/span><\/span><\/p>\n<p>  <!--more-->  <\/p>\n<p class=\"MsoNormal\" style=\"MARGIN: 0in 0in 10pt\"><span style=\"LINE-HEIGHT: 115%; FONT-FAMILY: 'Verdana','sans-serif'; FONT-SIZE: 12pt; mso-ansi-language: FR\" lang=\"FR\"><span style=\"color: #000000;\"><\/span><\/span><\/p>\n<p style=\"text-align: left;\"><span style=\"LINE-HEIGHT: 115%; FONT-FAMILY: 'Verdana','sans-serif'; FONT-SIZE: 12pt; mso-ansi-language: FR\" lang=\"FR\"><span style=\"color: #000000;\"><strong>Le Parti travailliste a-t-il besoin d\u2019une alliance quelconque pour garantir l\u2019unit\u00e9 nationale ? pour devenir le pays o\u00f9 r\u00e8gne sans faille le Law and Order ? pour combattre le fl\u00e9au de la drogue ? pour promouvoir des politiciens-rivaux ? Notre invit\u00e9 Cader Sayed-Hossen r\u00e9pond.<\/strong><\/span><\/span><\/p>\n<p style=\"text-align: left;\"><span style=\"LINE-HEIGHT: 115%; FONT-FAMILY: 'Verdana','sans-serif'; FONT-SIZE: 12pt; mso-ansi-language: FR\" lang=\"FR\">\u00a0<\/span><span style=\"LINE-HEIGHT: 115%; FONT-FAMILY: 'Verdana','sans-serif'; FONT-SIZE: 12pt; mso-ansi-language: FR\" lang=\"FR\"><span style=\"color: #000000;\"><strong>Mauritius Times: Le Premier ministre nous rappelle souvent son ambition de faire du Parti travailliste le \u00ab seul et v\u00e9ritable \u00bb parti national du pays. Estimez-vous que ce soit une occasion rat\u00e9e du fait de la rupture des n\u00e9gociations PTr-MMM en vue d\u2019une alliance pour les prochaines \u00e9lections g\u00e9n\u00e9rales ?<\/strong><\/span><\/span><span style=\"LINE-HEIGHT: 115%; FONT-FAMILY: 'Verdana','sans-serif'; FONT-SIZE: 12pt; mso-ansi-language: FR\" lang=\"FR\"><span style=\"color: #000000;\">\u00a0<\/span><\/span><\/p>\n<p class=\"MsoNormal\" style=\"text-align: left; margin: 0in 0in 10pt;\"><span style=\"LINE-HEIGHT: 115%; FONT-FAMILY: 'Verdana','sans-serif'; FONT-SIZE: 12pt; mso-ansi-language: FR\" lang=\"FR\"><span style=\"color: #000000;\">Pour commencer, un \u00e9claircissement tr\u00e8s important. La question de n\u00e9gociations avec quelque parti politique que ce soit ou de rupture de n\u00e9gociations avec quelque parti politique que ce soit est une question purement hypoth\u00e9tique dans la mesure o\u00f9 le Premier ministre n\u2019a jamais rien mentionn\u00e9 \u00e0 cet effet et que tout ce que nous avons entendu ou lu provient soit des d\u00e9clarations de Paul B\u00e9renger ou des suppositions des m\u00e9dias. <\/span><\/span><\/p>\n<p class=\"MsoNormal\" style=\"MARGIN: 0in 0in 10pt\"><span style=\"LINE-HEIGHT: 115%; FONT-FAMILY: 'Verdana','sans-serif'; FONT-SIZE: 12pt; mso-ansi-language: FR\" lang=\"FR\"><span style=\"color: #000000;\">Ce qui est troublant dans votre question est l\u2019hypoth\u00e8se que seule une alliance avec le MMM peut faire du Parti travailliste un v\u00e9ritable parti national \u2013 si par parti national vous comprenez un parti dont la base et la composition sont multi-ethniques et pluri-religieuses et qui a une pr\u00e9sence g\u00e9ographique repr\u00e9sentative. <\/span><\/span><\/p>\n<p class=\"MsoNormal\" style=\"MARGIN: 0in 0in 10pt\"><span style=\"LINE-HEIGHT: 115%; FONT-FAMILY: 'Verdana','sans-serif'; FONT-SIZE: 12pt\" lang=\"EN-GB\"><span style=\"color: #000000;\">Le Parti travailliste est d\u00e9j\u00e0 un v\u00e9ritable parti national \u2013 et ceci depuis bien longtemps, depuis sa fondation en 1936, en fait. Le Parti travailliste regroupe en son sein des membres, des membres du Comit\u00e9 Ex\u00e9cutif, du Bureau Politique, des d\u00e9put\u00e9s et des ministres issus de toutes les cat\u00e9gories sociales et sociologiques de la nation. Il n\u2019a pas besoin de l\u2019apport de qui que ce soit d\u2019autre ou de quelque autre parti que ce soit pour devenir maintenant un parti national. En fait, cette supposition fait partie d\u2019un discours qui circule depuis quelque temps d\u00e9j\u00e0 : ce discours n\u2019a ni fondement ni justification. <\/span><\/span><\/p>\n<p class=\"MsoNormal\" style=\"MARGIN: 0in 0in 10pt\"><span style=\"LINE-HEIGHT: 115%; FONT-FAMILY: 'Verdana','sans-serif'; FONT-SIZE: 12pt\" lang=\"EN-GB\"><span style=\"color: #000000;\">Certes, il est vrai que des points de vue politique, id\u00e9ologique et \u00e9lectoral, une alliance PTr-MMM entra\u00eenerait une adh\u00e9sion massive de pratiquement toutes les couches sociales et de pratiquement toutes les composantes sociologiques et ethno-religieuses de notre soci\u00e9t\u00e9. L\u2019alliance PTr-MMM de 1995 l\u2019a largement d\u00e9montr\u00e9e. Le gouvernement qui serait issu d\u2019une telle alliance pourrait \u00eatre qualifi\u00e9e de gouvernement d\u2019unit\u00e9 nationale du point de vue technique du terme, mais en quoi cela pourrait-il contribuer de mani\u00e8re sp\u00e9cifique \u00e0 faire du Parti travailliste le \u00ab seul v\u00e9ritable parti national \u00bb, ou \u00e0 contribuer de mani\u00e8re concr\u00e8te au renforcement de l\u2019unit\u00e9 nationale, comme le sous-entend votre question ? Je ne vois pas. Parce que que ce soit dans sa composition ou dans ses orientations politiques, le Parti travailliste prend toute la nation on board. <\/span><\/span><\/p>\n<p class=\"MsoNormal\" style=\"MARGIN: 0in 0in 10pt\"><span style=\"LINE-HEIGHT: 115%; FONT-FAMILY: 'Verdana','sans-serif'; FONT-SIZE: 12pt\" lang=\"EN-GB\"><span style=\"color: #000000;\">Par ailleurs, il est vrai que les affiliations partisanes de diff\u00e9rentes composantes de la population se d\u00e9terminent dans une certaine mesure en fonction de l\u2019appartenance ethno-religieuse de ces composantes \u2013 mais, Dieu merci, de moins en moins. Ceci est un facteur sociologique et historique qui, en outre, a \u00e9t\u00e9 exacerb\u00e9 par de sombres pratiques de politique de bas \u00e9tage, entre autres par les id\u00e9ologues et pratiquants du notoire communalisme scientifique. J\u2019esp\u00e8re, comme tous les patriotes de ce pays, que ce genre d\u2019affiliation dispara\u00eetra avec la maturation de notre culture politique et, \u00e0 un stade plus avanc\u00e9, il y aura la construction d\u2019une v\u00e9ritable identit\u00e9 nationale. <\/span><\/span><\/p>\n<p class=\"MsoNormal\" style=\"MARGIN: 0in 0in 10pt\"><span style=\"LINE-HEIGHT: 115%; FONT-FAMILY: 'Verdana','sans-serif'; FONT-SIZE: 12pt\" lang=\"EN-GB\"><span style=\"color: #000000;\">Mais ce n\u2019est certainement pas une quelconque entente pr\u00e9-\u00e9lectorale, de quelque nature qu\u2019elle soit, qui peut \u00e9liminer ce genre de r\u00e9flexe.Ce n\u2019est certainement pas avec une action tactique, dont la port\u00e9e est \u00e0 court terme, que nous allons r\u00e9soudre un probl\u00e8me de fond, d\u2019ordre syst\u00e9mique et structurel.<\/span><\/span><span style=\"LINE-HEIGHT: 115%; FONT-FAMILY: 'Verdana','sans-serif'; FONT-SIZE: 12pt\" lang=\"EN-GB\"><span style=\"color: #000000;\">\u00a0<\/span><\/span><\/p>\n<p class=\"MsoNormal\" style=\"MARGIN: 0in 0in 10pt\"><span style=\"LINE-HEIGHT: 115%; FONT-FAMILY: 'Verdana','sans-serif'; FONT-SIZE: 12pt\" lang=\"EN-GB\"><span style=\"color: #000000;\"><strong>* Occasion rat\u00e9e alors pour \u00ab construire une autre Ile Maurice \u00bb, pour \u00ab nettoyer le pays \u00bb de diff\u00e9rents fl\u00e9aux, pour mettre bon ordre au niveau du \u2018law and order\u2019, n\u2019est-ce pas ?<\/strong>\u00a0<\/span><\/span><span style=\"LINE-HEIGHT: 115%; FONT-FAMILY: 'Verdana','sans-serif'; FONT-SIZE: 12pt\" lang=\"EN-GB\"><span style=\"color: #000000;\">\u00a0<\/span><\/span><\/p>\n<p class=\"MsoNormal\" style=\"MARGIN: 0in 0in 10pt\"><span style=\"LINE-HEIGHT: 115%; FONT-FAMILY: 'Verdana','sans-serif'; FONT-SIZE: 12pt\" lang=\"EN-GB\"><span style=\"color: #000000;\">Vous fa\u00eetes encore une fois la m\u00eame hypoth\u00e8se douteuse \u00e0 l\u2019effet qu\u2019il faut que le PTr soit en alliance avec le MMM pour \u00ab construire une autre Ile Maurice \u00bb, pour \u00ab nettoyer le pays \u00bb de diff\u00e9rents fl\u00e9aux, pour mettre bon ordre au niveau du \u2018law and order\u2019, etc. Vous supposez qu\u2019il faut que le MMM soit au gouvernement pour faire ce que vous avez \u00e9num\u00e9r\u00e9. Prenons un \u00e0 un les termes de votre question.<\/span><\/span><\/p>\n<p class=\"MsoNormal\" style=\"MARGIN: 0in 0in 10pt\"><span style=\"LINE-HEIGHT: 115%; FONT-FAMILY: 'Verdana','sans-serif'; FONT-SIZE: 12pt\" lang=\"EN-GB\"><span style=\"color: #000000;\">Construire une autre Ile Maurice. Qu\u2019est-ce qu\u2019une \u00ab autre \u00bb Ile Maurice ? Un pays plus moderne du point de vue de ses infrastructures et des conditions mat\u00e9rielles de vie pour ses citoyens, des institutions plus solides, cr\u00e9dibles, fiables et durables, un environnement juridique et institutionnel consensuel et pr\u00e9visible, une \u00e9conomie plus r\u00e9sistante aux chocs de l\u2019environnement \u00e9conomique international, des libert\u00e9s civiles et des droits humains garantis, une soci\u00e9t\u00e9 plus juste et plus \u00e9quitable, une soci\u00e9t\u00e9 soucieuse de la protection des plus vuln\u00e9rables d\u2019entre nous, la mise en place d\u2019une \u00e9thique publique, entre autres. <\/span><\/span><\/p>\n<p class=\"MsoNormal\" style=\"MARGIN: 0in 0in 10pt\"><span style=\"LINE-HEIGHT: 115%; FONT-FAMILY: 'Verdana','sans-serif'; FONT-SIZE: 12pt\" lang=\"EN-GB\"><span style=\"color: #000000;\">L\u2019Alliance sociale s\u2019est attel\u00e9e \u00e0 la t\u00e2che de l\u2019\u00e9laboration de ce grand projet de soci\u00e9t\u00e9 imm\u00e9diatement apr\u00e8s son accession au pouvoir en juillet 2005. Depuis cette date, des progr\u00e8s consid\u00e9rables ont \u00e9t\u00e9 accomplis dans tous les domaines que j\u2019ai \u00e9num\u00e9r\u00e9s. Le gouvernement de Navin Ramgoolam est all\u00e9 bien plus loin encore que cela, comme le t\u00e9moigne l\u2019\u00e9tablissement du cadre juridique pour assurer une comp\u00e9tition saine et transparente dans les affaires \u00e0 travers le Competition Act, pour assurer l\u2019\u00e9galit\u00e9 des chances \u00e0 travers le Equal Opportunities Act, pour r\u00e9parer les spoliations commises dans le pass\u00e9, \u00e0 travers le Truth and Justice Commission Act. <\/span><\/span><\/p>\n<p class=\"MsoNormal\" style=\"MARGIN: 0in 0in 10pt\"><span style=\"LINE-HEIGHT: 115%; FONT-FAMILY: 'Verdana','sans-serif'; FONT-SIZE: 12pt\" lang=\"EN-GB\"><span style=\"color: #000000;\">Nettoyer le pays \u00bb de diff\u00e9rents fl\u00e9aux, mettre bon ordre au niveau du \u2018law and order\u2019 etc. Evidemment, nous visons tous cette soci\u00e9t\u00e9 id\u00e9ale, \u00ab nettoy\u00e9e \u00bb des fl\u00e9aux, avec une situation parfaite de \u2018law and order\u2019. Mais soyons honn\u00eates et r\u00e9alistes. Cet id\u00e9al de z\u00e9ro criminalit\u00e9 et de z\u00e9ro fl\u00e9au est-il vraiment possible ? Tout ce qu\u2019un Etat peut faire, c\u2019est contenir, limiter \u00e0 son expression minimale la criminalit\u00e9, et assurer une protection maximale aux citoyens contre cette criminalit\u00e9. L\u00e0 aussi, \u00e0 travers la l\u00e9gislation et la r\u00e9forme du fonctionnement de la police \u2013 comme l\u2019a tr\u00e8s souvent expliqu\u00e9 le Premier ministre \u00e0 l\u2019Assembl\u00e9e Nationale et dans ses allocutions \u00e0 la nation \u2013 le gouvernement de l\u2019Alliance sociale r\u00e9ussit \u00e0 contenir et \u00e0 r\u00e9duire la criminalit\u00e9. <\/span><\/span><\/p>\n<p class=\"MsoNormal\" style=\"MARGIN: 0in 0in 10pt\"><span style=\"LINE-HEIGHT: 115%; FONT-FAMILY: 'Verdana','sans-serif'; FONT-SIZE: 12pt\" lang=\"EN-GB\"><span style=\"color: #000000;\">Il est utopique de croire, et intellectuellement malhonn\u00eate de le dire, que la pr\u00e9sence du MMM au gouvernement sera ce deus ex machina, cette baguette magique qui subitement \u00ab nettoiera \u00bb le pays des fl\u00e9aux sociaux. Notre histoire r\u00e9cente a prouv\u00e9 le contraire.\u00a0<\/span><\/span><span style=\"LINE-HEIGHT: 115%; FONT-FAMILY: 'Verdana','sans-serif'; FONT-SIZE: 12pt\" lang=\"EN-GB\"><span style=\"color: #000000;\">\u00a0<\/span><\/span><\/p>\n<p class=\"MsoNormal\" style=\"MARGIN: 0in 0in 10pt\"><span style=\"LINE-HEIGHT: 115%; FONT-FAMILY: 'Verdana','sans-serif'; FONT-SIZE: 12pt\" lang=\"EN-GB\"><span style=\"color: #000000;\"><strong>* Il semblerait qu\u2019au sein m\u00eame de l\u2019Alliance sociale beaucoup n\u2019\u00e9taient pas particuli\u00e8rement \u00ab chauds \u00bb \u00e0 l\u2019id\u00e9e de ces n\u00e9gociations-coze coz\u00e9 entre Navin Ramgoolam et Paul B\u00e9renger d\u2019o\u00f9 la sortie du VPM Rashid Beebeejaun sur les ondes d\u2019une radio priv\u00e9e et les d\u00eeners r\u00e9unissant les dirigeants du PMSD et ceux du MSM. Comment interpr\u00e9ter ces deux faits ?<\/strong><\/span><\/span><span style=\"LINE-HEIGHT: 115%; FONT-FAMILY: 'Verdana','sans-serif'; FONT-SIZE: 12pt\" lang=\"EN-GB\"><span style=\"color: #000000;\">\u00a0<\/span><\/span><\/p>\n<p class=\"MsoNormal\" style=\"MARGIN: 0in 0in 10pt\"><span style=\"LINE-HEIGHT: 115%; FONT-FAMILY: 'Verdana','sans-serif'; FONT-SIZE: 12pt\" lang=\"EN-GB\"><span style=\"color: #000000;\">Nous l\u2019avons souvent dit et redit. Le Parti travailliste est un parti d\u00e9mocratique au sein duquel des opinions diverses, divergentes ou contradictoires s\u2019expriment librement dans le cadre des m\u00e9canismes pr\u00e9vus \u00e0 cet effet : le Comit\u00e9 Ex\u00e9cutif, le Bureau Politique, le Parliamentary Labour Party ou encore les discussions plus informelles entre le leadership du parti et les membres, activistes, d\u00e9put\u00e9s ou ministres confondus. Il est donc normal, voire m\u00eame souhaitable, que des opinions contradictoires s\u2019expriment, non seulement sur les n\u00e9gociations avec qui que ce soit, mais sur beaucoup d\u2019autres sujets encore. Le Parti travailliste n\u2019est pas un parti stalinien, mais un parti de rassemblement autour d\u2019une id\u00e9ologie socialiste, humaniste et moderne. <\/span><\/span><\/p>\n<p class=\"MsoNormal\" style=\"MARGIN: 0in 0in 10pt\"><span style=\"LINE-HEIGHT: 115%; FONT-FAMILY: 'Verdana','sans-serif'; FONT-SIZE: 12pt\" lang=\"EN-GB\"><span style=\"color: #000000;\">Cependant, comme le Parti travailliste est aussi un parti structur\u00e9 et disciplin\u00e9, il est tout aussi normal que ces expressions d\u2019opinions contradictoires restent internes. <\/span><\/span><\/p>\n<p class=\"MsoNormal\" style=\"MARGIN: 0in 0in 10pt\"><span style=\"LINE-HEIGHT: 115%; FONT-FAMILY: 'Verdana','sans-serif'; FONT-SIZE: 12pt\" lang=\"EN-GB\"><span style=\"color: #000000;\">C\u2019est justement cette culture d\u00e9mocratique \u00e0 l\u2019int\u00e9rieur du Parti travailliste qui fait que le Deputy Prime Minister \u2013 qui est aussi, ne l\u2019oubliez pas, le Deputy Leader du Parti travailliste \u2013 est totalement libre de ses opinions qu\u2019il a par ailleurs exprim\u00e9es sur les ondes d\u2019une radio et qui fait que les dirigeants du PMSD \u2013 qui fait partie certes de l\u2019Alliance sociale, mais qui est un parti politique autonome in its own right \u2013 se sentent libres de d\u00eener avec qui ils veulent. C\u2019est encore justement cette culture d\u00e9mocratique de mon parti qui me permet de r\u00e9pondre \u00e0 vos questions en toute libert\u00e9.<\/span><\/span><span style=\"LINE-HEIGHT: 115%; FONT-FAMILY: 'Verdana','sans-serif'; FONT-SIZE: 12pt\" lang=\"EN-GB\"><span style=\"color: #000000;\">\u00a0<\/span><\/span><\/p>\n<p class=\"MsoNormal\" style=\"MARGIN: 0in 0in 10pt\"><span style=\"LINE-HEIGHT: 115%; FONT-FAMILY: 'Verdana','sans-serif'; FONT-SIZE: 12pt\" lang=\"EN-GB\"><span style=\"color: #000000;\"><strong>* En d\u2019autres mots, il ne revient qu\u2019au leader de l\u2019AS de d\u00e9cider avec qui conclure une alliance, les seconds couteaux n\u2019ayant pas voix au chapitre ? Et c\u2019est un arrangement satisfaisant, selon vous ?<\/strong>\u00a0<\/span><\/span><span style=\"LINE-HEIGHT: 115%; FONT-FAMILY: 'Verdana','sans-serif'; FONT-SIZE: 12pt\" lang=\"EN-GB\"><span style=\"color: #000000;\">\u00a0<\/span><\/span><\/p>\n<p class=\"MsoNormal\" style=\"MARGIN: 0in 0in 10pt\"><span style=\"LINE-HEIGHT: 115%; FONT-FAMILY: 'Verdana','sans-serif'; FONT-SIZE: 12pt\" lang=\"EN-GB\"><span style=\"color: #000000;\">Laissons de c\u00f4t\u00e9 toute sentimentalit\u00e9 et voyons cette question en termes de fonctionnement d\u2019une organisation \u2013 car un parti politique est une organisation au sens sociologique du mot. Un leader est un leader car il est celui qui f\u00e9d\u00e8re les diff\u00e9rentes tendances qui s\u2019expriment au sein de l\u2019organisation, en tire l\u2019essence et en fait la synth\u00e8se, au sens philosophique, au sens h\u00e9g\u00e9lien du terme. L\u2019issue d\u00e9cisionnelle d\u2019un parti politique ne peut qu\u2019\u00eatre la synth\u00e8se de ces diff\u00e9rentes tendances car il est impossible, impraticable, irr\u00e9aliste et certainement dangereux d\u2019essayer de faire la moyenne des diff\u00e9rentes tendances et de r\u00e9aliser ainsi une r\u00e9conciliation de toutes les tendances de telle sorte que l\u2019issue refl\u00e8te une partie de chaque tendance. <\/span><\/span><\/p>\n<p class=\"MsoNormal\" style=\"MARGIN: 0in 0in 10pt\"><span style=\"LINE-HEIGHT: 115%; FONT-FAMILY: 'Verdana','sans-serif'; FONT-SIZE: 12pt\" lang=\"EN-GB\"><span style=\"color: #000000;\">Et la responsabilit\u00e9 de faire cette synth\u00e8se, de cette issue d\u00e9cisionnelle unique incombe au leader du parti \u2013 c\u2019est justement pour cette raison qu\u2019il est le leader du parti. Ce que je vous explique est la base m\u00eame du leadership dans toute organisation.<\/span><\/span><\/p>\n<p class=\"MsoNormal\" style=\"MARGIN: 0in 0in 10pt\"><span style=\"LINE-HEIGHT: 115%; FONT-FAMILY: 'Verdana','sans-serif'; FONT-SIZE: 12pt\" lang=\"EN-GB\"><span style=\"color: #000000;\">Donc, il est tendancieux d\u2019insinuer qu\u2019il ne revient qu\u2019au leader de l\u2019Alliance sociale de prendre des d\u00e9cisions et de renvoyer tous les autres au rang \u00ab de faire valoir \u00bb. La question n\u2019est pas de savoir si cet arrangement est satisfaisant ou pas. L\u2019important, c\u2019est la capacit\u00e9 de f\u00e9d\u00e9ration du leader ainsi que l\u2019adh\u00e9sion que peut obtenir quelqu\u2019un qui joue ce r\u00f4le de leader. Et, de ce point de vue, le leadership du Parti travailliste en Navin Ramgoolam, y inclus sa l\u00e9gitimit\u00e9 \u00e0 prendre les d\u00e9cisions n\u00e9cessaires \u00e0 l\u2019avancement du Parti travailliste, est solidement assis, massivement et unanimement reconnu et accept\u00e9 et ne souffre d\u2019aucune contestation. C\u2019est dans une tr\u00e8s large mesure ce qui fait la force du Parti travailliste.\u00a0<\/span><\/span><span style=\"LINE-HEIGHT: 115%; FONT-FAMILY: 'Verdana','sans-serif'; FONT-SIZE: 12pt\" lang=\"EN-GB\"><span style=\"color: #000000;\">\u00a0<\/span><\/span><\/p>\n<p class=\"MsoNormal\" style=\"MARGIN: 0in 0in 10pt\"><span style=\"LINE-HEIGHT: 115%; FONT-FAMILY: 'Verdana','sans-serif'; FONT-SIZE: 12pt\" lang=\"EN-GB\"><span style=\"color: #000000;\"><strong>* En tout cas, le PMSD et le MSM, dit-on, se frottent les mains devant l\u2019\u00e9chec des n\u00e9gociations PTr-MMM et peuvent envisager l\u2019avenir plus sereinement maintenant que les choses sont plus claires et nettes. Qu\u2019en pensez-vous ?<\/strong><\/span><\/span><span style=\"LINE-HEIGHT: 115%; FONT-FAMILY: 'Verdana','sans-serif'; FONT-SIZE: 12pt\" lang=\"EN-GB\"><span style=\"color: #000000;\">\u00a0<\/span><\/span><\/p>\n<p class=\"MsoNormal\" style=\"MARGIN: 0in 0in 10pt\"><span style=\"LINE-HEIGHT: 115%; FONT-FAMILY: 'Verdana','sans-serif'; FONT-SIZE: 12pt\" lang=\"EN-GB\"><span style=\"color: #000000;\">Non seulement j\u2019appartiens au Parti travailliste, pas au PMSD ou au MSM, mais je suis en plus engag\u00e9 en politique. Je ne suis pas un observateur, ni un chroniqueur ou un commentateur politique qui s\u2019amuse \u00e0 faire des commentaires sur les joies ou tristesses ou sur les \u00e9tats d\u2019\u00e2me des autres partis politiques. Il faut en fait poser cette question au PMSD et au MSM. <\/span><\/span><\/p>\n<p class=\"MsoNormal\" style=\"MARGIN: 0in 0in 10pt\"><span style=\"LINE-HEIGHT: 115%; FONT-FAMILY: 'Verdana','sans-serif'; FONT-SIZE: 12pt\" lang=\"EN-GB\"><span style=\"color: #000000;\">Mais je vous dirai quand m\u00eame que les choses ont toujours \u00e9t\u00e9 claires et nettes. L\u2019Alliance sociale a \u00e9t\u00e9 \u00e9lue au pouvoir par le peuple en 2005. L\u2019Alliance sociale, telle qu\u2019elle l\u2019\u00e9tait en 2005, est toujours au pouvoir avec deux exceptions \u2013 l\u2019\u00e9jection de Madan Dulloo et le d\u00e9c\u00e8s de notre fr\u00e8re James Burty David. Les choses \u2013 la stabilit\u00e9 politique, la durabilit\u00e9 du gouvernement de Navin Ramgoolam, la constance de son orientation \u00e9conomique et sociale \u2013 n\u2019ont jamais \u00e9t\u00e9 plus claires en fait. La question d\u2019alliance \u00e9lectorale ou non, et si alliance il y aura, avec qui se fera cette alliance, appartient au futur \u2013 cette question deviendra pertinente et pourrait \u00e9ventuellement \u00eatre \u00e0 l\u2019agenda du Parti travailliste quand le Premier ministre aura d\u00e9cid\u00e9 de dissoudre l\u2019Assembl\u00e9e nationale et d\u2019appeler le pays aux urnes. En attendant ce futur et le moment d\u2019y faire face, l\u2019Alliance sociale, \u00e9lue en 2005 pour gouverner le pays, gouverne le pays et le fait \u00e0 la grande satisfaction de la nation.<\/span><\/span><span style=\"LINE-HEIGHT: 115%; FONT-FAMILY: 'Verdana','sans-serif'; FONT-SIZE: 12pt\" lang=\"EN-GB\"><span style=\"color: #000000;\">\u00a0<\/span><\/span><\/p>\n<p class=\"MsoNormal\" style=\"MARGIN: 0in 0in 10pt\"><span style=\"LINE-HEIGHT: 115%; FONT-FAMILY: 'Verdana','sans-serif'; FONT-SIZE: 12pt\" lang=\"EN-GB\"><span style=\"color: #000000;\"><strong>* Pour revenir aux pr\u00e9rogatives que d\u00e9tiennent les leaders des partis, dont le v\u00f4tre, de d\u00e9cider avec qui conclure une alliance, savez-vous ce qu\u2019il pense du MSM ? C\u2019est-\u00e0-dire en termes d\u2019un alli\u00e9 potentiel ?<\/strong><\/span><\/span><span style=\"LINE-HEIGHT: 115%; FONT-FAMILY: 'Verdana','sans-serif'; FONT-SIZE: 12pt\" lang=\"EN-GB\"><span style=\"color: #000000;\">\u00a0<\/span><\/span><\/p>\n<p class=\"MsoNormal\" style=\"MARGIN: 0in 0in 10pt\"><span style=\"LINE-HEIGHT: 115%; FONT-FAMILY: 'Verdana','sans-serif'; FONT-SIZE: 12pt\" lang=\"EN-GB\"><span style=\"color: #000000;\">Je dois avouer que je n\u2019arrive toujours pas \u00e0 comprendre cette obsession \u00e0 parler d\u2019alliance \u2013 surtout que, comme je vous l\u2019ai dit, l\u2019Alliance sociale est solidement aux commandes. Tout le monde sait que Navin Ramgoolam est non seulement un grand d\u00e9mocrate, mais qu\u2019il est aussi un homme profond\u00e9ment respectueux des institutions. Un parti politique est une institution, pas une institution d\u2019Etat, mais une institution qui fait partie du contrat national de d\u00e9mocratie et du paysage de notre r\u00e9gime politique. Le MSM est un parti politique qui accepte ce que les politologues fran\u00e7ais appellent la r\u00e8gle du jeu d\u00e9mocratique, \u00e0 l\u2019instar de la grande majorit\u00e9 de nos partis politiques, \u00e0 l\u2019exception des partis sectaires et extr\u00e9mistes. <\/span><\/span><\/p>\n<p class=\"MsoNormal\" style=\"MARGIN: 0in 0in 10pt\"><span style=\"LINE-HEIGHT: 115%; FONT-FAMILY: 'Verdana','sans-serif'; FONT-SIZE: 12pt\" lang=\"EN-GB\"><span style=\"color: #000000;\">Je ne sais pas ce que pense Navin Ramgoolam en son for int\u00e9rieur du MSM, mais du point de vue politique \u00e9videmment, dans une \u00e9ventuelle conjoncture d\u2019alliance, le MSM, comme tout autre parti non-extr\u00e9miste, non-sectaire et respectueux de la r\u00e8gle du jeu d\u00e9mocratique et de nos institutions, est un alli\u00e9 potentiel, comme le serait tout autre parti respectueux des m\u00eames r\u00e8gles.\u00a0<\/span><\/span><span style=\"LINE-HEIGHT: 115%; FONT-FAMILY: 'Verdana','sans-serif'; FONT-SIZE: 12pt\" lang=\"EN-GB\"><span style=\"color: #000000;\">\u00a0<\/span><\/span><\/p>\n<p class=\"MsoNormal\" style=\"MARGIN: 0in 0in 10pt\"><span style=\"LINE-HEIGHT: 115%; FONT-FAMILY: 'Verdana','sans-serif'; FONT-SIZE: 12pt\" lang=\"EN-GB\"><span style=\"color: #000000;\"><strong>* Qu\u2019en pense l\u2019\u00e9lectorat de votre parti, selon vous, par rapport au parti des Jugnauth ? Vous \u00eates faits l\u2019un pour l\u2019autre ?<\/strong>\u00a0<\/span><\/span><span style=\"LINE-HEIGHT: 115%; FONT-FAMILY: 'Verdana','sans-serif'; FONT-SIZE: 12pt\" lang=\"EN-GB\"><span style=\"color: #000000;\">\u00a0<\/span><\/span><\/p>\n<p class=\"MsoNormal\" style=\"MARGIN: 0in 0in 10pt\"><span style=\"LINE-HEIGHT: 115%; FONT-FAMILY: 'Verdana','sans-serif'; FONT-SIZE: 12pt\" lang=\"EN-GB\"><span style=\"color: #000000;\">Si vous me permettez l\u2019expression, l\u2019\u00e9lectorat de mon parti se fout royalement de tout autre parti, que ce soit du MMM, du MSM ou de qui que ce soit d\u2019autre. L\u2019\u00e9lectorat de mon parti est mobilis\u00e9 pour assurer le maintien du Parti travailliste au pouvoir et de Navin Ramgoolam au poste de Premier ministre. C\u2019est son unique souci, son unique objectif et son unique agenda. Certes, les travaillistes entendent aussi les rumeurs et suivent aussi les supputations de la politique fiction qui est devenue l\u2019aliment principal de la nation depuis quelques mois. Mais, au bout du compte, comme je vous l\u2019ai dit, notre seule pr\u00e9occupation est le maintien de Navin Ramgoolam au poste de Premier ministre \u2013 afin qu\u2019il puisse consolider la t\u00e2che d\u00e9j\u00e0 commenc\u00e9e de refonte de la soci\u00e9t\u00e9 en une soci\u00e9t\u00e9 plus juste et plus \u00e9quitable dans un environnement g\u00e9n\u00e9ral de modernisation et de croissance \u00e9conomique. Les d\u00e9tails de cette op\u00e9ration ne nous importent que de mani\u00e8re secondaire. <\/span><\/span><\/p>\n<p class=\"MsoNormal\" style=\"MARGIN: 0in 0in 10pt\"><span style=\"LINE-HEIGHT: 115%; FONT-FAMILY: 'Verdana','sans-serif'; FONT-SIZE: 12pt\" lang=\"EN-GB\"><span style=\"color: #000000;\">Vous me demandez si le Parti travailliste et le MSM sont faits l\u2019un pour l\u2019autre comme si nous \u00e9tions engag\u00e9s dans une histoire d\u2019amour. Le Parti travailliste n\u2019est pas seulement le plus vieux parti politique du pays, mais aussi le plus grand, de loin. En plus, c\u2019est un parti dont la composition et l\u2019action sont bas\u00e9es sur une id\u00e9ologie socialiste claire et non-\u00e9quivoque, qui est toujours rest\u00e9 fidele \u00e0 ses principes fondateurs tout en modernisant en permanence son approche et en s\u2019adaptant aux mutations \u00e9conomiques et sociales du pays. Consid\u00e9rez le parti politique que je viens de vous d\u00e9crire: y a-t-il un autre parti semblable \u00e0 Maurice ? Le MSM, ou tout autre parti, devra s\u2019adapter pour se mettre au diapason de notre histoire, de notre culture et de notre philosophie si toutefois Navin Ramgoolam souhaitait une alliance quelconque, mais le Parti travailliste, lui, est fait pour la nation, uniquement pour ce peuple que nous avons accompagn\u00e9 et inspir\u00e9 dans le combat pour la libert\u00e9 et la dignit\u00e9 depuis plus de trois quarts de si\u00e8cle.\u00a0<\/span><\/span><\/p>\n<p class=\"MsoNormal\" style=\"MARGIN: 0in 0in 10pt\"><span style=\"LINE-HEIGHT: 115%; FONT-FAMILY: 'Verdana','sans-serif'; FONT-SIZE: 12pt\" lang=\"EN-GB\"><span style=\"color: #000000;\"><strong>* Un tel rapprochement \u2013 PTr-MSM &#8212; risque cependant d\u2019accentuer la cassure dans notre soci\u00e9t\u00e9, comme le soutient Paul B\u00e9renger, et serait donc contraire \u00e0 l\u2019unit\u00e9 nationale\u2026 Le pensez-vous \u00e9galement ?<\/strong><\/span><\/span><span style=\"LINE-HEIGHT: 115%; FONT-FAMILY: 'Verdana','sans-serif'; FONT-SIZE: 12pt\" lang=\"EN-GB\"><span style=\"color: #000000;\">\u00a0<\/span><\/span><\/p>\n<p class=\"MsoNormal\" style=\"MARGIN: 0in 0in 10pt\"><span style=\"LINE-HEIGHT: 115%; FONT-FAMILY: 'Verdana','sans-serif'; FONT-SIZE: 12pt\" lang=\"EN-GB\"><span style=\"color: #000000;\">De quelle cassure parle donc Paul B\u00e9renger ? Et quid de son alliance avec le MSM en 2000 ? Encore une fois, la pr\u00e9somption de Paul B\u00e9renger est que seule une alliance avec le MMM, \u00e0 la limite seule une participation du MMM au gouvernement, cr\u00e9erait les conditions de la construction de l\u2019unit\u00e9 nationale \u2013 comme si le MMM \u00e9tait pr\u00e9destin\u00e9 par une quelconque Providence pour \u00eatre l\u2019instrument n\u00e9cessaire et l\u2019agent incontournable de l\u2019\u00e9laboration de cette unit\u00e9 nationale. C\u2019est une triste plaisanterie de la part de Paul B\u00e9renger de s\u2019arroger ainsi le monopole du patriotisme et du non-sectarisme et de la capacit\u00e9 d\u2019\u00e9laboration du corps de la nation. Le Parti travailliste n\u2019a besoin d\u2019aucun alli\u00e9 ni d\u2019aucune b\u00e9quille pour lui donner une caution nationale. <\/span><\/span><\/p>\n<p class=\"MsoNormal\" style=\"MARGIN: 0in 0in 10pt\"><span style=\"LINE-HEIGHT: 115%; FONT-FAMILY: 'Verdana','sans-serif'; FONT-SIZE: 12pt\" lang=\"EN-GB\"><span style=\"color: #000000;\">Nous savons tous que notre population est compos\u00e9e de 1,2 millions de personnes dont les anc\u00eatres sont venus d\u2019origines g\u00e9ographiques, religieuses, linguistiques et culturelles diverses, des trois continents du vieux monde, et que ces anc\u00eatres ont apport\u00e9 avec eux et nous ont l\u00e9gu\u00e9 la diversit\u00e9 qui les caract\u00e9risait. Mais ils nous ont aussi l\u00e9gu\u00e9 leur profonde humanit\u00e9 et leur farouche d\u00e9termination de vie \u2013 pour la tr\u00e8s grande majorit\u00e9 d\u2019entre eux, esclaves et coolies, dans un environnement inhumain, cruel et ali\u00e9nant. Dans un tel contexte, seul le vivre-ensemble et l\u2019\u00e9laboration graduelle d\u2019un pr\u00e9sent collectif permanent porteur d\u2019un devenir collectif, porteur en outre d\u2019un projet de destination commune et partag\u00e9e, qui s\u2019\u00e9loignerait progressivement de la souffrance, de la d\u00e9shumanisation et de l\u2019humiliation pour acc\u00e9der au simin la limi\u00e8re peut progressivement consolider la nation. <\/span><\/span><\/p>\n<p class=\"MsoNormal\" style=\"MARGIN: 0in 0in 10pt\"><span style=\"LINE-HEIGHT: 115%; FONT-FAMILY: 'Verdana','sans-serif'; FONT-SIZE: 12pt\" lang=\"EN-GB\"><span style=\"color: #000000;\">C\u2019est cela la cr\u00e9ation de l\u2019unit\u00e9 nationale, pas les discours creux et tonitruants. Et Paul B\u00e9renger oublie tout b\u00eatement que tout ce qui a \u00e9t\u00e9 fait de bon et de bien dans notre pays, et dont ont b\u00e9n\u00e9fici\u00e9 toutes les composantes de notre soci\u00e9t\u00e9 sans aucune exception, en fait tout ce qui a contribu\u00e9 et qui contribue \u00e0 l\u2019\u00e9laboration graduelle de cette destination commune et partag\u00e9e \u2013 les libert\u00e9s civiles et politiques, le droit de vote, la lutte pour l\u2019ind\u00e9pendance, les bases du d\u00e9veloppement \u00e9conomique durable, l\u2019\u00e9ducation gratuite, la sant\u00e9 publique gratuite, la s\u00e9curit\u00e9 sociale, pour n\u2019en mentionner que quelques exemples \u2013 a \u00e9t\u00e9 fait par le Parti travailliste, sous Sir Seewoosagur Ramgoolam et sous Navin Ramgoolam. Et ni Sir Seewoosagur Ramgoolam ni Navin Ramgoolam n\u2019a eu besoin de l\u2019apport de Paul B\u00e9renger ou de qui que ce soit d\u2019autre pour offrir \u00e0 la nation ce cheminement.\u00a0<\/span><\/span><span style=\"LINE-HEIGHT: 115%; FONT-FAMILY: 'Verdana','sans-serif'; FONT-SIZE: 12pt\" lang=\"EN-GB\"><span style=\"color: #000000;\">\u00a0<\/span><\/span><\/p>\n<p class=\"MsoNormal\" style=\"MARGIN: 0in 0in 10pt\"><span style=\"LINE-HEIGHT: 115%; FONT-FAMILY: 'Verdana','sans-serif'; FONT-SIZE: 12pt\" lang=\"EN-GB\"><span style=\"color: #000000;\"><strong>* Toutefois prendre le MSM \u00ab on board \u00bb, c\u2019est faire entrer le loup dans la bergerie, du fait que Pravind Jugnauth dispose du profil requis en fonction des r\u00e9alit\u00e9s mauriciennes et se pr\u00e9sente donc comme un rival potentiel s\u00e9rieux pour le leader du PTr \u2013 ce serait ni utile ni agr\u00e9able, d\u00eetes-vous ?<\/strong><\/span><\/span><span style=\"LINE-HEIGHT: 115%; FONT-FAMILY: 'Verdana','sans-serif'; FONT-SIZE: 12pt\" lang=\"EN-GB\"><span style=\"color: #000000;\">\u00a0<\/span><\/span><\/p>\n<p class=\"MsoNormal\" style=\"MARGIN: 0in 0in 10pt\"><span style=\"LINE-HEIGHT: 115%; FONT-FAMILY: 'Verdana','sans-serif'; FONT-SIZE: 12pt\" lang=\"EN-GB\"><span style=\"color: #000000;\">Pravind Jugnauth peut avoir le profil qu\u2019il veut, mais ceci n\u2019emp\u00eache qu\u2019il se serait fait platement \u00e9craser par Ashock Jugnauth lors de l\u2019\u00e9lection partielle dans la circonscription No 8 l\u2019ann\u00e9e derni\u00e8re sans le soutien des Travaillistes. En fait, le Premier ministre Navin Ramgoolam n\u2019a aucun rival s\u00e9rieux. Navin Ramgoolam est un leader politique f\u00e9d\u00e9rateur et rassembleur, un patriote avec une vision ambitieuse pour son pays, un homme de la foule avec un charisme d\u00e9vastateur et in\u00e9galable. A ce jour, Navin Ramgoolam n\u2019a ni semblable ni rival dans le paysage politique mauricien. Le Parti travailliste, sous Navin Ramgoolam, est une \u00e9norme m\u00e9canique capable d\u2019accueillir, d\u2019absorber et d\u2019int\u00e9grer n\u2019importe quel corps \u00e9tranger sans perdre sa sp\u00e9cificit\u00e9 et son originalit\u00e9. L\u2019Alliance sociale et son fonctionnement \u00e0 la travailliste est la preuve vivante de cette capacit\u00e9 d\u2019absorption et d\u2019int\u00e9gration du Parti travailliste et cette capacit\u00e9 est la raison pour laquelle l\u2019\u00e9lectorat travailliste est serein et confiant en la continuation du pouvoir travailliste et du prime ministership de Navin Ramgoolam \u2013 dans n\u2019importe quel cas de figure. <\/span><\/span><\/p>\n<p class=\"MsoNormal\" style=\"MARGIN: 0in 0in 10pt\"><span style=\"LINE-HEIGHT: 115%; FONT-FAMILY: 'Verdana','sans-serif'; FONT-SIZE: 12pt\" lang=\"EN-GB\"><span style=\"color: #000000;\">Donc, la question de Pravind Jugnauth \u2013 ou de qui que ce soit d\u2019autre en tant que rival s\u00e9rieux, potentiel, virtuel, ou r\u00e9el &#8212; ne se pose pas.<\/span><\/span><span style=\"LINE-HEIGHT: 115%; FONT-FAMILY: 'Verdana','sans-serif'; FONT-SIZE: 12pt\" lang=\"EN-GB\"><span style=\"color: #000000;\">\u00a0<\/span><\/span><\/p>\n<p class=\"MsoNormal\" style=\"MARGIN: 0in 0in 10pt\"><span style=\"LINE-HEIGHT: 115%; FONT-FAMILY: 'Verdana','sans-serif'; FONT-SIZE: 12pt\" lang=\"EN-GB\"><span style=\"color: #000000;\"><strong>* Cela, d\u2019autant plus que le sondage Louis Harris qui cr\u00e9dite au Premier ministre et \u00e0 l\u2019Alliance sociale 56% d\u2019intention de votes, donc gagnant dans tous les cas de figure, il n\u2019y a donc pas lieu de chercher ailleurs ?<\/strong><\/span><\/span><span style=\"LINE-HEIGHT: 115%; FONT-FAMILY: 'Verdana','sans-serif'; FONT-SIZE: 12pt\" lang=\"EN-GB\"><span style=\"color: #000000;\">\u00a0<\/span><\/span><\/p>\n<p class=\"MsoNormal\" style=\"MARGIN: 0in 0in 10pt\"><span style=\"LINE-HEIGHT: 115%; FONT-FAMILY: 'Verdana','sans-serif'; FONT-SIZE: 12pt\" lang=\"EN-GB\"><span style=\"color: #000000;\">C\u2019est justement ce que dit depuis longtemps le Premier ministre, mais ce sont les m\u00e9dias, les commentateurs politiques et Paul B\u00e9renger qui s\u2019ent\u00eatent de parler syst\u00e9matiquement d\u2019alliance et de faire de la politique fiction. Mais quoi qu\u2019il en soit, comme je vous l\u2019ai dit plus t\u00f4t, le leader du Parti travailliste d\u00e9cidera en derni\u00e8re instance de l\u2019orientation du parti en la mati\u00e8re.<\/span><\/span><span style=\"LINE-HEIGHT: 115%; FONT-FAMILY: 'Verdana','sans-serif'; FONT-SIZE: 12pt\" lang=\"EN-GB\"><span style=\"color: #000000;\">\u00a0<\/span><\/span><\/p>\n<p class=\"MsoNormal\" style=\"MARGIN: 0in 0in 10pt\"><span style=\"LINE-HEIGHT: 115%; FONT-FAMILY: 'Verdana','sans-serif'; FONT-SIZE: 12pt\" lang=\"EN-GB\"><span style=\"color: #000000;\"><strong>* Par ailleurs, le \u00ab sondage \u00bb \u00e0 Plaine Verte n\u2019est pas tr\u00e8s rassurant, semble-t-il. L\u2019ampleur de la fronde qui s\u2019est \u00e9lev\u00e9e et dirig\u00e9e contre le Dr Beebeejaun en particulier, le Dr Kasenally et Asraf Dulull, qui ne r\u00e9pondraient pas, selon l\u2019Association Solidarit\u00e9 Musulmane, aux attentes de l\u2019\u00e9lectorat musulman est telle qu\u2019elle a n\u00e9cessit\u00e9 l\u2019organisation d\u2019un congr\u00e8s nocturne vendredi dernier. Que se passe-t-il ?<\/strong><\/span><\/span><span style=\"LINE-HEIGHT: 115%; FONT-FAMILY: 'Verdana','sans-serif'; FONT-SIZE: 12pt\" lang=\"EN-GB\"><span style=\"color: #000000;\">\u00a0<\/span><\/span><\/p>\n<p class=\"MsoNormal\" style=\"MARGIN: 0in 0in 10pt\"><span style=\"LINE-HEIGHT: 115%; FONT-FAMILY: 'Verdana','sans-serif'; FONT-SIZE: 12pt\" lang=\"EN-GB\"><span style=\"color: #000000;\">L\u2019organisation de congr\u00e8s, nocturnes ou pas, fait partie des activit\u00e9s courantes et r\u00e9guli\u00e8res du Parti travailliste \u2013 ainsi que d\u2019autres partis. Nous avons aussi organis\u00e9 dans la circonscription No 11, il y a deux semaines de cela, et il y en aura un autre le samedi 27 mars dans la circonscription No 10 \u00e0 Bel Air. Il n\u2019y a l\u00e0 rien de plus normal et cela fait partie int\u00e9grante du fonctionnement du Parti Travailliste sur le terrain, dans les diff\u00e9rentes circonscriptions. Un congr\u00e8s ne sert pas uniquement \u00e0 mobiliser les troupes, il est aussi une d\u00e9monstration de force. De ce point de vue, le congr\u00e8s de la Plaine Verte a \u00e9t\u00e9 pour le Dr Beebeejaun un succ\u00e8s sur toute la ligne : mobilisation de ses troupes par une pr\u00e9sence massive des activistes de sa circonscription, et d\u00e9monstration de force.\u00a0<\/span><\/span><span style=\"LINE-HEIGHT: 115%; FONT-FAMILY: 'Verdana','sans-serif'; FONT-SIZE: 12pt\" lang=\"EN-GB\"><span style=\"color: #000000;\">\u00a0<\/span><\/span><\/p>\n<p class=\"MsoNormal\" style=\"MARGIN: 0in 0in 10pt\"><span style=\"LINE-HEIGHT: 115%; FONT-FAMILY: 'Verdana','sans-serif'; FONT-SIZE: 12pt\" lang=\"EN-GB\"><span style=\"color: #000000;\"><strong>* Asraf Dulull per\u00e7oit le tandem Ramgoolam-Beebeejaun comme le \u00ab symbole du progr\u00e8s \u00bb. A croire l\u2019Association Solidarit\u00e9 Musulmane, l\u2019\u00e9lectorat musulman serait d\u2019un avis diff\u00e9rent puisque le \u00ab progr\u00e8s \u00bb dont parle Dulull ne b\u00e9n\u00e9ficierait qu\u2019\u00e0 une clique, \u00e0 certains proches. Comment r\u00e9agissez-vous \u00e0 ces critiques ?<\/strong><\/span><\/span><span style=\"LINE-HEIGHT: 115%; FONT-FAMILY: 'Verdana','sans-serif'; FONT-SIZE: 12pt\" lang=\"EN-GB\"><span style=\"color: #000000;\">\u00a0<\/span><\/span><\/p>\n<p class=\"MsoNormal\" style=\"MARGIN: 0in 0in 10pt\"><span style=\"LINE-HEIGHT: 115%; FONT-FAMILY: 'Verdana','sans-serif'; FONT-SIZE: 12pt\" lang=\"EN-GB\"><span style=\"color: #000000;\">La perception du tandem Ramgoolam-Beebeejaun comme le symbole du progr\u00e8s et de la solidarit\u00e9 reste largement pr\u00e9sente et forte dans la communaut\u00e9 musulmane. Mais nul ne peut affirmer non plus, comme certains ont pu avoir tendance \u00e0 le croire ou \u00e0 le dire, l\u2019existence d\u2019un sentiment de satisfaction g\u00e9n\u00e9ralis\u00e9 de la communaut\u00e9 musulmane. Il existe aujourd\u2019hui au sein de la communaut\u00e9 musulmane un sentiment de meurtrissure, l\u2019impression d\u2019avoir \u00e9t\u00e9 laiss\u00e9e sur la touche, d\u2019avoir \u00e9t\u00e9 sensiblement exclue des opportunit\u00e9s qui ont marqu\u00e9 le d\u00e9veloppement \u00e9conomique et social de notre soci\u00e9t\u00e9 pendant les 5 derni\u00e8res ann\u00e9es. <\/span><\/span><\/p>\n<p class=\"MsoNormal\" style=\"MARGIN: 0in 0in 10pt\"><span style=\"LINE-HEIGHT: 115%; FONT-FAMILY: 'Verdana','sans-serif'; FONT-SIZE: 12pt\" lang=\"EN-GB\"><span style=\"color: #000000;\">En 2005, l\u2019\u00e9lectorat musulman \u00e9tait enthousiaste \u00e0 la nomination du Dr Beebeejaun comme Deputy Leader du Parti travailliste et voyait ce dernier comme le futur Deputy Prime Minister \u2013 ce qui est, avec la confiance que la communaut\u00e9 musulmane place en Navin Ramgoolam, une des raisons de l\u2019abandon massif de son adh\u00e9sion au MMM et son mouvement tout aussi massif vers le Parti travailliste. Cet enthousiasme et cette confiance attendaient avec impatience leur justification. Ce fut chose faite et confirm\u00e9e apr\u00e8s la victoire de juillet 2005 quand le Dr Beebeejaun fut nomm\u00e9 Deputy Prime Minister et Abu Kasenally et Asraf Dulull nomm\u00e9s \u00e0 des minist\u00e8res cl\u00e9s. En fait, apr\u00e8s juillet 2005, un grand vent d\u2019espoir soufflait sur la communaut\u00e9 musulmane apr\u00e8s sa marginalisation pendant de longues ann\u00e9es.<\/span><\/span><\/p>\n<p class=\"MsoNormal\" style=\"MARGIN: 0in 0in 10pt\"><span style=\"LINE-HEIGHT: 115%; FONT-FAMILY: 'Verdana','sans-serif'; FONT-SIZE: 12pt\" lang=\"EN-GB\"><span style=\"color: #000000;\">Aujourd\u2019hui, cinq ans apr\u00e8s, il serait illusoire de penser comme certains que ce vent d\u2019espoir s\u2019est transform\u00e9 en sentiment de satisfaction. La communaut\u00e9 musulmane se per\u00e7oit comme \u00e9tant toujours d\u00e9favoris\u00e9e par rapport \u00e0 l\u2019obtention d\u2019emplois surtout au sein de la fonction publique et des corps para-\u00e9tatiques, par rapport au d\u00e9veloppement de carri\u00e8re, y compris en termes de promotion, par rapport \u00e0 l\u2019acc\u00e8s aux opportunit\u00e9s \u00e9conomiques et par rapport \u00e0 sa promotion \u00e9conomique et sociale en g\u00e9n\u00e9ral. En fait, certains ont chant\u00e9 pendant trop longtemps \u00ab Tout va tr\u00e8s bien Madame la Marquise \u00bb pour s\u2019apercevoir \u00e0 temps que le temps passait et que l\u2019\u00e9lectorat musulman, qui repr\u00e9sente une partie cons\u00e9quente de l\u2019\u00e9lectorat travailliste en 2005, s\u2019enfon\u00e7ait dans la d\u00e9prime politique.\u00a0<\/span><\/span><span style=\"LINE-HEIGHT: 115%; FONT-FAMILY: 'Verdana','sans-serif'; FONT-SIZE: 12pt\" lang=\"EN-GB\"><span style=\"color: #000000;\">\u00a0<\/span><\/span><\/p>\n<p class=\"MsoNormal\" style=\"MARGIN: 0in 0in 10pt\"><span style=\"LINE-HEIGHT: 115%; FONT-FAMILY: 'Verdana','sans-serif'; FONT-SIZE: 12pt\" lang=\"EN-GB\"><span style=\"color: #000000;\"><strong>* Reza Issack a, lui, souhait\u00e9 voir \u201cla m\u00eame configuration, avec Navin Ramgoolam comme PM et Rashid Beebeejaun comme VPM\u201d lors des prochaines l\u00e9gislatives. Est-ce cela qui va s\u00e9curiser l\u2019\u00e9lectorat musulman et faire de sorte qu\u2019il n\u2019\u00e9chappe pas au PTr ?<\/strong>\u00a0<\/span><\/span><span style=\"LINE-HEIGHT: 115%; FONT-FAMILY: 'Verdana','sans-serif'; FONT-SIZE: 12pt\" lang=\"EN-GB\"><span style=\"color: #000000;\">\u00a0<\/span><\/span><\/p>\n<p class=\"MsoNormal\" style=\"MARGIN: 0in 0in 10pt\"><span style=\"LINE-HEIGHT: 115%; FONT-FAMILY: 'Verdana','sans-serif'; FONT-SIZE: 12pt\" lang=\"EN-GB\"><span style=\"color: #000000;\">Comme je vous l\u2019ai dit, je suis convaincu que la perception du tandem Ramgoolam-Beebeejaun comme le symbole du progr\u00e8s et de la solidarit\u00e9 reste largement pr\u00e9sente et forte dans la communaut\u00e9 musulmane. Navin Ramgoolam jouit dans toute la population, y compris dans l\u2019\u00e9lectorat musulman, non seulement d\u2019une tr\u00e8s grande popularit\u00e9, mais de la confiance de la population: son action au cours des cinq derni\u00e8res ann\u00e9es lui ont valu cette popularit\u00e9 et cette confiance. Rashid Beebeejaun jouit du m\u00eame prestige et de la m\u00eame popularit\u00e9 comme DPM au sein de la population. Mais il n\u2019emp\u00eache que l\u2019\u00e9lectorat musulman se sent insatisfait et abandonn\u00e9. Ce n\u2019est pas l\u00e0 un sentiment personnel que j\u2019exprime, mais ma lecture des courants qui traversent depuis quelque temps d\u00e9j\u00e0 cet \u00e9lectorat musulman. <\/span><\/span><\/p>\n<p class=\"MsoNormal\" style=\"MARGIN: 0in 0in 10pt\"><span style=\"LINE-HEIGHT: 115%; FONT-FAMILY: 'Verdana','sans-serif'; FONT-SIZE: 12pt\" lang=\"EN-GB\"><span style=\"color: #000000;\">Cet \u00e9lectorat, comme tout autre \u00e9lectorat, est honn\u00eate, patriotique et r\u00e9aliste. Il se rend tout \u00e0 fait compte qu\u2019un ministre musulman ne peut pas \u00eatre un ministre exclusivement pour les musulmans, mais il s\u2019attend l\u00e9gitimement \u00e0 ce que ses dol\u00e9ances et ses attentes des institutions de l\u2019Etat soient prises en compte par les ministres musulmans et soient ainsi v\u00e9hicul\u00e9es ou transmises ou satisfaites dans la mesure du possible. Cette situation est peut \u00eatre d\u00e9solante et peut sembler r\u00e9trograde pour certains. Mais, que voulez-vous, non seulement elle est vraie dans toutes les communaut\u00e9s ethno-religieuses du pays, mais elle fait partie des contraintes que nous impose la configuration d\u00e9mographique et sociologique de notre pays. Le nier ou en faire abstraction serait de la pure malhonn\u00eatet\u00e9. <\/span><\/span><\/p>\n<p class=\"MsoNormal\" style=\"MARGIN: 0in 0in 10pt\"><span style=\"LINE-HEIGHT: 115%; FONT-FAMILY: 'Verdana','sans-serif'; FONT-SIZE: 12pt\" lang=\"EN-GB\"><span style=\"color: #000000;\">C\u2019est de ce point de vue que l\u2019\u00e9lectorat musulman se sent d\u00e9laiss\u00e9 et peut \u00eatre m\u00eame abandonn\u00e9. Mais de l\u00e0 \u00e0 rendre Rashid Beebeejaun personnellement responsable de cet \u00e9tat des choses, c\u2019est un grand pas, ce serait injuste et injustifi\u00e9. Je souhaite non seulement fortement voir la m\u00eame configuration PM-DPM, Navin Ramgoolam \u2013 Rashid Beebeejaun, mais j\u2019appelle la population en g\u00e9n\u00e9ral \u00e0 soutenir cette configuration \u2013 de loin la meilleure pour le pays. Mais il me faut quand m\u00eame ajouter que la s\u00e9curisation de cet \u00e9lectorat ne pourra pas se faire uniquement par une configuration Navin Ramgoolam-Rashid Beebeejaun sans la prise en consid\u00e9ration des autres \u00e9chelons.\u00a0<\/span><\/span><span style=\"LINE-HEIGHT: 115%; FONT-FAMILY: 'Verdana','sans-serif'; FONT-SIZE: 12pt\" lang=\"EN-GB\"><span style=\"color: #000000;\">\u00a0<\/span><\/span><\/p>\n<p class=\"MsoNormal\" style=\"MARGIN: 0in 0in 10pt\"><span style=\"LINE-HEIGHT: 115%; FONT-FAMILY: 'Verdana','sans-serif'; FONT-SIZE: 12pt\" lang=\"EN-GB\"><span style=\"color: #000000;\"><strong>* On note \u00e9galement ces derniers temps, selon ce que rapporte la presse, un certain nombre de critiques dirig\u00e9es contre la Tourism Authority qui, selon R. Bhagwan, serait devenue \u00ab une arme politique \u00bb de Xavier Duval \u2013 ce qui embarrasserait le PTr. Est-ce le cas ?<\/strong><\/span><\/span><span style=\"LINE-HEIGHT: 115%; FONT-FAMILY: 'Verdana','sans-serif'; FONT-SIZE: 12pt\" lang=\"EN-GB\"><span style=\"color: #000000;\">\u00a0<\/span><\/span><\/p>\n<p class=\"MsoNormal\" style=\"MARGIN: 0in 0in 10pt\"><span style=\"LINE-HEIGHT: 115%; FONT-FAMILY: 'Verdana','sans-serif'; FONT-SIZE: 12pt\" lang=\"EN-GB\"><span style=\"color: #000000;\">Qu\u2019on le veuille ou non, et quoi qu\u2019en dise qui que ce soit, la mise en marche de la m\u00e9canique, surtout d\u2019une m\u00e9canique de service avec un large rayonnement comme la Tourism Authority et d\u2019autres encore, d\u2019un minist\u00e8re qui remplit des fonctions de service public qui non seulement satisfait des besoins de la population, mais apporte aussi un capital politique au ministre qui contr\u00f4le ce minist\u00e8re. En termes simples, la population appr\u00e9cie ainsi le ministre en question pour un travail bien fait par le biais des moyens dont il dispose. Apres tout, un ministre est suppos\u00e9 utiliser au maximum les institutions de son minist\u00e8re pour servir la population. Si cela est per\u00e7u comme l\u2019utilisation d\u2019une arme politique, so be it, o\u00f9 est le probl\u00e8me ?<\/span><\/span><\/p>\n<p class=\"MsoNormal\" style=\"MARGIN: 0in 0in 10pt\"><span style=\"color: #000000;\"><span style=\"LINE-HEIGHT: 115%; FONT-FAMILY: 'Verdana','sans-serif'; FONT-SIZE: 12pt; mso-ansi-language: FR\" lang=\"FR\">Si cela embarrasse le Parti travailliste ? Autant que je sache, Xavier Duval et le PMSD font partie de l\u2019Alliance sociale dont le leader et le Premier ministre est Navin Ramgoolam. <\/span><span style=\"LINE-HEIGHT: 115%; FONT-FAMILY: 'Verdana','sans-serif'; FONT-SIZE: 12pt\" lang=\"EN-GB\">Alors, where is the issue ?<\/span><\/span><\/p>\n","protected":false},"excerpt":{"rendered":"<p>Interview: Cader Sayed-Hossen\u00a0 \u00ab Le PTr n\u2019a besoin d\u2019aucun alli\u00e9 ni d\u2019aucune b\u00e9quille pour lui donner une caution nationale \u00bb\u00a0 * \u201cLes choses ont toujours \u00e9t\u00e9 claires et nettes. La question d\u2019alliance \u00e9lectorale ou non, et si alliance il y aura, avec qui se fera cette alliance, appartient au future\u201d.<\/p>\n","protected":false},"author":1,"featured_media":170,"comment_status":"open","ping_status":"open","sticky":false,"template":"","format":"standard","meta":{"jetpack_post_was_ever_published":false,"_jetpack_newsletter_access":"","_jetpack_dont_email_post_to_subs":false,"_jetpack_newsletter_tier_id":0,"_jetpack_memberships_contains_paywalled_content":false,"_jetpack_memberships_contains_paid_content":false,"footnotes":"","jetpack_publicize_message":"","jetpack_publicize_feature_enabled":true,"jetpack_social_post_already_shared":false,"jetpack_social_options":{"image_generator_settings":{"template":"highway","default_image_id":0,"font":"","enabled":false},"version":2}},"categories":[6],"tags":[],"class_list":["post-171","post","type-post","status-publish","format-standard","has-post-thumbnail","hentry","category-latest-news"],"jetpack_publicize_connections":[],"jetpack_featured_media_url":"https:\/\/i0.wp.com\/www.mauritiustimes.com\/mt\/wp-content\/uploads\/2010\/03\/cader%20sayed%20hossen%207.gif?fit=228%2C310&ssl=1","jetpack_sharing_enabled":true,"jetpack_shortlink":"https:\/\/wp.me\/p8QzSF-2L","_links":{"self":[{"href":"https:\/\/www.mauritiustimes.com\/mt\/wp-json\/wp\/v2\/posts\/171","targetHints":{"allow":["GET"]}}],"collection":[{"href":"https:\/\/www.mauritiustimes.com\/mt\/wp-json\/wp\/v2\/posts"}],"about":[{"href":"https:\/\/www.mauritiustimes.com\/mt\/wp-json\/wp\/v2\/types\/post"}],"author":[{"embeddable":true,"href":"https:\/\/www.mauritiustimes.com\/mt\/wp-json\/wp\/v2\/users\/1"}],"replies":[{"embeddable":true,"href":"https:\/\/www.mauritiustimes.com\/mt\/wp-json\/wp\/v2\/comments?post=171"}],"version-history":[{"count":0,"href":"https:\/\/www.mauritiustimes.com\/mt\/wp-json\/wp\/v2\/posts\/171\/revisions"}],"wp:featuredmedia":[{"embeddable":true,"href":"https:\/\/www.mauritiustimes.com\/mt\/wp-json\/wp\/v2\/media\/170"}],"wp:attachment":[{"href":"https:\/\/www.mauritiustimes.com\/mt\/wp-json\/wp\/v2\/media?parent=171"}],"wp:term":[{"taxonomy":"category","embeddable":true,"href":"https:\/\/www.mauritiustimes.com\/mt\/wp-json\/wp\/v2\/categories?post=171"},{"taxonomy":"post_tag","embeddable":true,"href":"https:\/\/www.mauritiustimes.com\/mt\/wp-json\/wp\/v2\/tags?post=171"}],"curies":[{"name":"wp","href":"https:\/\/api.w.org\/{rel}","templated":true}]}}