{"id":1600,"date":"2012-04-06T07:38:29","date_gmt":"2012-04-06T07:38:29","guid":{"rendered":"http:\/\/mauritiustimes.com\/mt\/2012\/04\/06\/tp-saran-80\/"},"modified":"2019-11-12T14:26:47","modified_gmt":"2019-11-12T10:26:47","slug":"tp-saran-80","status":"publish","type":"post","link":"https:\/\/www.mauritiustimes.com\/mt\/tp-saran-80\/","title":{"rendered":"The Next President"},"content":{"rendered":"<p><span style=\"color: #000080;\"><strong>By TP Saran<\/strong><\/span><!--more--><\/p>\n<h5 style=\"text-align: center;\"><span style=\"color: #000000;\"><em>The need for a President with the right profile and an inviolable sense of probity, with no horses of his own to flog, has become<br \/>\na matter of <\/em>national emergency.<em> We must absolutely be spared a \u2018b\u00eate politique\u2019<\/em><\/span><\/h5>\n<p><span style=\"color: #000000;\">The image of this country has suffered a battering recently because of an avoidable and totally unnecessary controversy at its highest symbolic level.<\/span><\/p>\n<p><span style=\"color: #000000;\">The episode has proved, if that was indeed necessary, that the politician as President is not a model that is doing the country and its citizens honour. Few are the men who can rise above their prejudices and their ego, and perform the duties of their office without being swayed by their likes and dislikes. Ego trips at that level &#8212; on public display to boot &#8212; diminish the person and tarnish the country.<\/span><\/p>\n<p><span style=\"color: #000000;\">In his interview to this paper last week, the seasoned journalist and political observer Yvan Martial made some very sharp remarks, based on historically verifiable facts, about the situation of conflict that had arisen between the Prime Minister and the President. He identified the elements that had in them the seeds of the genesis of the confrontation at the time of the nomination by Prime Minister Navin Ramgoolam of Anerood Jugnauth as President for a second mandate, which are that the PM could not have been unaware:<\/span><\/p>\n<ul>\n<li><span style=\"color: #000000;\">About the rout of Aunauth Beejadhur by Anerood Jugnauth in 1963;<\/span><\/li>\n<li><span style=\"color: #000000;\">That SAJ missed consigning SSR to being leader of the Opposition by a hair breadth in December 1976;<\/span><\/li>\n<li><span style=\"color: #000000;\">That SAJ wiped SSR off the political scene in 1982;<\/span><\/li>\n<li><span style=\"color: #000000;\">That SAJ made his (Navin Ramgoolam\u2019s) Labour Party bite the dust in 2000.<\/span><\/li>\n<\/ul>\n<p><span style=\"color: #000000;\">And Yvan Martial concludes on this issue as follows, \u2018<em>De quoi peuvent se plaindre aujourd\u2019hui Nuvin Ramgoolam, l\u2019anti-r\u00e9publicain de 1990-91, et tous ses courtisans? Il ne fait que r\u00e9colter, en 2012, ce qu\u2019il s\u00e8me malencontreusement en Septembre 2008.\u2019<\/em><\/span><\/p>\n<p><span style=\"color: #000000;\">To the question, <em>\u2018Ne faudrait-il pas dor\u00e9navant r\u00e9fl\u00e9chir en termes d\u2019un Pr\u00e9sident non-partisan ?\u2019 <\/em>Yvan Martial\u2019s retort is, \u2018<em>Il vous faut poser cette question au pr\u00e9sent locataire de l\u2019H\u00f4tel du gouvernement. Comment puis-je obliger un Nuvin Ramgoolam \u00e0 ne pas nommer un autre politicien, pour ne pas dire une b\u00eate politique\u2026\u2019<\/em><\/span><\/p>\n<p><span style=\"color: #000000;\">In August 2005, this column had already addressed this issue of the profile of the President of the Republic, writing that:<\/span><\/p>\n<p><span style=\"color: #000000;\">\u2018Socrates wished that there would be philosopher-kings. India and the Czech republic have had the good fortune of having philosopher-Presidents. They brought a quality to the Presidency that would be hard to replicate elsewhere. But at least they provide an example that may be emulated, even if the reflection would be much paler.<\/span><\/p>\n<p><span style=\"color: #000000;\">We should seriously envisage taking a step in that direction. At the apex of the country, we need someone with wisdom, maturity, humaneness, great understanding of the human condition, a capacity for forgiving the foibles of lesser mortals, a broad sweep of knowledge across boundaries, at ease with people of diverse cultural backgrounds, a capacity to relate intelligently and with empathy to children as well as adults of different persuasions and tendencies, with language and speech that will make others stop and listen, knowledgeable about the great currents that are criss-crossing the world and able to leverage them for the betterment of the country and, finally and most importantly, of irreproachable moral standing.<\/span><\/p>\n<p><span style=\"color: #000000;\">He is called upon to not only display but also put into practice the most refined traits that are expected to be found in a human being imbued with great culture.\u2019<\/span><\/p>\n<p><span style=\"color: #000000;\">In other words, a non-politician, because one cannot find these characteristics in any politician.<\/span><\/p>\n<p><span style=\"color: #000000;\">Today, the need for a President with the right profile and an inviolable sense of probity, with no horses of his own to flog, has become a matter of national <em>emergency<\/em>. We must absolutely be spared a <em>b\u00eate politique. <\/em><\/span><\/p>\n<p><span style=\"color: #000000;\">But of course, we have no way to prevent the political leadership from sowing the wind and reaping another tempest.<\/span><\/p>\n<p><span style=\"color: #000000;\"><em>Res ipsa loquitur\u2026<\/em><\/span><\/p>\n<hr \/>\n<p><span style=\"color: #008080;\"><em>* Published in print edition on 6 April 2012<\/em><\/span><\/p>\n","protected":false},"excerpt":{"rendered":"<p>By TP Saran<\/p>\n","protected":false},"author":13,"featured_media":6560,"comment_status":"open","ping_status":"open","sticky":false,"template":"","format":"standard","meta":{"jetpack_post_was_ever_published":false,"_jetpack_newsletter_access":"","_jetpack_dont_email_post_to_subs":false,"_jetpack_newsletter_tier_id":0,"_jetpack_memberships_contains_paywalled_content":false,"_jetpack_memberships_contains_paid_content":false,"footnotes":"","jetpack_publicize_message":"","jetpack_publicize_feature_enabled":true,"jetpack_social_post_already_shared":false,"jetpack_social_options":{"image_generator_settings":{"template":"highway","default_image_id":0,"font":"","enabled":false},"version":2}},"categories":[25],"tags":[284,1377,322,50,19836,3270,114,583],"class_list":["post-1600","post","type-post","status-publish","format-standard","has-post-thumbnail","hentry","category-politics","tag-anerood-jugnauth","tag-aunauth-beejadhur","tag-labour-party","tag-navin-ramgoolam","tag-next-president","tag-ssr","tag-tp-saran","tag-yvan-martial"],"jetpack_publicize_connections":[],"jetpack_featured_media_url":"https:\/\/i0.wp.com\/www.mauritiustimes.com\/mt\/wp-content\/uploads\/2016\/12\/MT-Logokk.jpg?fit=1200%2C880&ssl=1","jetpack_sharing_enabled":true,"jetpack_shortlink":"https:\/\/wp.me\/p8QzSF-pO","_links":{"self":[{"href":"https:\/\/www.mauritiustimes.com\/mt\/wp-json\/wp\/v2\/posts\/1600","targetHints":{"allow":["GET"]}}],"collection":[{"href":"https:\/\/www.mauritiustimes.com\/mt\/wp-json\/wp\/v2\/posts"}],"about":[{"href":"https:\/\/www.mauritiustimes.com\/mt\/wp-json\/wp\/v2\/types\/post"}],"author":[{"embeddable":true,"href":"https:\/\/www.mauritiustimes.com\/mt\/wp-json\/wp\/v2\/users\/13"}],"replies":[{"embeddable":true,"href":"https:\/\/www.mauritiustimes.com\/mt\/wp-json\/wp\/v2\/comments?post=1600"}],"version-history":[{"count":0,"href":"https:\/\/www.mauritiustimes.com\/mt\/wp-json\/wp\/v2\/posts\/1600\/revisions"}],"wp:featuredmedia":[{"embeddable":true,"href":"https:\/\/www.mauritiustimes.com\/mt\/wp-json\/wp\/v2\/media\/6560"}],"wp:attachment":[{"href":"https:\/\/www.mauritiustimes.com\/mt\/wp-json\/wp\/v2\/media?parent=1600"}],"wp:term":[{"taxonomy":"category","embeddable":true,"href":"https:\/\/www.mauritiustimes.com\/mt\/wp-json\/wp\/v2\/categories?post=1600"},{"taxonomy":"post_tag","embeddable":true,"href":"https:\/\/www.mauritiustimes.com\/mt\/wp-json\/wp\/v2\/tags?post=1600"}],"curies":[{"name":"wp","href":"https:\/\/api.w.org\/{rel}","templated":true}]}}