{"id":1594,"date":"2012-04-06T07:12:41","date_gmt":"2012-04-06T07:12:41","guid":{"rendered":"http:\/\/mauritiustimes.com\/mt\/2012\/04\/06\/interview-jocelyn-chan-low\/"},"modified":"2019-11-12T15:20:16","modified_gmt":"2019-11-12T11:20:16","slug":"interview-jocelyn-chan-low","status":"publish","type":"post","link":"https:\/\/www.mauritiustimes.com\/mt\/interview-jocelyn-chan-low\/","title":{"rendered":"\u00ab Navin Ramgoolam doit jouer et agir prudemment face au MMM-MSM \u00bb\u00a0\u00a0"},"content":{"rendered":"<h5 style=\"text-align: center;\"><span style=\"color: #ff0000;\"><u>Interview\u00a0: Jocelyn Chan Low<\/u><\/span><\/h5>\n<h5 style=\"text-align: center;\"><span style=\"color: #ff0000;\"><u><img data-recalc-dims=\"1\" loading=\"lazy\" decoding=\"async\" data-attachment-id=\"18655\" data-permalink=\"https:\/\/www.mauritiustimes.com\/mt\/interview-jocelyn-chan-low\/jocelyn-chan-low-4-3\/\" data-orig-file=\"https:\/\/i0.wp.com\/www.mauritiustimes.com\/mt\/wp-content\/uploads\/2019\/01\/Jocelyn-Chan-Low-4.jpg?fit=1075%2C600&amp;ssl=1\" data-orig-size=\"1075,600\" data-comments-opened=\"1\" data-image-meta=\"{&quot;aperture&quot;:&quot;0&quot;,&quot;credit&quot;:&quot;&quot;,&quot;camera&quot;:&quot;&quot;,&quot;caption&quot;:&quot;&quot;,&quot;created_timestamp&quot;:&quot;0&quot;,&quot;copyright&quot;:&quot;&quot;,&quot;focal_length&quot;:&quot;0&quot;,&quot;iso&quot;:&quot;0&quot;,&quot;shutter_speed&quot;:&quot;0&quot;,&quot;title&quot;:&quot;&quot;,&quot;orientation&quot;:&quot;0&quot;}\" data-image-title=\"Jocelyn Chan Low 4\" data-image-description=\"\" data-image-caption=\"\" data-large-file=\"https:\/\/i0.wp.com\/www.mauritiustimes.com\/mt\/wp-content\/uploads\/2019\/01\/Jocelyn-Chan-Low-4.jpg?fit=640%2C358&amp;ssl=1\" class=\"aligncenter size-full wp-image-18655\" src=\"https:\/\/i0.wp.com\/www.mauritiustimes.com\/mt\/wp-content\/uploads\/2019\/01\/Jocelyn-Chan-Low-4.jpg?resize=640%2C357&#038;ssl=1\" alt=\"\" width=\"640\" height=\"357\" srcset=\"https:\/\/i0.wp.com\/www.mauritiustimes.com\/mt\/wp-content\/uploads\/2019\/01\/Jocelyn-Chan-Low-4.jpg?w=1075&amp;ssl=1 1075w, https:\/\/i0.wp.com\/www.mauritiustimes.com\/mt\/wp-content\/uploads\/2019\/01\/Jocelyn-Chan-Low-4.jpg?resize=300%2C167&amp;ssl=1 300w, https:\/\/i0.wp.com\/www.mauritiustimes.com\/mt\/wp-content\/uploads\/2019\/01\/Jocelyn-Chan-Low-4.jpg?resize=768%2C429&amp;ssl=1 768w, https:\/\/i0.wp.com\/www.mauritiustimes.com\/mt\/wp-content\/uploads\/2019\/01\/Jocelyn-Chan-Low-4.jpg?resize=1024%2C572&amp;ssl=1 1024w\" sizes=\"auto, (max-width: 640px) 100vw, 640px\" \/> <\/u><\/span><!--more--><\/h5>\n<h2 style=\"text-align: center;\"><span style=\"color: #800000;\"><strong>\u00ab Si SAJ n\u2019arrive pas \u00e0 \u2018deliver the goods\u2019 on peut s\u2019attendre \u00e0 d\u2019autres d\u00e9veloppements politiques majeurs dans le pays \u00bb\u00a0 \u00a0<\/strong><\/span><\/h2>\n<h4 style=\"text-align: center;\"><span style=\"color: #000000;\"><strong>\u00ab Je ne crois trop que le gouvernement va tomber et que l\u2019opposition va mettre le gouvernement en minorit\u00e9, \u00e0 moins qu\u2019il y ait un tsunami politique \u00bb<\/strong><\/span><\/h4>\n<hr \/>\n<p><span style=\"color: #000000;\"><strong>Dans une interview accord\u00e9e au Mauritius Times, l\u2019historien et Doyen de la Facult\u00e9 des Sciences Sociales et Humaines \u00e0 l\u2019Universit\u00e9 de Maurice, Jocelyn Chan Low affirme que notre syst\u00e8me politique a montr\u00e9 ses limites, on est en train de tourner en rond, dit-il. Il soutient \u00e9galement qu\u2019une r\u00e9forme \u00e9lectorale et constitutionnelle est plus que n\u00e9cessaire. Par ailleurs, l\u2019historien laisse entendre que l\u2019alliance MMM-MSM est en \u00e9tat de gestation et ajoute que vu que le remake n\u2019est pas encore ratifi\u00e9 par l\u2019Assembl\u00e9e des d\u00e9l\u00e9gu\u00e9s des \u2018mauves\u2019 on ne peut se prononcer d\u00e9finitivement sur toute cette question\u2026\u00a0<\/strong><\/span><\/p>\n<hr \/>\n<p><span style=\"color: #000000;\"><strong>Mauritius Times\u00a0: On se souvient qu\u2019apr\u00e8s la d\u00e9faite du MMM-MSM lors des \u00e9lections g\u00e9n\u00e9rales, le leader du MMM, Paul B\u00e9renger, avait \u00e9nergiquement critiqu\u00e9 le MMM, allant jusqu\u2019\u00e0 r\u00e9duire le MSM au niveau d\u2019un groupuscule ne repr\u00e9sentant qu\u2019un tr\u00e8s faible \u00e9lectorat. Mais revoil\u00e0 le MMM dans une nouvelle disposition \u00e0 concr\u00e9tiser une \u00e9ni\u00e8me alliance avec ce m\u00eame MSM. Qu\u2019est-ce cela signifie \u00e0 votre avis\u00a0?\u00a0<\/strong><\/span><\/p>\n<p><span style=\"color: #000000;\">Premi\u00e8rement, je dirais qu\u2019il faut, \u00e0 la fois, faire une analyse structurelle et conjoncturelle. Si on \u00e9tudie les \u00e9lections (depuis que Maurice a obtenu l\u2019ind\u00e9pendance), on pourrait affirmer que c\u2019est le jeu des alliances qui d\u00e9terminent l\u2019issu des \u00e9lections g\u00e9n\u00e9rales. On gagne ou on perd les \u00e9lections g\u00e9n\u00e9rales bien avant le scrutin. Suffit qu\u2019on fasse une bonne alliance et on gagne\u00a0; au cas contraire on sort perdant. Par exemple de 1983 \u00e0 1995, sir Anerood Jugnauth est rest\u00e9 au pouvoir gr\u00e2ce \u00e0 des alliances. Par la suite il perd le pouvoir en raison de l\u2019alliance contract\u00e9e avec le RMM, ce qui n\u2019a pas fait le poids face au PTr-MMM. C\u2019est donc le jeu des alliances qui reste d\u00e9terminant. M\u00eame en 2000, Navin Ramgoolam avait perdu les \u00e9lections suite au jeu des alliances de son adversaire.\u00a0\u00a0<\/span><\/p>\n<p><span style=\"color: #000000;\">La raison d\u2019\u00eatre des alliances politiques est structurelle et d\u00e9coule du m\u00e9canisme de \u2018First-Past-The-Post\u2019, ce qui entra\u00eene la bipolarisation aux \u00e9lections g\u00e9n\u00e9rales. Le nombre de si\u00e8ges que le vainqueur obtient \u00e0 l\u2019Assembl\u00e9e nationale est amplifi\u00e9 par rapport au nombre de votes obtenus. L\u2019alliance ou le parti qui sort en deuxi\u00e8me position ne r\u00e9colte que des miettes. Et le troisi\u00e8me parti n\u2019obtient absolument rien.\u00a0<\/span><\/p>\n<p><span style=\"color: #000000;\">Ainsi les alliances sont incontournables \u00e0 Maurice. Tous les grands partis, \u00e0 savoir, le PTr, le MMM, le MSM et le PMSD sont condamn\u00e9s \u00e0 faire des alliances, souvent contre-nature pour gagner les \u00e9lections. Le jeu des alliances est donc le plat principal de la vie politique \u00e0 Maurice, mais cela entra\u00eene des contorsions, des acrobaties, des reniements, des retrouvailles, des \u2018remakes\u2019 et des \u2018unremakes\u2019 qui finissent par d\u00e9router et d\u00e9go\u00fbter l\u2019\u00e9lectorat.<\/span><\/p>\n<p><span style=\"color: #000000;\">De mani\u00e8re conjoncturelle, Paul B\u00e9renger a bien pr\u00e9cis\u00e9 qu\u2019il est hors de question de conclure une alliance avec le MSM sous le leadership de Pravind Jugnauth. Car il me semble que l\u2019analyse que le MMM avait faite sur la d\u00e9faite de 2005 n\u2019a gu\u00e8re chang\u00e9 &#8212; c&#8217;est-\u00e0-dire que Pravind Jugnauth n\u2019arrive pas \u00e0 f\u00e9d\u00e9rer une partie de l\u2019\u00e9lectorat rural n\u00e9cessaire pour porter le MMM au pouvoir. Au contraire avec l\u2019affaire MedPoint, le MSM tra\u00eene derri\u00e8re lui <em>\u2018\u00e8ne laqueue ferblanc\u2019<\/em>.\u00a0\u00a0<\/span><\/p>\n<p><span style=\"color: #000000;\">Ainsi, le MMM a mis toute une strat\u00e9gie en place pour concr\u00e9tiser un remake 2000 avec le retour de SAJ sur l\u2019ar\u00e8ne politique, sachant que ce dernier repr\u00e9sente un symbole dans la vie politique de Maurice. Donc, on ne peut dire qu\u2019on va concr\u00e9tiser une alliance MMM-MSM, mais plut\u00f4t une alliance \u00e0 l\u2019isra\u00e9lienne entre Paul B\u00e9renger et SAJ. Ce sont deux \u00e9quations compl\u00e8tement diff\u00e9rentes.\u00a0<\/span><\/p>\n<p><span style=\"color: #000000;\">Cependant, s\u2019il n\u2019y a pas de d\u00e9fections dans la majorit\u00e9 gouvernementale et que si les \u00e9lections g\u00e9n\u00e9rales ne sont pas de si t\u00f4t et que SAJ n\u2019arrive pas \u00e0 \u2018deliver the goods\u2019 en suscitant une mobilisation forte de son \u00e9lectorat autour de lui, on peut s\u2019attendre \u00e0 d\u2019autres d\u00e9veloppements majeurs dans le pays.\u00a0\u00a0<\/span><\/p>\n<p><span style=\"color: #000000;\"><strong>* Sir Anerood Jugnauth et Paul B\u00e9renger pourront r\u00e9ussir leur coup politique s\u2019ils parviennent \u00e0 convaincre certains \u00ab\u00a0transfuges-patriotes\u00a0\u00bb \u00e0 faire le saut. Selon vous, pourront-ils r\u00e9ussir\u00a0?<\/strong>\u00a0<\/span><\/p>\n<p><span style=\"color: #000000;\">L\u2019histoire de Maurice a d\u00e9montr\u00e9 qu\u2019aucun gouvernement n\u2019a perdu le pouvoir suite \u00e0 une motion de censure. On a plut\u00f4t vu l\u2019inverse &#8212; un gouvernement, num\u00e9riquement faible, consolidant sa majorit\u00e9 \u00e0 travers le d\u00e9bauchage des d\u00e9put\u00e9s de l\u2019opposition. D\u2019ailleurs c\u2019est pour cela qu\u2019on a autant de postes de ministres et de PPS qui peuvent servir d\u2019app\u00e2ts pour \u00ab\u00a0faire mordre le poisson\u00a0\u00bb.\u00a0<\/span><\/p>\n<p><span style=\"color: #000000;\">Donc, sinc\u00e8rement je ne crois pas que le gouvernement va tomber et que l\u2019opposition parviendra \u00e0 mettre le gouvernement en minorit\u00e9, \u00e0 moins qu\u2019il y ait un tsunami politique, provoqu\u00e9 par un scandale et des r\u00e9v\u00e9lations-<em>chocs<\/em>.\u00a0<\/span><\/p>\n<p><span style=\"color: #000000;\"><strong>* Au fait, les deux blocs politiques se trouvent en face d\u2019\u00e9normes d\u00e9fis. Pour l\u2019alliance PTr-PMSD, il s\u2019agit de pr\u00e9server sa majorit\u00e9 et maintenir la croissance \u00e9conomique\u00a0; l\u2019alliance MMM-MSM devra, de son c\u00f4t\u00e9, tout faire pour garder telle quelle cette alliance jusqu\u2019\u00e0 2015, faute de pouvoir renverser le gouvernement dans l\u2019imm\u00e9diat. \u00ab Tall orders\u00a0\u00bb pour les deux camps, n\u2019est-ce pas\u00a0?<\/strong>\u00a0<\/span><\/p>\n<p><span style=\"color: #000000;\">Je vois la configuration politique actuelle diff\u00e9remment. Je pense que Paul B\u00e9renger a jou\u00e9 en fin strat\u00e8ge. Il faut dire qu\u2019au d\u00e9part m\u00eame, l\u2019Alliance de l\u2019Avenir (PTr-MSM-PMSD) contenait des germes d\u2019instabilit\u00e9 politique et institutionnelle. D\u2019ailleurs, je l\u2019avais dit publiquement \u00e0 l\u2019\u00e9poque.\u00a0<\/span><\/p>\n<p><span style=\"color: #000000;\">On avait mis le roi et le prince h\u00e9ritier dans la m\u00eame structure du pouvoir. En outre, le prince h\u00e9ritier disposait d\u2019un nombre important de d\u00e9put\u00e9s \u00e0 l\u2019Assembl\u00e9e nationale. Et, il \u00e9tait le fils de l\u2019empereur qui se trouvait dans une position inamovible et strat\u00e9gique dans son Ch\u00e2teau \u00e0 R\u00e9duit.\u00a0\u00a0<\/span><\/p>\n<p><span style=\"color: #000000;\">Cette Alliance de l\u2019Avenir \u00e9tait condamn\u00e9e \u00e0 moyen terme, vu les ambitions politiques de certains. Paul B\u00e9renger a utilis\u00e9 l\u2019affaire MedPoint comme un \u2018time bomb\u2019 pour acc\u00e9l\u00e9rer la d\u00e9sagr\u00e9gation de l\u2019Alliance de l\u2019Avenir. Mais peu apr\u00e8s, Paul B\u00e9renger s\u2019est mis au point une position d\u2019\u00e9quilibre de la situation en sauvant le MSM du naufrage politique en se rapprochant de ce parti. Et pour couronner le tout, Paul B\u00e9renger a ressuscit\u00e9 SAJ et la formule de 2000. Mais est-ce que les jeux sont faits\u00a0? Le temps nous le dira.\u00a0<\/span><\/p>\n<p><span style=\"color: #000000;\">Il faut se souvenir de ce qui s\u2019est pass\u00e9 avec la F\u00e9d\u00e9ration MMM-MSM. Cette F\u00e9d\u00e9ration avait \u00e9t\u00e9 tr\u00e8s vite abandonn\u00e9e suite \u00e0 la d\u00e9faite de cette alliance lors de l\u2019\u00e9lection partielle de Beau Bassin en 1999. Cela dit, je pense que l\u2019alliance MMM-MSM doit pouvoir faire ses preuves jusqu\u2019\u00e0 2015 pour continuer d\u2019exister. Tandis que du c\u00f4t\u00e9 du gouvernement PTr-PMSD, Navin Ramgoolam g\u00e8re le pays avec une faible majorit\u00e9 et ce dans un contexte \u00e9conomique difficile.\u00a0\u00a0<\/span><\/p>\n<p><span style=\"color: #000000;\">En outre, la rue va commencer \u00e0 bouger apr\u00e8s la concr\u00e9tisation officielle des alliances. De plus, je dirais que le gouvernement est et sera dans une situation inconfortable si la crise \u00e9conomique se d\u00e9t\u00e9riore davantage.\u00a0<\/span><\/p>\n<p><span style=\"color: #000000;\"><strong>* Par ailleurs, au-del\u00e0 du souci du leader du MMM de souscrire \u00e0 une assurance- MSM pour les \u00e9lections g\u00e9n\u00e9rales, il se pourrait \u00e9galement que Paul B\u00e9renger ne souhaiterait pas assumer le pouvoir seul, eu \u00e9gard au contexte particulier de Maurice par rapport \u00e0 sa composition ethnique et ce qu\u2019en d\u00e9coule sur le plan des rapports de force. Qu\u2019en pensez-vous\u00a0?\u00a0<\/strong><\/span><\/p>\n<p><span style=\"color: #000000;\">Je crois que le MMM a toujours eu le souci de repr\u00e9sentation symbolique au plus haut sommet de l\u2019Etat. L\u2019exp\u00e9rience de 1983 a profond\u00e9ment marqu\u00e9 Paul B\u00e9renger car certains qui lui disaient \u00ab Ton Paul\u00a0\u00bb en 1982 ne le regardaient qu\u2019avec des yeux de haine en 1983.\u00a0<\/span><\/p>\n<p><span style=\"color: #000000;\">Depuis, Paul B\u00e9renger n\u2019a pas voulu cette bipolarisation ethnique. En 2010, ce n\u2019est que suite au refus de Navin Ramgoolam de contracter une alliance avec le MMM que Paul B\u00e9renger s\u2019est pr\u00e9sent\u00e9 comme un Premier ministre alternatif. Paul B\u00e9renger a une continuit\u00e9 dans ses actions.\u00a0<\/span><\/p>\n<p><span style=\"color: #000000;\"><strong>* En d\u2019autres mots, un membre issu de la communaut\u00e9 majoritaire lui faciliterait la t\u00e2che de g\u00e9rer le pouvoir\u2026\u00a0<\/strong><\/span><\/p>\n<p><span style=\"color: #000000;\">Je crois qu\u2019une alliance \u00e0 l\u2019isra\u00e9lienne ou un partage de pouvoirs entre le Pr\u00e9sident de la R\u00e9publique et le Premier ministre, dans le cadre d\u2019une nouvelle R\u00e9publique, \u00ab\u00a0would be suitable for Paul B\u00e9renger \u00bb, ce qui va \u00e9galement faciliter la gestion du pays qui est certes pas de tout repos. Ce qui est encore plus difficile lorsque la politique entra\u00eene une cassure du pays en deux blocs distincts. Vous pouvez facilement imaginer comment cette gestion est davantage plus difficile lorsque Maurice doit faire face \u00e0 des d\u00e9fis \u00e9conomiques \u00e9normes \u00e0 relever.\u00a0\u00a0<\/span><\/p>\n<p><span style=\"color: #000000;\"><strong>* \u00ab Je reste le leader du MSM. Sir Anerood Jugnauth sera le leader de l\u2019alliance MMM-MSM. Toutes les d\u00e9cisions de l\u2019alliance se feront entre Paul B\u00e9renger et moi et ce en concertation avec SAJ\u2026\u00a0\u00bb C\u2019est Pravind Jugnauth qui l\u2019affirme lors de sa conf\u00e9rence de presse, vendredi dernier. Evidemment, il n\u2019est pas tr\u00e8s confortable dans la position actuelle, mais Pravind Jugnauth n\u2019a pas le choix. Quelle est votre opinion \u00e0 ce sujet\u00a0?<\/strong>\u00a0<\/span><\/p>\n<p><span style=\"color: #000000;\">Pravind Jugnauth n\u2019a \u00e9videmment pas le choix. Avec l\u2019affaire MedPoint, il risque d\u2019\u00eatre totalement marginalis\u00e9. Mais on conna\u00eet les ambitions premi\u00e8res minist\u00e9rielles de Pravind Jugnauth. Ce dernier aura \u00e0 concilier le retour de SAJ dans l\u2019ar\u00e8ne politique de m\u00eame que ses plans politiques \u00e0 court terme. Il y un proverbe chinois qui dit\u00a0: \u00ab\u00a0Dans un \u00e9tang, il n&#8217;y a pas de place pour deux dragons\u00bb. Alors mettre trois\u2026\u00a0!\u00a0<\/span><\/p>\n<p><span style=\"color: #000000;\"><strong>* Pensez-vous que Pravind Jugnauth a mal jou\u00e9 ses cartes \u00e0 tel point qu\u2019il se voit aujourd\u2019hui oblig\u00e9 de s\u2019effacer au profit de l\u2019ancien leader de son parti\u00a0?<\/strong>\u00a0<\/span><\/p>\n<p><span style=\"color: #000000;\">Personnellement, je pense qu\u2019il est coinc\u00e9 par l\u2019affaire MedPoint. D\u2019ailleurs, il avait lui-m\u00eame d\u00e9clar\u00e9 qu\u2019on lui avait tendu un pi\u00e8ge et que son alli\u00e9 voulait l\u2019asphyxier politiquement. C\u2019est pour cela que les ministres et les d\u00e9put\u00e9s ont claqu\u00e9 la porte du gouvernement, selon lui. Seulement, ce qu\u2019on n\u2019avait pas pr\u00e9vu, c\u2019\u00e9tait la strat\u00e9gie du MMM de faire revivre SAJ. C\u2019est \u00e0 partir de l\u00e0 que Pravind Jugnauth aura \u00e0 trouver une nouvelle strat\u00e9gie pour se maintenir au-devant de la sc\u00e8ne politique pour ne pas \u00eatre \u00e9clips\u00e9 par la personnalit\u00e9 de son p\u00e8re.\u00a0<\/span><\/p>\n<p><span style=\"color: #000000;\"><strong>* Ce nouveau positionnement de Pravind Jugnauth sera toutefois conjoncturel, le pensez-vous\u00a0?<\/strong>\u00a0<\/span><\/p>\n<p><span style=\"color: #000000;\">Comme je le dis auparavant, d\u00e8s le d\u00e9part, le MMM a jou\u00e9 \u00e0 l\u2019\u00e9quilibriste, eu \u00e9gard \u00e0 la situation politique pr\u00e9sentement. Mais la question demeure: est-ce que le choix final en termes de jeu d\u2019alliance a \u00e9t\u00e9 fait\u00a0? Est-ce que le MMM a ferm\u00e9 toutes les options ou est-ce que le choix se fera \u00e0 la veille des \u00e9lections g\u00e9n\u00e9rales en fonction du maximum gain pour un minimum risque\u00a0? Attendons voir.\u00a0<\/span><\/p>\n<p><span style=\"color: #000000;\">* <strong>Lors de son \u2018statement\u2019 \u00e0 la presse pour annoncer sa d\u00e9mission de la pr\u00e9sidence, Sir Anerood Jugnauth a fait \u00e9tat de plusieurs th\u00e8mes qui font l\u2019actualit\u00e9. Or, ses points de vue ont \u00e9t\u00e9 diversement accueillis par les politiciens, y compris par le Dr Navin Ramgoolam, les ministres et d\u00e9put\u00e9s \u2018rouges\u2019 mais aussi par la population. Personnellement comment accueillez-vous ses commentaires\u00a0?\u00a0<\/strong><\/span><\/p>\n<p><span style=\"color: #000000;\">Je constate que sans doute il y a une tr\u00e8s grande part de v\u00e9rit\u00e9 dans ses d\u00e9clarations \u00e0 la presse. Mais ce qui le rend suspect, c\u2019est pourquoi l\u2019avoir fait maintenant\u00a0? Car les probl\u00e8mes qu\u2019a \u00e9voqu\u00e9s l\u2019ex-Pr\u00e9sident de la R\u00e9publique, Sir Anerood Jugnauth, ne datent pas d\u2019aujourd\u2019hui. Le jeu des alliances &#8211; pont d\u2019Avignon &#8211; se fait et se d\u00e9fait et entra\u00eene des acrobaties dans les discours qui finissent par d\u00e9valoriser la classe politique mauricienne au niveau de jeunes, tout au moins. Et bon nombre de Mauriciens s\u2019y perdent. Or, il est grand temps de r\u00e9fl\u00e9chir sur notre syst\u00e8me \u00e9lectoral pour en finir avec tout cela.\u00a0<strong>\u00a0<\/strong><\/span><\/p>\n<p><span style=\"color: #000000;\"><strong>* Pensez-vous que la d\u00e9mission de Sir Anerood Jugnauth, qui est \u00e2g\u00e9 de 82 ans, pour faire un comeback politique aura un impact sur la population mauricienne\u00a0?<\/strong>\u00a0<\/span><\/p>\n<p><span style=\"color: #000000;\">Il a d\u00e9j\u00e0 cr\u00e9\u00e9 un certain impact. Mais on se demande si Sir Anerood Jugnauth pourra maintenir le tempo. Est-ce que c\u2019est un cyclone qui s\u2019est lev\u00e9 ou une petite brise\u00a0? Seule le temps nous le dira. Mais son comeback politique entra\u00eenera des cons\u00e9quences majeures pour l\u2019avenir du MSM. Pour moi, \u00ab the MSM is condemned to perform\u00a0\u00bb.\u00a0<\/span><\/p>\n<p><span style=\"color: #000000;\"><strong>* Estimez-vous cette nouvelle alliance MMM-MSM, au cas o\u00f9 elle est d\u00e9finitivement concr\u00e9tis\u00e9e, capable de relever les d\u00e9fis qui guettent le pays, de transformer le pays et d\u2019am\u00e9liorer davantage la qualit\u00e9 de la vie des Mauriciens\u00a0?\u00a0<\/strong><\/span><\/p>\n<p><span style=\"color: #000000;\">Valeur du jour, il est trop t\u00f4t de faire une \u00e9valuation. L\u2019alliance MMM-MSM n\u2019est pas encore ratifi\u00e9e par l\u2019Assembl\u00e9 des d\u00e9l\u00e9gu\u00e9s des \u2018mauves\u2019. On ne conna\u00eet pas \u00e0 ce stade ni le r\u00f4le qu\u2019assumerait chacun de ses principaux dirigeants ni m\u00eame celui des lieutenants qui vont \u00e9ventuellement diriger le pays en cas de victoire, ni le programme de ces deux partis. Il y a beaucoup de zones d\u2019ombres concernant le remake de 2000. Il est difficile de se prononcer davantage \u00e0 ce stade.\u00a0<\/span><\/p>\n<p><span style=\"color: #000000;\"><strong>* Vous disiez auparavant qu\u2019un partage de pouvoirs entre le Pr\u00e9sident de la R\u00e9publique et le Premier ministre dans le cadre d\u2019une nouvelle R\u00e9publique sied aux ambitions des leaders du PTr et du MMM. Mais y<\/strong> <strong>a-t-il vraiment n\u00e9cessit\u00e9 de cr\u00e9er une deuxi\u00e8me R\u00e9publique et de proc\u00e9der \u00e0 un partage de pouvoirs entre le Pr\u00e9sident et le Premier ministre ? Quel est, \u00e0 votre avis, le mod\u00e8le \u00e0 adopter\u00a0: le mod\u00e8le fran\u00e7ais ou indien\u00a0?<\/strong>\u00a0<\/span><\/p>\n<p><span style=\"color: #000000;\">Le Prof Carcassonne a d\u00e9clar\u00e9 que le syst\u00e8me parlementaire westminst\u00e9rien est meilleur qu\u2019un r\u00e9gime pr\u00e9sidentiel dans le contexte mauricien. Cependant, l\u2019histoire politique d\u00e9montre qu\u2019il y a eu une pr\u00e9sidentialisation du poste du Premier ministre depuis l\u2019ind\u00e9pendance. Donc, une R\u00e9publique qui entra\u00eenerait un partage de pouvoirs serait le bienvenu. Mais, il y a d\u2019autres r\u00e9formes \u00e0 apporter pour \u2018empower\u2019 les citoyens. Par exemple, notre pr\u00e9ambule \u00e0 la Constitution ne contient que la premi\u00e8re g\u00e9n\u00e9ration des droits humains. Or, nous faisons partie de la troisi\u00e8me g\u00e9n\u00e9ration. Il est temps de moderniser tout cela et introduire une dose de proportionnelle dans notre syst\u00e8me \u00e9lectoral et en finir la classification ethnique dans notre Constitution.<\/span><\/p>\n<p><span style=\"color: #000000;\">De m\u00eame, il y a n\u00e9cessit\u00e9 de diminuer le poids des lobbies sectaires et autres groupuscules dans la gestion du pays st assainir l\u2019administration publique.\u00a0<\/span><\/p>\n<p><span style=\"color: #000000;\"><strong>* Yvan Martial nous disait la semaine derni\u00e8re que \u00ab\u00a0tout le cin\u00e9ma se jouant actuellement entre ce qui reste du MMM et le MSM n\u2019est peut-\u00eatre qu\u2019une fa\u00e7on mauve et militante d\u2019aguicher Navin Ramgoolam, pour l\u2019inviter \u00e0 de futurs <em>\u2018coze coz\u00e9\u2019<\/em>\u00a0\u00bb. Vous y croyez \u00e9galement\u00a0?<\/strong>\u00a0<\/span><\/p>\n<p><span style=\"color: #000000;\">Je ne partage pas l\u2019avis de Yvan Martial. C\u2019est une partition que Paul B\u00e9renger est en train de jouer &#8211; ni plus ni moins. Si c\u2019est la bonne et si \u00e7a marche, tant mieux. Et si \u00e7a ne marche pas, sans doute il s\u2019en d\u00e9barrassera un jour ou l\u2019autre.<\/span><\/p>\n<hr \/>\n<p><span style=\"color: #008080;\"><em>* Published in print edition on 6 April 2012<\/em><\/span><\/p>\n","protected":false},"excerpt":{"rendered":"<p>Interview\u00a0: Jocelyn Chan Low<\/p>\n","protected":false},"author":1,"featured_media":18655,"comment_status":"open","ping_status":"open","sticky":false,"template":"","format":"standard","meta":{"jetpack_post_was_ever_published":false,"_jetpack_newsletter_access":"","_jetpack_dont_email_post_to_subs":false,"_jetpack_newsletter_tier_id":0,"_jetpack_memberships_contains_paywalled_content":false,"_jetpack_memberships_contains_paid_content":false,"footnotes":"","jetpack_publicize_message":"","jetpack_publicize_feature_enabled":true,"jetpack_social_post_already_shared":false,"jetpack_social_options":{"image_generator_settings":{"template":"highway","default_image_id":0,"font":"","enabled":false},"version":2}},"categories":[32],"tags":[1303,787,3584,50,49,18503,2124,11691,2123,42,19852,583],"class_list":["post-1594","post","type-post","status-publish","format-standard","has-post-thumbnail","hentry","category-interviews","tag-first-past-the-post","tag-medpoint","tag-mmm-msm","tag-navin-ramgoolam","tag-paul-berenger","tag-prof-carcassonne","tag-ptr-mmm","tag-ptr-msm-pmsd","tag-ptr-pmsd","tag-sir-anerood-jugnauth","tag-tsunami-politique","tag-yvan-martial"],"jetpack_publicize_connections":[],"jetpack_featured_media_url":"https:\/\/i0.wp.com\/www.mauritiustimes.com\/mt\/wp-content\/uploads\/2019\/01\/Jocelyn-Chan-Low-4.jpg?fit=1075%2C600&ssl=1","jetpack_sharing_enabled":true,"jetpack_shortlink":"https:\/\/wp.me\/p8QzSF-pI","_links":{"self":[{"href":"https:\/\/www.mauritiustimes.com\/mt\/wp-json\/wp\/v2\/posts\/1594","targetHints":{"allow":["GET"]}}],"collection":[{"href":"https:\/\/www.mauritiustimes.com\/mt\/wp-json\/wp\/v2\/posts"}],"about":[{"href":"https:\/\/www.mauritiustimes.com\/mt\/wp-json\/wp\/v2\/types\/post"}],"author":[{"embeddable":true,"href":"https:\/\/www.mauritiustimes.com\/mt\/wp-json\/wp\/v2\/users\/1"}],"replies":[{"embeddable":true,"href":"https:\/\/www.mauritiustimes.com\/mt\/wp-json\/wp\/v2\/comments?post=1594"}],"version-history":[{"count":0,"href":"https:\/\/www.mauritiustimes.com\/mt\/wp-json\/wp\/v2\/posts\/1594\/revisions"}],"wp:featuredmedia":[{"embeddable":true,"href":"https:\/\/www.mauritiustimes.com\/mt\/wp-json\/wp\/v2\/media\/18655"}],"wp:attachment":[{"href":"https:\/\/www.mauritiustimes.com\/mt\/wp-json\/wp\/v2\/media?parent=1594"}],"wp:term":[{"taxonomy":"category","embeddable":true,"href":"https:\/\/www.mauritiustimes.com\/mt\/wp-json\/wp\/v2\/categories?post=1594"},{"taxonomy":"post_tag","embeddable":true,"href":"https:\/\/www.mauritiustimes.com\/mt\/wp-json\/wp\/v2\/tags?post=1594"}],"curies":[{"name":"wp","href":"https:\/\/api.w.org\/{rel}","templated":true}]}}