{"id":1558,"date":"2012-03-16T08:22:47","date_gmt":"2012-03-16T08:22:47","guid":{"rendered":"http:\/\/mauritiustimes.com\/mt\/2012\/03\/16\/jean-baptiste-placca-48\/"},"modified":"2019-11-16T20:51:24","modified_gmt":"2019-11-16T16:51:24","slug":"jean-baptiste-placca-48","status":"publish","type":"post","link":"https:\/\/www.mauritiustimes.com\/mt\/jean-baptiste-placca-48\/","title":{"rendered":"Congo : un peuple pi\u00e9g\u00e9 par ses propres dirigeants"},"content":{"rendered":"<h5 style=\"text-align: center;\"><span style=\"color: #000000;\">Chronique de Jean-Baptiste Placca<\/span><\/h5>\n<p><!--more--><\/p>\n<p><span style=\"color: #000000;\"><strong>Une petite pens\u00e9e pour les femmes de Brazzaville, pour toutes les m\u00e8res du Congo, \u00e0 nouveau endeuill\u00e9es parce qu\u2019il faut bien appeler une lourde faute politique. Une pens\u00e9e, aussi, pour ces milliers d\u2019enfants qui vont devoir grandir sans leurs parents dans un environnement national dur o\u00f9, pour prendre part au banquet de la colossale manne p\u00e9troli\u00e8re, il faut, au moins, graviter dans la p\u00e9riph\u00e9rie imm\u00e9diate de la galaxie du pouvoir.<\/strong><\/span><\/p>\n<p><span style=\"color: #000000;\">Un habitu\u00e9 des champs de guerre venu en renfort m\u00e9dical assimile le spectacle qu\u2019il a vu aux d\u00e9g\u00e2ts d\u2019un terrible bombardement. Une semaine apr\u00e8s, des centaines de bless\u00e9s n\u2019ont toujours pas re\u00e7u les soins appropri\u00e9s tant est grand le d\u00e9nuement des h\u00f4pitaux brazzavillois.<\/span><\/p>\n<p><span style=\"color: #000000;\">Et voil\u00e0 le peuple congolais une fois encore pi\u00e9g\u00e9 par ses propres dirigeants. Une poudri\u00e8re en plein milieu des habitations des populations civiles ! Ne nous parlez pas d\u2019accident, non ! Si ce n\u2019est pas d\u00e9lib\u00e9r\u00e9, alors, c\u2019est de l\u2019inconscience, et c\u2019est encore pire ! Ailleurs, le chef d\u2019\u00e9tat-major de cette arm\u00e9e-l\u00e0 aurait d\u00e9j\u00e0 \u00e9t\u00e9 limog\u00e9, le ministre dela D\u00e9fense\u00a0aurait donn\u00e9 sa d\u00e9mission, et tous ses sup\u00e9rieurs seraient \u00e0 genoux, en train d\u2019implorer le pardon de la nation.<\/span><\/p>\n<p><span style=\"color: #000000;\">Le g\u00e9n\u00e9ral Denis Sassou Nguesso est chef de l\u2019Etat congolais depuis 1979. Trente-trois ans ! Cong\u00e9di\u00e9 par les urnes en 1992, il a repris le pouvoir par les armes en 1997. Quinze ans plus tard, il a encore manifestement toujours besoin d\u2019un arsenal cons\u00e9quent au c\u0153ur de la capitale pour prot\u00e9ger son pouvoir.<\/span><\/p>\n<p><span style=\"color: #000000;\"><strong>Scandale<\/strong><\/span><\/p>\n<p><span style=\"color: #000000;\">Le scandale, ici, ne r\u00e9side pas uniquement dans le fait que l\u2019on investisse des centaines de milliards dans l\u2019armement dans un pays qui n\u2019a jamais \u00e9t\u00e9 en guerre avec personne. Le scandale, c\u2019est qu\u2019un Etat p\u00e9trolier de ce rang, peupl\u00e9 d\u2019\u00e0 peine quatre millions d\u2019habitants, ne puisse pas investir quelques dizaines de millions dans les pansements, compresses et autre B\u00e9tadine dont ont cruellement besoin les h\u00f4pitaux du Congo.<\/span><\/p>\n<p><span style=\"color: #000000;\">\u00ab\u00a0<em>Le sous-\u00e9quipement des h\u00f4pitaux de Brazzaville est tel que, en quelques heures, ils \u00e9taient d\u00e9pass\u00e9s<\/em>\u00a0\u00bb, dit le c\u00e9l\u00e8bre chirurgien fran\u00e7ais Alain Delloche, boulevers\u00e9 par l\u2019ampleur de la catastrophe.<\/span><\/p>\n<p><span style=\"color: #000000;\">Et voil\u00e0 le g\u00e9n\u00e9ral Sassou Nguesso, si sourcilleux sur tout ce qui touche \u00e0 son image, trahi par sa propre poudri\u00e8re. La col\u00e8re, contenue, des Congolais, peut se r\u00e9sumer \u00e0 ce cri du c\u0153ur d\u2019une femme \u2013 d\u2019une m\u00e8re, qui a hurl\u00e9, dans le micro de RFI, que le r\u00e9gime en place dans son pays est un r\u00e9gime militaire.<\/span><\/p>\n<p><span style=\"color: #000000;\">Elle aurait tout aussi bien pu dire, en \u00e9cho au cri de ralliement de la jeunesse du S\u00e9n\u00e9gal : \u00ab\u00a0<em>Y en a marre ! <\/em><em>Vraiment, vraiment marre !<\/em>\u00a0\u00bb.<\/span><\/p>\n<p><span style=\"color: #000000;\"><strong>Jean-Baptiste Placca<\/strong><strong><br \/>\n<\/strong>MFI<\/span><\/p>\n<hr \/>\n<p><span style=\"color: #008080;\"><em>* Published in print edition on 16 March 2012<\/em><\/span><\/p>\n","protected":false},"excerpt":{"rendered":"<p>Chronique de Jean-Baptiste Placca<\/p>\n","protected":false},"author":1,"featured_media":6560,"comment_status":"open","ping_status":"open","sticky":false,"template":"","format":"standard","meta":{"jetpack_post_was_ever_published":false,"_jetpack_newsletter_access":"","_jetpack_dont_email_post_to_subs":false,"_jetpack_newsletter_tier_id":0,"_jetpack_memberships_contains_paywalled_content":false,"_jetpack_memberships_contains_paid_content":false,"footnotes":"","jetpack_publicize_message":"","jetpack_publicize_feature_enabled":true,"jetpack_social_post_already_shared":false,"jetpack_social_options":{"image_generator_settings":{"template":"highway","default_image_id":0,"font":"","enabled":false},"version":2}},"categories":[28],"tags":[19969,19967,19968,19238,19971,19970],"class_list":["post-1558","post","type-post","status-publish","format-standard","has-post-thumbnail","hentry","category-world-affairs","tag-alain-delloche","tag-congo","tag-denis-sassou-nguesso","tag-jean-baptiste-placca","tag-mfi","tag-sassou-nguesso"],"jetpack_publicize_connections":[],"jetpack_featured_media_url":"https:\/\/i0.wp.com\/www.mauritiustimes.com\/mt\/wp-content\/uploads\/2016\/12\/MT-Logokk.jpg?fit=1200%2C880&ssl=1","jetpack_sharing_enabled":true,"jetpack_shortlink":"https:\/\/wp.me\/p8QzSF-p8","_links":{"self":[{"href":"https:\/\/www.mauritiustimes.com\/mt\/wp-json\/wp\/v2\/posts\/1558","targetHints":{"allow":["GET"]}}],"collection":[{"href":"https:\/\/www.mauritiustimes.com\/mt\/wp-json\/wp\/v2\/posts"}],"about":[{"href":"https:\/\/www.mauritiustimes.com\/mt\/wp-json\/wp\/v2\/types\/post"}],"author":[{"embeddable":true,"href":"https:\/\/www.mauritiustimes.com\/mt\/wp-json\/wp\/v2\/users\/1"}],"replies":[{"embeddable":true,"href":"https:\/\/www.mauritiustimes.com\/mt\/wp-json\/wp\/v2\/comments?post=1558"}],"version-history":[{"count":0,"href":"https:\/\/www.mauritiustimes.com\/mt\/wp-json\/wp\/v2\/posts\/1558\/revisions"}],"wp:featuredmedia":[{"embeddable":true,"href":"https:\/\/www.mauritiustimes.com\/mt\/wp-json\/wp\/v2\/media\/6560"}],"wp:attachment":[{"href":"https:\/\/www.mauritiustimes.com\/mt\/wp-json\/wp\/v2\/media?parent=1558"}],"wp:term":[{"taxonomy":"category","embeddable":true,"href":"https:\/\/www.mauritiustimes.com\/mt\/wp-json\/wp\/v2\/categories?post=1558"},{"taxonomy":"post_tag","embeddable":true,"href":"https:\/\/www.mauritiustimes.com\/mt\/wp-json\/wp\/v2\/tags?post=1558"}],"curies":[{"name":"wp","href":"https:\/\/api.w.org\/{rel}","templated":true}]}}