{"id":1548,"date":"2012-03-09T07:12:17","date_gmt":"2012-03-09T07:12:17","guid":{"rendered":"http:\/\/mauritiustimes.com\/mt\/2012\/03\/09\/jean-baptiste-placca-47\/"},"modified":"2019-11-16T22:40:27","modified_gmt":"2019-11-16T18:40:27","slug":"jean-baptiste-placca-47","status":"publish","type":"post","link":"https:\/\/www.mauritiustimes.com\/mt\/jean-baptiste-placca-47\/","title":{"rendered":"Le tableau r\u00eav\u00e9 de la transparence \u00e9lectorale"},"content":{"rendered":"<h3 style=\"margin: 0in 0in 0pt; text-align: center;\"><span lang=\"FR\" style=\"font-family: Verdana; font-size: 12pt; mso-bidi-font-size: 16.0pt;\"><span style=\"text-decoration: underline;\"><span style=\"color: #000000; text-decoration: underline;\"><span style=\"color: #ff0000; text-decoration: underline;\">Chronique de Jean-Baptiste Placca<\/span><br \/>\n<\/span><\/span><\/span><\/h3>\n<p><!--more--><\/p>\n<p><span style=\"color: #000000;\"><strong>Ils doivent \u00eatre dans leurs petits souliers tous ces courtisans qui faisaient croire \u00e0 Abdoulaye Wade qu\u2019il pouvait battre \u00e0 plate couture tous ses challengers. Pour eux, seule la crainte d\u2019une cuisante d\u00e9faite motivait l\u2019opposition populaire \u00e0 la candidature du chef de l\u2019Etat.<\/strong><\/span><\/p>\n<p><span style=\"color: #000000;\">Trop d\u2019assurance\u00a0! Une aveuglante suffisance qui s\u2019ach\u00e8ve par cette apparition, path\u00e9tique, du pr\u00e9sident devant la presse, seul \u00e0 une table immense charg\u00e9e de micros. Comme s\u2019il venait rendre les armes \u00e0 son peuple qui lui fait perdre le pari d\u2019une victoire au premier tour.<\/span><\/p>\n<p><span style=\"color: #000000;\">Mais Macky Sall n\u2019a pas tort d\u2019exhorter \u00e0 la vigilance tous ceux qui veulent priver le pr\u00e9sident d\u2019un troisi\u00e8me mandat\u00a0: Wade n\u2019est pas mort. Il s\u2019est juste un peu assoupi. A l\u2019heure qu\u2019il est, on l\u2019imagine dans des calculs de probabilit\u00e9s \u00e0 vous donner des maux de t\u00eate. Car, au regard de l\u2019union qui se fait jour apr\u00e8s jour contre lui, il faudrait plus qu\u2019une\u00a0main divine pour lui assurer une victoire le 18 mars.<\/span><\/p>\n<p><span style=\"color: #000000;\">En attendant, la d\u00e9mocratie s\u00e9n\u00e9galaise s\u2019est consid\u00e9rablement r\u00e9habilit\u00e9e sur le continent et peut, \u00e0 nouveau, faire envie. Le tableau que nous ont propos\u00e9 les S\u00e9n\u00e9galais, le 26 f\u00e9vrier, est exactement celui dont r\u00eavent tous les peuples africains en mati\u00e8re de transparence \u00e9lectorale.<\/span><\/p>\n<p style=\"text-align: center;\"><span style=\"color: #000000;\"><strong>L\u2019importance des m\u00e9dias<\/strong><\/span><\/p>\n<p><span style=\"color: #000000;\">Et s\u2019il fallait encore une preuve de l\u2019utilit\u00e9 des m\u00e9dias dans l\u2019\u00e9dification d\u2019une d\u00e9mocratie cr\u00e9dible, la presse s\u00e9n\u00e9galaise nous l\u2019a apport\u00e9e avec une efficacit\u00e9 qui m\u00e9rite r\u00e9v\u00e9rence. Rien qu\u2019avec le t\u00e9l\u00e9phone cellulaire et quelques reportages en direct, nos confr\u00e8res ont pu informer l\u2019opinion, bureau de vote par bureau de vote, au fur et \u00e0 mesure que tombaient les r\u00e9sultats. Ainsi, chacun, au bout de la nuit, pouvait avoir une id\u00e9e claire de l\u2019ordre d\u2019arriv\u00e9e et, surtout, pouvait conclure \u00e0 l\u2019\u00e9vidence d\u2019un second tour.<\/span><\/p>\n<p><span style=\"color: #000000;\">Donner les r\u00e9sultats au fur et \u00e0 mesure est d\u00e9finitivement la meilleure parade, aujourd\u2019hui, contre les scores pr\u00e9fabriqu\u00e9s que certains dirigeants imposent \u00e0 leurs peuples. Peut-\u00eatre vous souvenez-vous des images de ce membre de la commission \u00e9lectorale ivoirienne arrachant des mains de son coll\u00e8gue les r\u00e9sultats partiels que celui-ci s\u2019appr\u00eatait \u00e0 lire devant\u00a0la presse. En\u00a0d\u00e9chirant les feuilles devant les cam\u00e9ras, ce partisan de Laurent Gbagbo posait, sur la place publique, le premier acte des stratag\u00e8mes qui allaient conduire au drame sanglant que l\u2019on sait. \u00a0<\/span><\/p>\n<p><span style=\"color: #000000;\">Lorsque dans votre pays, le pouvoir, le jour du vote, coupe les communications t\u00e9l\u00e9phoniques, et m\u00eame le signal des m\u00e9dias audiovisuels priv\u00e9s et \u00e9trangers, sachez que c\u2019est pour vous tenir dans les t\u00e9n\u00e8bres, afin de mieux faire main basse sur votre vote, sur vos voix !<\/span><\/p>\n<p><span style=\"color: #000000;\"><strong>Jean-Baptiste Placca<br \/>\n<\/strong>MFI<\/span><\/p>\n<hr \/>\n<p><span style=\"color: #008080;\"><em>* Published in print edition on 9 March 2012<\/em><\/span><\/p>\n","protected":false},"excerpt":{"rendered":"<p>Chronique de Jean-Baptiste Placca<\/p>\n","protected":false},"author":284,"featured_media":6560,"comment_status":"open","ping_status":"open","sticky":false,"template":"","format":"standard","meta":{"jetpack_post_was_ever_published":false,"_jetpack_newsletter_access":"","_jetpack_dont_email_post_to_subs":false,"_jetpack_newsletter_tier_id":0,"_jetpack_memberships_contains_paywalled_content":false,"_jetpack_memberships_contains_paid_content":false,"footnotes":"","jetpack_publicize_message":"","jetpack_publicize_feature_enabled":true,"jetpack_social_post_already_shared":false,"jetpack_social_options":{"image_generator_settings":{"template":"highway","default_image_id":0,"font":"","enabled":false},"version":2}},"categories":[28],"tags":[19238,19981,19738],"class_list":["post-1548","post","type-post","status-publish","format-standard","has-post-thumbnail","hentry","category-world-affairs","tag-jean-baptiste-placca","tag-laurent-gbagbo","tag-macky-sall"],"jetpack_publicize_connections":[],"jetpack_featured_media_url":"https:\/\/i0.wp.com\/www.mauritiustimes.com\/mt\/wp-content\/uploads\/2016\/12\/MT-Logokk.jpg?fit=1200%2C880&ssl=1","jetpack_sharing_enabled":true,"jetpack_shortlink":"https:\/\/wp.me\/p8QzSF-oY","_links":{"self":[{"href":"https:\/\/www.mauritiustimes.com\/mt\/wp-json\/wp\/v2\/posts\/1548","targetHints":{"allow":["GET"]}}],"collection":[{"href":"https:\/\/www.mauritiustimes.com\/mt\/wp-json\/wp\/v2\/posts"}],"about":[{"href":"https:\/\/www.mauritiustimes.com\/mt\/wp-json\/wp\/v2\/types\/post"}],"author":[{"embeddable":true,"href":"https:\/\/www.mauritiustimes.com\/mt\/wp-json\/wp\/v2\/users\/284"}],"replies":[{"embeddable":true,"href":"https:\/\/www.mauritiustimes.com\/mt\/wp-json\/wp\/v2\/comments?post=1548"}],"version-history":[{"count":0,"href":"https:\/\/www.mauritiustimes.com\/mt\/wp-json\/wp\/v2\/posts\/1548\/revisions"}],"wp:featuredmedia":[{"embeddable":true,"href":"https:\/\/www.mauritiustimes.com\/mt\/wp-json\/wp\/v2\/media\/6560"}],"wp:attachment":[{"href":"https:\/\/www.mauritiustimes.com\/mt\/wp-json\/wp\/v2\/media?parent=1548"}],"wp:term":[{"taxonomy":"category","embeddable":true,"href":"https:\/\/www.mauritiustimes.com\/mt\/wp-json\/wp\/v2\/categories?post=1548"},{"taxonomy":"post_tag","embeddable":true,"href":"https:\/\/www.mauritiustimes.com\/mt\/wp-json\/wp\/v2\/tags?post=1548"}],"curies":[{"name":"wp","href":"https:\/\/api.w.org\/{rel}","templated":true}]}}