{"id":1539,"date":"2012-03-02T08:55:48","date_gmt":"2012-03-02T08:55:48","guid":{"rendered":"http:\/\/mauritiustimes.com\/mt\/2012\/03\/02\/jean-baptiste-placca-46\/"},"modified":"2019-11-17T22:24:20","modified_gmt":"2019-11-17T18:24:20","slug":"jean-baptiste-placca-46","status":"publish","type":"post","link":"https:\/\/www.mauritiustimes.com\/mt\/jean-baptiste-placca-46\/","title":{"rendered":"Zimbabwe\u00a0: Le vieil homme et le pouvoir"},"content":{"rendered":"<h3 style=\"margin: 0in 0in 0pt; text-align: center;\"><span lang=\"FR\" style=\"font-family: Verdana; font-size: 12pt; mso-bidi-font-size: 13.0pt;\"><span style=\"text-decoration: underline;\"><span style=\"color: #000000; text-decoration: underline;\">Chronique de Jean-Baptiste Placca <\/span><\/span><\/span><\/h3>\n<p><!--more--><\/p>\n<p><span style=\"color: #000000;\"><strong>Pour beaucoup, il est, \u00e0 jamais, un h\u00e9ros national. Tribun hors pair, leader charismatique, il a \u00e9t\u00e9 de toutes les luttes, de tous les combats pour la libert\u00e9 de son peuple. Une vie enti\u00e8re consacr\u00e9e \u00e0 la politique, et cela lui vaut la v\u00e9n\u00e9ration de nombre de ses concitoyens. Et lui-m\u00eame, parfois, n\u2019est pas loin de se prendre pour un demi-dieu. Peut-\u00eatre est-ce pour cela qu\u2019il s\u2019accroche au pouvoir, alors qu\u2019il s\u2019achemine vers ses quatre-vingt dix ans.<\/strong><\/span><\/p>\n<p><span style=\"color: #000000;\">Contrairement \u00e0 ce que disait le G\u00e9n\u00e9ral, l\u2019\u00e2ge avanc\u00e9 (la vieillesse), en Afrique, n\u2019est pas un naufrage. C\u2019est m\u00eame un privil\u00e8ge, qui vous propulse sur un pi\u00e9destal, dans une dimension autre, celle des anciens. Dans les assembl\u00e9es comme dans les f\u00eates, les gens font la queue, juste pour pouvoir serrer la main de l\u2019ancien et s\u2019entendre dire un mot, une phrase, qu\u2019ils emporteront comme un cadeau, un viatique. Les avis de l\u2019ancien p\u00e8sent autant que la chose jug\u00e9e. Il est le conciliateur, le m\u00e9diateur.<\/span><\/p>\n<p style=\"text-align: left;\"><span style=\"color: #000000;\">Mais, pour jouir de ce privil\u00e8ge, il faut avoir su s\u2019extraire de la m\u00eal\u00e9e des fonctions ex\u00e9cutives, ce que n\u2019a pas su faire le Pr\u00e9sident, qui vient de prendre date pour un nouveau mandat, en ayant conscience que cela le conduirait aux portes du club des centenaires.<\/span><\/p>\n<p style=\"text-align: center;\"><span style=\"color: #000000;\"><strong>Un entourage complaisant<\/strong><\/span><\/p>\n<p><span style=\"color: #000000;\">A toute allusion \u00e0 son \u00e2ge, il r\u00e9torque, cinglant, qu\u2019il a largement l\u2019\u00e9nergie pour demeurer au pouvoir. \u00ab\u00a0<em>Je suis mort et ressuscit\u00e9, et je ne sais combien de fois je vais mourir et ressusciter. C\u2019est en cela que j\u2019ai battu le Christ\u00a0!<\/em>\u00a0\u00bb, dit-il.<\/span><br \/>\n<span style=\"color: #000000;\">Mais il n\u2019est pas le Christ. La preuve\u00a0? Il se montre facilement irritable, versatile, de plus en plus capricieux, allergique aux critiques et \u00e0 la contradiction. Ses col\u00e8res sont foudroyantes. Il rudoie ceux qui lui r\u00e9sistent, se sert de l\u2019appareil d\u2019Etat pour r\u00e9gler ses comptes avec ses opposants, jetant en prison qui il veut. Et pour servir son envie maladive de mourir au pouvoir, il peut compter sur un entourage complaisant, des collaborateurs au z\u00e8le vindicatif.<\/span><br \/>\n<span style=\"color: #000000;\">Mais le vibrato patriotique des discours du chef de l\u2019Etat cache de moins en moins le rapport insatiable de son pouvoir \u00e0 l\u2019argent. La famille pr\u00e9sidentielle est impliqu\u00e9e dans toutes les affaires juteuses. Et le h\u00e9ros, subrepticement, se mue en vieillard indigne.<\/span><br \/>\n<span style=\"color: #000000;\">Pour c\u00e9l\u00e9brer son anniversaire, le samedi 25\u00a0f\u00e9vrier, un grand rassemblement \u00e9tait pr\u00e9vu dans un stade, o\u00f9 les discours politiques ont altern\u00e9 avec un concert et un match de football. A Mutare, dans l\u2019est du Zimbabwe, Robert Mugabe est donc all\u00e9\u00a0 souffler les bougies de ses 88\u00a0ans. Ne l\u2019enterrez pas encore\u00a0: il est candidat \u00e0 sa propre succession, et il sait comment ne pas perdre une \u00e9lection\u00a0!<\/span><\/p>\n<p><span style=\"color: #000000;\"><strong>Jean-Baptiste Placca<\/strong><strong><br \/>\n<\/strong>MFI<\/span><\/p>\n<hr \/>\n<p><span style=\"color: #008080;\"><em>* Published in print edition on 2 March 2012<\/em><\/span><\/p>\n","protected":false},"excerpt":{"rendered":"<p>Chronique de Jean-Baptiste Placca<\/p>\n","protected":false},"author":1,"featured_media":6560,"comment_status":"open","ping_status":"open","sticky":false,"template":"","format":"standard","meta":{"jetpack_post_was_ever_published":false,"_jetpack_newsletter_access":"","_jetpack_dont_email_post_to_subs":false,"_jetpack_newsletter_tier_id":0,"_jetpack_memberships_contains_paywalled_content":false,"_jetpack_memberships_contains_paid_content":false,"footnotes":"","jetpack_publicize_message":"","jetpack_publicize_feature_enabled":true,"jetpack_social_post_already_shared":false,"jetpack_social_options":{"image_generator_settings":{"template":"highway","default_image_id":0,"font":"","enabled":false},"version":2}},"categories":[28],"tags":[19238,20000,3918],"class_list":["post-1539","post","type-post","status-publish","format-standard","has-post-thumbnail","hentry","category-world-affairs","tag-jean-baptiste-placca","tag-mutare","tag-robert-mugabe"],"jetpack_publicize_connections":[],"jetpack_featured_media_url":"https:\/\/i0.wp.com\/www.mauritiustimes.com\/mt\/wp-content\/uploads\/2016\/12\/MT-Logokk.jpg?fit=1200%2C880&ssl=1","jetpack_sharing_enabled":true,"jetpack_shortlink":"https:\/\/wp.me\/p8QzSF-oP","_links":{"self":[{"href":"https:\/\/www.mauritiustimes.com\/mt\/wp-json\/wp\/v2\/posts\/1539","targetHints":{"allow":["GET"]}}],"collection":[{"href":"https:\/\/www.mauritiustimes.com\/mt\/wp-json\/wp\/v2\/posts"}],"about":[{"href":"https:\/\/www.mauritiustimes.com\/mt\/wp-json\/wp\/v2\/types\/post"}],"author":[{"embeddable":true,"href":"https:\/\/www.mauritiustimes.com\/mt\/wp-json\/wp\/v2\/users\/1"}],"replies":[{"embeddable":true,"href":"https:\/\/www.mauritiustimes.com\/mt\/wp-json\/wp\/v2\/comments?post=1539"}],"version-history":[{"count":0,"href":"https:\/\/www.mauritiustimes.com\/mt\/wp-json\/wp\/v2\/posts\/1539\/revisions"}],"wp:featuredmedia":[{"embeddable":true,"href":"https:\/\/www.mauritiustimes.com\/mt\/wp-json\/wp\/v2\/media\/6560"}],"wp:attachment":[{"href":"https:\/\/www.mauritiustimes.com\/mt\/wp-json\/wp\/v2\/media?parent=1539"}],"wp:term":[{"taxonomy":"category","embeddable":true,"href":"https:\/\/www.mauritiustimes.com\/mt\/wp-json\/wp\/v2\/categories?post=1539"},{"taxonomy":"post_tag","embeddable":true,"href":"https:\/\/www.mauritiustimes.com\/mt\/wp-json\/wp\/v2\/tags?post=1539"}],"curies":[{"name":"wp","href":"https:\/\/api.w.org\/{rel}","templated":true}]}}