{"id":15201,"date":"2018-07-23T09:01:24","date_gmt":"2018-07-23T05:01:24","guid":{"rendered":"http:\/\/www.mauritiustimes.com\/mt\/?p=15201"},"modified":"2018-07-23T09:01:24","modified_gmt":"2018-07-23T05:01:24","slug":"law-reform-commission-la-restructuration-de-la-cour-supreme-simpose-durgence","status":"publish","type":"post","link":"https:\/\/www.mauritiustimes.com\/mt\/law-reform-commission-la-restructuration-de-la-cour-supreme-simpose-durgence\/","title":{"rendered":"Law Reform Commission: \u2018La restructuration de la Cour supr\u00eame s\u2019impose d\u2019urgence\u2019"},"content":{"rendered":"<h6 style=\"text-align: center;\"><span style=\"color: #ff0000;\"><u>Opinion Paper:\u2019Reform of Judicial System &amp; Other Related Matters\u2019<\/u><\/span><!--more--><\/h6>\n<p><span style=\"color: #000000;\"><img data-recalc-dims=\"1\" loading=\"lazy\" decoding=\"async\" data-attachment-id=\"15202\" data-permalink=\"https:\/\/www.mauritiustimes.com\/mt\/law-reform-commission-la-restructuration-de-la-cour-supreme-simpose-durgence\/law-justice\/\" data-orig-file=\"https:\/\/i0.wp.com\/www.mauritiustimes.com\/mt\/wp-content\/uploads\/2018\/07\/Law-Justice.jpg?fit=944%2C600&amp;ssl=1\" data-orig-size=\"944,600\" data-comments-opened=\"1\" data-image-meta=\"{&quot;aperture&quot;:&quot;0&quot;,&quot;credit&quot;:&quot;&quot;,&quot;camera&quot;:&quot;&quot;,&quot;caption&quot;:&quot;&quot;,&quot;created_timestamp&quot;:&quot;0&quot;,&quot;copyright&quot;:&quot;&quot;,&quot;focal_length&quot;:&quot;0&quot;,&quot;iso&quot;:&quot;0&quot;,&quot;shutter_speed&quot;:&quot;0&quot;,&quot;title&quot;:&quot;&quot;,&quot;orientation&quot;:&quot;0&quot;}\" data-image-title=\"Law &amp;#038; Justice\" data-image-description=\"\" data-image-caption=\"\" data-large-file=\"https:\/\/i0.wp.com\/www.mauritiustimes.com\/mt\/wp-content\/uploads\/2018\/07\/Law-Justice.jpg?fit=640%2C407&amp;ssl=1\" class=\" wp-image-15202 alignleft\" src=\"https:\/\/i0.wp.com\/www.mauritiustimes.com\/mt\/wp-content\/uploads\/2018\/07\/Law-Justice.jpg?resize=640%2C408&#038;ssl=1\" alt=\"\" width=\"640\" height=\"408\" \/>La \u2018Law Reform Commission\u2019 (LRC) a soumis, en juin 2018, \u00e0 l\u2019Attorney-General, un \u2018Opinion Paper\u2019 dans lequel a \u00e9t\u00e9 examin\u00e9 l\u2019\u00e9tat de la mise en \u0153uvre des recommandations du Rapport Mackay de 1998 (actualis\u00e9 en 2006), ainsi que les parties pertinentes du rapport Sachs de 2002 sur la r\u00e9forme de la structure et du fonctionnement du syst\u00e8me judiciaire et autres questions connexes.<\/span><\/p>\n<p><span style=\"color: #000000;\">Dans cet \u2018Opinion Paper\u2019 intitul\u00e9 \u2018Reform of the Judicial System and Other Related Matters\u2019, la Commission a r\u00e9examin\u00e9 ses propositions concernant la structure de la Cour supr\u00eame, la composition de la\u00a0 \u2018Judicial and Legal Service Commission\u2019, et d&#8217;autres questions analogues relatives au fonctionnement de notre syst\u00e8me judiciaire, et a exprim\u00e9 son point de vue sur la voie \u00e0 suivre.<\/span><\/p>\n<p><span style=\"color: #000000;\">Bien que la Commission n&#8217;ait pas d\u2019objection quant \u00e0 la mise en \u0153uvre des recommandations de la Commission pr\u00e9sidentielle pr\u00e9sid\u00e9e par Lord Mackay selon lesquelles la Cour Supr\u00eame devrait \u00eatre compos\u00e9e d\u2019une Section de Cour d\u2019Appel et d\u2019une Section de Haute Cour, et que la Section de la Cour d\u2019Appel devrait entendre les appels de la Haute Cour et des tribunaux inf\u00e9rieurs, elle maintient le point de vue exprim\u00e9 dans son \u2018Opinion Paper\u2019 d&#8217;ao\u00fbt 2011 sur le \u2018Establishment Court of Appeal and Composition of JLSC (Judicial and Legal Service Commission)\u2019 selon lequel il est souhaitable que la Section de la Cour d\u2019Appel ne devrait entendre que les appels de la Section de la Haute Cour.<\/span><\/p>\n<p><span style=\"color: #000000;\">La Commission tient aussi \u00e0 souligner que les divergences de vues, le cas \u00e9ch\u00e9ant, quant \u00e0 la comp\u00e9tence d\u2019appel de la section de la Cour d\u2019appel ne devraient pas entraver la restructuration de la Cour supr\u00eame, qui s\u2019impose d\u2019urgence pour am\u00e9liorer l\u2019efficacit\u00e9 de l\u2019administration de la justice.<\/span><\/p>\n<p><span style=\"color: #000000;\">La Commission r\u00e9it\u00e8re \u00e9galement les points de vue qu\u2019elle a exprim\u00e9s dans son \u2018Issue Paper\u2019 de novembre 2011 intitul\u00e9 \u2018Establishment of Family Court and Conduct of Family Proceedings\u2019, \u00e0 savoir qu\u2019un \u2018Family Court\u2019 doit \u00eatre \u00e9tabli en tant que division de la Haute Cour et que ce \u2018Family Court\u2019 devrait avoir une comp\u00e9tence civile et p\u00e9nale exclusive en mati\u00e8re de la famille.<\/span><\/p>\n<p><span style=\"color: #000000;\">Pour ce qui est de la composition de la \u2018Judicial and Legal Service Commission\u2019, la \u2018Law Reform Commission\u2019 consid\u00e8re d\u00e9sormais que ni un avocat ni un avou\u00e9 ne devraient \u00eatre membres de la \u2018JLSC\u2019, et que ni le \u2018Solicitor-General\u2019 ni le Directeur des Poursuites Publiques ne devraient, eux non plus, \u00eatre membres du Comit\u00e9 de la \u2018JLSC\u2019, bien que ces derniers devraient \u00eatre consult\u00e9s en ce qui concerne les nominations du personnel plac\u00e9 sous leurs responsabilit\u00e9s. De plus, la \u2018Law Reform Commission\u2019 consid\u00e8re que la \u2018JLSC\u2019 devrait \u00eatre compos\u00e9e exclusivement de juges en exercice de la Cour supr\u00eame (le Chef-Juge, le \u2018Senior Puisne Judge\u2019 et deux autres juges \u2018most senior\u2019) plus le Chef-Juge ou le \u2018Senior Puisne Judge\u2019 imm\u00e9diat \u00e0 la retraite (si le Chef-Juge retrait\u00e9 n\u2019est pas en mesure d\u2019accepter la nomination).<\/span><\/p>\n<p><span style=\"color: #000000;\">De plus, la \u2018LRC\u2019, \u00e0 l\u2019instar du Rapport Mackay, recommande fortement que soit amend\u00e9 la \u2018Public Officers\u2019 Protection Act\u2019 de sorte qu\u2019aucune protection sp\u00e9ciale ne soit accord\u00e9e aux fonctionnaires ou aux autorit\u00e9s publiques, \u00e0 titre de d\u00e9lai de prescription plus court pour les actions intent\u00e9es contre eux.<\/span><\/p>\n<p><span style=\"color: #000000;\">Enfin, la Commission recommande que, dans le cadre de la r\u00e9forme du syst\u00e8me judiciaire, d\u2019autres questions soient trait\u00e9es, comme le type de changements qui peuvent \u00eatre apport\u00e9s au syst\u00e8me de justice pour mineurs, ou encore le genre de modifications pouvant \u00eatre faites \u00e0 la juridiction et au fonctionnement de la Cour de Rodrigues, et s\u2019il convient de revoir le statut et les pouvoirs du Magistrat de la Cour de Rodrigues ; ou m\u00eame s\u2019il conviendrait de mettre sur pied un \u2018Drug Court\u2019.<\/span><\/p>\n<p><span style=\"color: #000000;\">Un tableau sur l\u2019\u00e9tat de la mise en \u0153uvre des recommandations du Rapport Mackay 1998 (mis \u00e0 jour en 2006), associ\u00e9 aux parties pertinentes du Rapport Sachs 2002, a \u00e9t\u00e9 annex\u00e9 au document.<\/span><\/p>\n<p><span style=\"color: #000000;\">Cet \u2018Opinion Paper\u2019, ainsi que tous les \u2018Reports\/Papers\u2019 et autres documents, sont disponibles sur le site internet de la Commission \u00e0 l\u2019adresse suivante : http:\/\/lrc.govmu.org<\/span><\/p>\n<p>&nbsp;<\/p>\n<hr \/>\n<p><span style=\"color: #00ccff;\"><em>* Published in print edition on 20 July 2018<\/em><\/span><\/p>\n","protected":false},"excerpt":{"rendered":"<p>Opinion Paper:\u2019Reform of Judicial System &amp; Other Related Matters\u2019<\/p>\n","protected":false},"author":1,"featured_media":15202,"comment_status":"open","ping_status":"open","sticky":false,"template":"","format":"standard","meta":{"jetpack_post_was_ever_published":false,"_jetpack_newsletter_access":"","_jetpack_dont_email_post_to_subs":false,"_jetpack_newsletter_tier_id":0,"_jetpack_memberships_contains_paywalled_content":false,"_jetpack_memberships_contains_paid_content":false,"footnotes":"","jetpack_publicize_message":"","jetpack_publicize_feature_enabled":true,"jetpack_social_post_already_shared":true,"jetpack_social_options":{"image_generator_settings":{"template":"highway","default_image_id":0,"font":"","enabled":false},"version":2}},"categories":[5268,6],"tags":[5517,12080,12083,1606,1100,12084,12081,12082,12079],"class_list":["post-15201","post","type-post","status-publish","format-standard","has-post-thumbnail","hentry","category-justice","category-latest-news","tag-cour-supreme","tag-drug-court","tag-family-court","tag-judicial-and-legal-service-commission","tag-law-reform-commission","tag-lord-mackay","tag-public-officers-protection-act","tag-rapport-mackay","tag-reform-of-judicial-system-other-related-matters"],"jetpack_publicize_connections":[],"jetpack_featured_media_url":"https:\/\/i0.wp.com\/www.mauritiustimes.com\/mt\/wp-content\/uploads\/2018\/07\/Law-Justice.jpg?fit=944%2C600&ssl=1","jetpack_sharing_enabled":true,"jetpack_shortlink":"https:\/\/wp.me\/p8QzSF-3Xb","_links":{"self":[{"href":"https:\/\/www.mauritiustimes.com\/mt\/wp-json\/wp\/v2\/posts\/15201","targetHints":{"allow":["GET"]}}],"collection":[{"href":"https:\/\/www.mauritiustimes.com\/mt\/wp-json\/wp\/v2\/posts"}],"about":[{"href":"https:\/\/www.mauritiustimes.com\/mt\/wp-json\/wp\/v2\/types\/post"}],"author":[{"embeddable":true,"href":"https:\/\/www.mauritiustimes.com\/mt\/wp-json\/wp\/v2\/users\/1"}],"replies":[{"embeddable":true,"href":"https:\/\/www.mauritiustimes.com\/mt\/wp-json\/wp\/v2\/comments?post=15201"}],"version-history":[{"count":0,"href":"https:\/\/www.mauritiustimes.com\/mt\/wp-json\/wp\/v2\/posts\/15201\/revisions"}],"wp:featuredmedia":[{"embeddable":true,"href":"https:\/\/www.mauritiustimes.com\/mt\/wp-json\/wp\/v2\/media\/15202"}],"wp:attachment":[{"href":"https:\/\/www.mauritiustimes.com\/mt\/wp-json\/wp\/v2\/media?parent=15201"}],"wp:term":[{"taxonomy":"category","embeddable":true,"href":"https:\/\/www.mauritiustimes.com\/mt\/wp-json\/wp\/v2\/categories?post=15201"},{"taxonomy":"post_tag","embeddable":true,"href":"https:\/\/www.mauritiustimes.com\/mt\/wp-json\/wp\/v2\/tags?post=15201"}],"curies":[{"name":"wp","href":"https:\/\/api.w.org\/{rel}","templated":true}]}}