{"id":152,"date":"2010-03-11T15:14:05","date_gmt":"2010-03-11T15:14:05","guid":{"rendered":"http:\/\/mauritiustimes.com\/mt\/2010\/03\/11\/uc-3\/"},"modified":"2010-03-11T15:14:05","modified_gmt":"2010-03-11T15:14:05","slug":"uc-3","status":"publish","type":"post","link":"https:\/\/www.mauritiustimes.com\/mt\/uc-3\/","title":{"rendered":"U.C"},"content":{"rendered":"<p class=\"MsoNormal\" style=\"margin: 0in 0in 0pt; mso-margin-bottom-alt: auto;\"><strong><span style=\"text-decoration: underline;\"><span style=\"font-family: &quot;Verdana&quot;,&quot;sans-serif&quot;; mso-bidi-font-family: Arial; mso-ansi-language: FR;\" lang=\"FR\"><span style=\"font-size: small;\"><span style=\"color: #000000;\">Agitations!<\/span><\/span><\/span><\/span><\/strong><\/p>\n<p class=\"MsoNormal\" style=\"margin: 0in 0in 0pt; mso-margin-bottom-alt: auto;\"><span style=\"font-family: &quot;Verdana&quot;,&quot;sans-serif&quot;; mso-bidi-font-family: Arial; mso-ansi-language: FR;\" lang=\"FR\"><span style=\"font-size: small;\"><span style=\"color: #000000;\">&#8212; <strong>U.C.<\/strong><\/span><\/span><\/span><\/p>\n<p class=\"MsoNormal\" style=\"margin: 0in 0in 0pt; mso-margin-bottom-alt: auto;\"><span style=\"font-family: &quot;Verdana&quot;,&quot;sans-serif&quot;; mso-bidi-font-family: Arial; mso-ansi-language: FR;\" lang=\"FR\"><span style=\"color: #000000; font-size: small;\">\u00a0<\/span><\/span><\/p>\n<p class=\"MsoNormal\" style=\"margin: 0in 0in 0pt; mso-margin-bottom-alt: auto;\"><strong><em><span style=\"font-family: &quot;Verdana&quot;,&quot;sans-serif&quot;; mso-bidi-font-family: Arial; mso-ansi-language: FR;\" lang=\"FR\"><span style=\"font-size: small;\"><span style=\"color: #000000;\">\u201cLibre au MMM de ne se consid\u00e9rer que comme un repr\u00e9sentant de quelque \u00ab\u00a0minorit\u00e9\u00a0\u00bb que ce soit, le Parti travailliste peut-il sans se renier s&#8217;engager dans un tel sch\u00e9ma de d\u00e9formation ing\u00e9nue? Ou de cette d\u00e9claration que le MMM serait, avec un 60-0 \u00e9ventuel, un quelconque \u00ab\u00a0rempart\u00a0\u00bb? Contre des d\u00e9rives totalitaires de son futur partenaire r\u00eav\u00e9?\u201d  <!--more-->  <strong><em><span style=\"font-family: &quot;Verdana&quot;,&quot;sans-serif&quot;; mso-bidi-font-family: Arial; mso-ansi-language: FR;\" lang=\"FR\"><font size=\"3\"><font color=\"#000000\"> <\/p>\n<p class=\"MsoNormal\" style=\"margin: 0in 0in 0pt; mso-margin-bottom-alt: auto;\">\u00a0<\/p>\n<p> <\/font><\/font><\/span><\/em><\/strong><\/span><strong><em><span style=\"font-family: &quot;Verdana&quot;,&quot;sans-serif&quot;; mso-bidi-font-family: Arial; mso-ansi-language: FR;\" lang=\"FR\"><font size=\"3\"> <\/p>\n<p class=\"MsoNormal\" style=\"margin: 0in 0in 0pt; mso-margin-bottom-alt: auto;\">\u00a0<\/p>\n<p> <\/font><\/span><\/em><\/strong><\/span><\/span><\/em><\/strong><span style=\"font-family: &quot;Verdana&quot;,&quot;sans-serif&quot;; mso-bidi-font-family: Arial; mso-ansi-language: FR;\" lang=\"FR\"><span style=\"font-size: small;\"><span style=\"color: #000000;\">En premier lieu, \u00e0 l&#8217;heure des c\u00e9l\u00e9brations de la f\u00eate nationale sur le th\u00e8me \u00ab\u00a0<strong><em>Notre pays, notre fiert\u00e9!<\/em><\/strong>\u00a0\u00bb il convient sans doute de se f\u00e9liciter sans r\u00e9serves que gouvernants et opposition(s) peuvent se retrouver sur des grands dossiers d&#8217;int\u00e9r\u00eat national. Ainsi, pour condamner d&#8217;une voix unitaire forte l&#8217;excision des Chagos avant l&#8217;ind\u00e9pendance, le d\u00e9racinement subs\u00e9quent des Ilois et les diverses man\u0153uvres du Foreign Office pour continuer de jouer au chat et \u00e0 la souris sur ce dossier. La souverainet\u00e9 mauricienne sur les Chagos et Tromelin ne pouvant se pr\u00eater aux calculs politiques locaux, encore moins aux \u00e9talages publics de divergences ou de strat\u00e9gies en cours, nul ne sera surpris que nos dirigeants politiques comprennent que m\u00eame en l&#8217;absence d&#8217;une structure formelle ou informelle, les \u00e9changes et les concertations au plus haut niveau sur ce dossier sensible sont \u00e9minemment souhaitables. C&#8217;est une avanc\u00e9e notable et sans doute un signe des temps et de la maturit\u00e9 croissante du pays et de ses nouvelles dynamiques.<\/span><\/span><\/span><\/p>\n<p class=\"MsoNormal\" style=\"margin: 0in 0in 0pt; mso-margin-bottom-alt: auto;\">\u00a0<\/p>\n<p class=\"MsoNormal\" style=\"margin: 0in 0in 0pt; mso-margin-bottom-alt: auto;\"><span style=\"font-family: &quot;Verdana&quot;,&quot;sans-serif&quot;; mso-bidi-font-family: Arial; mso-ansi-language: FR;\" lang=\"FR\"><span style=\"font-size: small;\"><span style=\"color: #000000;\">Par contre, le moindre quidam pourrait au vu de nos m\u0153urs et de notre histoire contemporaine trouver ahurissant la situation politique actuelle! En effet, voil\u00e0 une alliance au pouvoir depuis cinq ans qui arrive au terme de son mandat et qui, en cette fin de l\u00e9gislature, continue de gouverner en affichant la plus grande s\u00e9r\u00e9nit\u00e9, alors m\u00eame que le pays \u00e9merge \u00e0 peine de la plus grande crise financi\u00e8re et \u00e9conomique que la plan\u00e8te ait connue. Cette mandature aurait d\u00fb th\u00e9oriquement l&#8217;essouffler sous les coups de boutoir de l&#8217;ext\u00e9rieur et les assauts tant de la presse pr\u00e9tendument \u00ab\u00a0ind\u00e9pendante\u00a0\u00bb que des partis de l&#8217;opposition durant cinq ans. Or c&#8217;en est exactement le contraire et ce sont ces derniers qui semblent \u00e0 bout de souffle, courtisant sur la place publique et avec une ardeur qui peut surprendre, une alliance avec le pouvoir en place. <\/span><\/span><\/span><\/p>\n<p class=\"MsoNormal\" style=\"margin: 0in 0in 0pt; mso-margin-bottom-alt: auto;\"><span style=\"font-family: &quot;Verdana&quot;,&quot;sans-serif&quot;; mso-bidi-font-family: Arial; mso-ansi-language: FR;\" lang=\"FR\"><span style=\"font-size: small;\"><span style=\"color: #000000;\">Nul besoin de sondage ou de satisfecit des institutions internationales pour confirmer ce que tout le monde pressent : le pays est sorti de \u00ab\u00a0<em>l&#8217;Etat d&#8217;urgence<\/em>\u00a0\u00bb l\u00e9gu\u00e9 en 2005; l&#8217;\u00e9conomie nationale a \u00e9t\u00e9 bien g\u00e9r\u00e9e malgr\u00e9 la baisse des revenus sucriers et les crises p\u00e9troli\u00e8re, alimentaire, financi\u00e8re de ces derni\u00e8res ann\u00e9es, l&#8217;inflation est ma\u00eetris\u00e9e, les grands chantiers avancent, la croissance et l&#8217;emploi sont au rendez-vous, la dette publique ramen\u00e9e sous contr\u00f4le, alors que tant de grands pays sont malmen\u00e9s, certains comme la Gr\u00e8ce, l&#8217;Islande, l&#8217;Irlande ou l&#8217;Espagne fr\u00f4lant le naufrage. La France se d\u00e9m\u00e8ne contre un ch\u00f4mage grandissant alors que les Etats-Unis n&#8217;arrivent pas \u00e0 doter cinquante millions de leurs citoyens d&#8217;une couverture m\u00e9dicale ad\u00e9quate. <\/span><\/span><\/span><\/p>\n<p class=\"MsoNormal\" style=\"margin: 0in 0in 0pt; mso-margin-bottom-alt: auto;\"><span style=\"font-family: &quot;Verdana&quot;,&quot;sans-serif&quot;; mso-bidi-font-family: Arial; mso-ansi-language: FR;\" lang=\"FR\"><span style=\"font-size: small;\"><span style=\"color: #000000;\">La population mauricienne, davantage expos\u00e9e \u00e0 ce qui se passe partout ailleurs, est parfaitement consciente de la bonne gestion de l&#8217;Alliance sociale dans un contexte et avec un h\u00e9ritage difficiles. Certes il restera toujours des sujets d&#8217;insatisfaction dans tout bilan, mais l&#8217;Alliance sociale peut l\u00e9gitimement aspirer \u00e0 aller seule aux prochaines \u00e9ch\u00e9ances \u00e9lectorales. Est-ce la conjonction des nouvelles dynamiques nationales et cette assise confortable de l&#8217;Alliance sociale qui fait courir l&#8217;opposition depuis quelques semaines?<\/span><\/span><\/span><\/p>\n<p class=\"MsoNormal\" style=\"margin: 0in 0in 0pt; mso-margin-bottom-alt: auto;\"><span style=\"font-family: &quot;Verdana&quot;,&quot;sans-serif&quot;; mso-bidi-font-family: Arial; mso-ansi-language: FR;\" lang=\"FR\"><span style=\"font-size: small;\"><span style=\"color: #000000;\">Apr\u00e8s le fameux d\u00e9jeuner du R\u00e9duit organis\u00e9 par la Pr\u00e9sidence de la R\u00e9publique en l&#8217;honneur de Joaquim Chissano, la mouvance MMM se retrouve en \u00e9tat d&#8217;agitation f\u00e9brile. La perspective d&#8217;une nouvelle travers\u00e9e du d\u00e9sert face \u00e0 une possible alliance bleu-blanc-rouge pr\u00e9cipite la direction. Chose impensable dans ce genre de tractations politiques pr\u00e9\u00e9lectorales, le MMM se voit contraint d&#8217;abattre son jeu et ses atouts de future mari\u00e9e sur toutes les ondes et dans la presse \u00e9crite. Finies les quatre ann\u00e9es de critiques populo-d\u00e9magogiques, les noces avec le Parti travailliste tant honni sont d\u00e9crites avec force d\u00e9tails (\u00ab\u00a0<em>mieux que 1995!<\/em>\u00a0\u00bb jubile-t-on m\u00eame&#8230;), les convives choisis et le pl\u00e9biscite 60-0 annonc\u00e9! Le Premier ministre, en vrai Sphinx qui domine la sc\u00e8ne, semble \u00e9couter tout le monde, sourit, prend note, vaque \u00e0 ses responsabilit\u00e9s, mais reste avare de commentaires d\u00e9finitifs au grand dam des \u00e9ditorialistes qui s&#8217;agitent et de tous ceux qui piaffent d&#8217;impatience. <\/span><\/span><\/span><\/p>\n<p class=\"MsoNormal\" style=\"margin: 0in 0in 0pt; mso-margin-bottom-alt: auto;\"><span style=\"font-family: &quot;Verdana&quot;,&quot;sans-serif&quot;; mso-bidi-font-family: Arial; mso-ansi-language: FR;\" lang=\"FR\"><span style=\"font-size: small;\"><span style=\"color: #000000;\">Chacun tirera ses propres conclusions de tout ce remue-m\u00e9nage si impudique mais je ne peux m&#8217;emp\u00eacher quelques interrogations badines. Il y a peu de cela, des vagues de militants d\u00e9\u00e7us se d\u00e9marquaient du MMM, certains d\u00e9cidant de porter sans condition leur appui au Parti travailliste ou \u00e0 l&#8217;Alliance sociale. Vilipend\u00e9s par la direction du MMM, trait\u00e9s de \u00ab\u00a0<em>roder boute<\/em>\u00a0\u00bb, n&#8217;\u00e9taient-ils en quelque sorte que des avant-gardistes pr\u00e9monitoires? Maintenant que le parti mauve dans son ensemble, Comit\u00e9 Central et Bureau Politique confondus, ne jure que par une alliance avec les rouges, ces pr\u00e9curseurs seront-ils r\u00e9habilites avec des excuses publiques du camarade Bhagwan?&#8230; <\/span><\/span><\/span><\/p>\n<p class=\"MsoNormal\" style=\"margin: 0in 0in 0pt; mso-margin-bottom-alt: auto;\"><span style=\"font-family: &quot;Verdana&quot;,&quot;sans-serif&quot;; mso-bidi-font-family: Arial; mso-ansi-language: FR;\" lang=\"FR\"><span style=\"font-size: small;\"><span style=\"color: #000000;\">Quel sort sera r\u00e9serv\u00e9 aux nouveaux transfuges qui se sont incrust\u00e9s au parti mauve? Et quid de cette galerie de candidats premier-ministrables au bon profil ethno-cast\u00e9iste dans le cadre de cette alliance r\u00eav\u00e9e par les mauves? Quid encore de l&#8217;assertion un peu facile et gratuite qu&#8217;une alliance rouge-mauve cautionnerait un \u00e9quilibre communal? Libre au MMM de ne se consid\u00e9rer que comme un repr\u00e9sentant de quelque \u00ab\u00a0minorit\u00e9\u00a0\u00bb que ce soit, le Parti travailliste peut-il sans se renier s&#8217;engager dans un tel sch\u00e9ma de d\u00e9formation ing\u00e9nue? Ou de cette d\u00e9claration que le MMM serait, avec un 60-0 \u00e9ventuel, un quelconque \u00ab\u00a0rempart\u00a0\u00bb? Contre des d\u00e9rives totalitaires de son futur partenaire r\u00eav\u00e9? Le trop nuit au juste, voil\u00e0 le genre de d\u00e9clarations qui doit passablement irriter. <\/span><\/span><\/span><\/p>\n<p class=\"MsoNormal\" style=\"margin: 0in 0in 0pt; mso-margin-bottom-alt: auto;\"><span style=\"font-family: &quot;Verdana&quot;,&quot;sans-serif&quot;; mso-bidi-font-family: Arial; mso-ansi-language: FR;\" lang=\"FR\"><span style=\"font-size: small;\"><span style=\"color: #000000;\">Quelle que soit l&#8217;issue prochaine des \u00ab\u00a0<em>koz koz\u00e9<\/em>\u00a0\u00bb, souhaitons que l&#8217;int\u00e9r\u00eat du pays prime et que le d\u00e9veloppement et l&#8217;effort de justice sociale se poursuivent dans la stabilit\u00e9 et un sentiment de participation et d&#8217;unit\u00e9 nationale.<\/span><\/span><\/span><\/p>\n<p class=\"MsoNormal\" style=\"margin: 0in 0in 0pt; mso-margin-bottom-alt: auto;\"><span style=\"font-family: &quot;Verdana&quot;,&quot;sans-serif&quot;; mso-bidi-font-family: Arial; mso-ansi-language: FR;\" lang=\"FR\"><span style=\"color: #000000; font-size: small;\">\u00a0<\/span><\/span><\/p>\n<p class=\"MsoNormal\" style=\"margin: 0in 0in 0pt; mso-margin-bottom-alt: auto;\"><strong><span style=\"font-family: &quot;Verdana&quot;,&quot;sans-serif&quot;; mso-bidi-font-family: Arial;\" lang=\"EN-GB\"><span style=\"font-size: small;\"><span style=\"color: #000000;\">U.C.<\/span><\/span><\/span><\/strong><\/p>\n","protected":false},"excerpt":{"rendered":"<p>Agitations! &#8212; U.C. \u00a0 \u201cLibre au MMM de ne se consid\u00e9rer que comme un repr\u00e9sentant de quelque \u00ab\u00a0minorit\u00e9\u00a0\u00bb que ce soit, le Parti travailliste peut-il sans se renier s&#8217;engager dans un tel sch\u00e9ma de d\u00e9formation ing\u00e9nue? Ou de cette d\u00e9claration que le MMM serait, avec un 60-0 \u00e9ventuel, un quelconque \u00ab\u00a0rempart\u00a0\u00bb? Contre des d\u00e9rives totalitaires [&hellip;]<\/p>\n","protected":false},"author":1,"featured_media":0,"comment_status":"open","ping_status":"open","sticky":false,"template":"","format":"standard","meta":{"jetpack_post_was_ever_published":false,"_jetpack_newsletter_access":"","_jetpack_dont_email_post_to_subs":false,"_jetpack_newsletter_tier_id":0,"_jetpack_memberships_contains_paywalled_content":false,"_jetpack_memberships_contains_paid_content":false,"footnotes":"","jetpack_publicize_message":"","jetpack_publicize_feature_enabled":true,"jetpack_social_post_already_shared":false,"jetpack_social_options":{"image_generator_settings":{"template":"highway","default_image_id":0,"font":"","enabled":false},"version":2}},"categories":[6],"tags":[],"class_list":["post-152","post","type-post","status-publish","format-standard","hentry","category-latest-news"],"jetpack_publicize_connections":[],"jetpack_featured_media_url":"","jetpack_sharing_enabled":true,"jetpack_shortlink":"https:\/\/wp.me\/p8QzSF-2s","_links":{"self":[{"href":"https:\/\/www.mauritiustimes.com\/mt\/wp-json\/wp\/v2\/posts\/152","targetHints":{"allow":["GET"]}}],"collection":[{"href":"https:\/\/www.mauritiustimes.com\/mt\/wp-json\/wp\/v2\/posts"}],"about":[{"href":"https:\/\/www.mauritiustimes.com\/mt\/wp-json\/wp\/v2\/types\/post"}],"author":[{"embeddable":true,"href":"https:\/\/www.mauritiustimes.com\/mt\/wp-json\/wp\/v2\/users\/1"}],"replies":[{"embeddable":true,"href":"https:\/\/www.mauritiustimes.com\/mt\/wp-json\/wp\/v2\/comments?post=152"}],"version-history":[{"count":0,"href":"https:\/\/www.mauritiustimes.com\/mt\/wp-json\/wp\/v2\/posts\/152\/revisions"}],"wp:attachment":[{"href":"https:\/\/www.mauritiustimes.com\/mt\/wp-json\/wp\/v2\/media?parent=152"}],"wp:term":[{"taxonomy":"category","embeddable":true,"href":"https:\/\/www.mauritiustimes.com\/mt\/wp-json\/wp\/v2\/categories?post=152"},{"taxonomy":"post_tag","embeddable":true,"href":"https:\/\/www.mauritiustimes.com\/mt\/wp-json\/wp\/v2\/tags?post=152"}],"curies":[{"name":"wp","href":"https:\/\/api.w.org\/{rel}","templated":true}]}}