{"id":1497,"date":"2012-02-10T07:44:37","date_gmt":"2012-02-10T07:44:37","guid":{"rendered":"http:\/\/mauritiustimes.com\/mt\/2012\/02\/10\/interview-khalil-elahee\/"},"modified":"2019-11-25T12:42:00","modified_gmt":"2019-11-25T08:42:00","slug":"interview-khalil-elahee","status":"publish","type":"post","link":"https:\/\/www.mauritiustimes.com\/mt\/interview-khalil-elahee\/","title":{"rendered":"\u00ab\u00a0Je ne pense pas qu\u2019il faut diaboliser le Best Loser System\u2026"},"content":{"rendered":"<p style=\"text-align: center;\"><span style=\"color: #ff0000;\"><strong><u>Interview\u00a0: Khalil Elahee<\/u><\/strong><\/span><\/p>\n<p style=\"text-align: center;\"><span style=\"color: #ff0000;\"><strong><u><img data-recalc-dims=\"1\" loading=\"lazy\" decoding=\"async\" data-attachment-id=\"22383\" data-permalink=\"https:\/\/www.mauritiustimes.com\/mt\/interview-khalil-elahee\/khalil-elahee-2\/\" data-orig-file=\"https:\/\/i0.wp.com\/www.mauritiustimes.com\/mt\/wp-content\/uploads\/2012\/02\/Khalil-Elahee.jpg?fit=958%2C600&amp;ssl=1\" data-orig-size=\"958,600\" data-comments-opened=\"1\" data-image-meta=\"{&quot;aperture&quot;:&quot;0&quot;,&quot;credit&quot;:&quot;&quot;,&quot;camera&quot;:&quot;&quot;,&quot;caption&quot;:&quot;&quot;,&quot;created_timestamp&quot;:&quot;0&quot;,&quot;copyright&quot;:&quot;&quot;,&quot;focal_length&quot;:&quot;0&quot;,&quot;iso&quot;:&quot;0&quot;,&quot;shutter_speed&quot;:&quot;0&quot;,&quot;title&quot;:&quot;&quot;,&quot;orientation&quot;:&quot;0&quot;}\" data-image-title=\"Khalil Elahee\" data-image-description=\"\" data-image-caption=\"\" data-large-file=\"https:\/\/i0.wp.com\/www.mauritiustimes.com\/mt\/wp-content\/uploads\/2012\/02\/Khalil-Elahee.jpg?fit=640%2C401&amp;ssl=1\" class=\"aligncenter size-full wp-image-22383\" src=\"https:\/\/i0.wp.com\/www.mauritiustimes.com\/mt\/wp-content\/uploads\/2012\/02\/Khalil-Elahee.jpg?resize=640%2C401&#038;ssl=1\" alt=\"\" width=\"640\" height=\"401\" srcset=\"https:\/\/i0.wp.com\/www.mauritiustimes.com\/mt\/wp-content\/uploads\/2012\/02\/Khalil-Elahee.jpg?w=958&amp;ssl=1 958w, https:\/\/i0.wp.com\/www.mauritiustimes.com\/mt\/wp-content\/uploads\/2012\/02\/Khalil-Elahee.jpg?resize=300%2C188&amp;ssl=1 300w, https:\/\/i0.wp.com\/www.mauritiustimes.com\/mt\/wp-content\/uploads\/2012\/02\/Khalil-Elahee.jpg?resize=768%2C481&amp;ssl=1 768w\" sizes=\"auto, (max-width: 640px) 100vw, 640px\" \/> <\/u><\/strong><\/span><!--more--><\/p>\n<h2 style=\"text-align: center;\"><span style=\"color: #000000;\">\u2026 il faut nous laisser guider par nos principes et la r\u00e9alit\u00e9 de notre contexte, et non par l\u2019obsession de l\u2019image que nous projetons de nous-m\u00eames aux autres\u00a0\u00bb<\/span><\/h2>\n<hr \/>\n<p><span style=\"color: #000000;\"><strong>La r\u00e9forme \u00e9lectorale, en vue de l\u2019abolition du BLS, suscite bien des passions de bords diff\u00e9rents. Dans la classe politique, chacun apporte ses explications, certains proposent des solutions. Mais que pense le citoyen lambda de toute cette affaire\u00a0? Comment concilier repr\u00e9sentation ethnique et construction d\u2019une nation moderne, ins\u00e9curit\u00e9 des minorit\u00e9s ethniques et m\u00e9ritocratie\u00a0? Khalil Elahee, chercheur \u00e0 l\u2019Universit\u00e9 de Maurice, nous donne son avis sur la question\u2026<\/strong><\/span><\/p>\n<hr \/>\n<p><span style=\"color: #000000;\"><strong>Mauritius Times\u00a0: Alors que la perspective d\u2019une r\u00e9forme \u00e9lectorale semblait \u00eatre \u00e0 port\u00e9e de main, voil\u00e0 tout le d\u00e9bat d\u00e9plac\u00e9 du champ de la repr\u00e9sentation ad\u00e9quate des partis \u00e0 celui de la repr\u00e9sentation ad\u00e9quate des \u00e9quilibres ethniques. Les choses se compliquent et on se perd dans d&#8217;interminables discussions, cela malgr\u00e9 les pr\u00e9cisions \u2013 \u00ab\u00a0convaincantes\u00a0\u00bb selon certains analystes &#8212; de Rama Sithanen par rapport \u00e0 l\u2019incapacit\u00e9 du Best Loser System \u00e0 assurer seul cet \u00e9quilibre. Quelle est votre opinion \u00e0 propos de tout ce d\u00e9bat\u00a0?<\/strong><\/span><\/p>\n<p><span style=\"color: #000000;\">En tant que citoyen engag\u00e9, je suis interpell\u00e9 par ce qui se passe autour de nous. Ma foi est ce qui donne un sens \u00e0 mon cheminement et je suis interloqu\u00e9 par les propos de certains qui parlent \u00e0 ma place, pire au nom de toute une communaut\u00e9. Il faut, sans doute, clarifier tout le concept de \u201crepr\u00e9sentativit\u00e9\u2019\u2019. S\u2019il s\u2019agit de \u201ccommunaut\u00e9s de foi ou communaut\u00e9s religieuses\u2019\u2019, alors nous ne pourrons nous d\u00e9barrasser du BLS sous une forme ou une autre. Le d\u00e9bat ne pourra avancer que si nous pensons en termes de repr\u00e9sentativit\u00e9 locale, d\u2019une vraie d\u00e9mocratie participative et d\u2019une alternative au \u201cparty politics\u2019\u2019.<\/span><\/p>\n<p><span style=\"color: #000000;\"><strong>* Trouvez-vous que le gouvernement m\u00e8ne suffisamment de campagnes pour une question si importante aupr\u00e8s des citoyens mauriciens ? <\/strong><\/span><\/p>\n<p><span style=\"color: #000000;\">Il faut plus que des campagnes d\u2019explication. Il faut une approche \u201cbottom-up\u2019\u2019 o\u00f9 on \u00e9coute ce que veut la population. Il faut une consultation, des \u00e9changes \u00e0 la lumi\u00e8re de faits et de donn\u00e9es afin que les gens puissent former une opinion fond\u00e9e sur des informations pr\u00e9cises.<\/span><\/p>\n<p><span style=\"color: #000000;\">Les partis politiques et les groupes socio-religieux ne doivent pas s\u2019imposer comme interm\u00e9diaires incontournables, mais ils doivent uniquement agir comme des facilitateurs. C\u2019est incroyable, par exemple, l\u2019absence des jeunes dans l\u2019exercice de r\u00e9forme en place. Cela explique un peu pourquoi personne ne lutte pour la repr\u00e9sentativit\u00e9 de la jeunesse dans un nouveau syst\u00e8me \u00e9lectoral. C\u2019est symptomatique d\u2019un syst\u00e8me \u00e9ducation qui ne responsabilise pas suffisamment la future g\u00e9n\u00e9ration.<\/span><\/p>\n<p><span style=\"color: #000000;\"><strong>* La R\u00e9publique de Maurice est consid\u00e9r\u00e9e comme la plus grande d\u00e9mocratie de l\u2019Afrique. Dans quelle mesure les propositions en faveur du maintien du BLS affectent-elles notre image au niveau international, surtout celle d\u2019une R\u00e9publique tourn\u00e9e vers la modernit\u00e9 ou le futur Singapour de l\u2019oc\u00e9an Indien ?<\/strong><\/span><\/p>\n<p><span style=\"color: #000000;\">Je ne pense pas qu\u2019il faut diaboliser \u00e0 ce point le BLS. L\u2019Inde est la plus grande d\u00e9mocratie au monde et elle a des syst\u00e8mes de quotas o\u00f9 la repr\u00e9sentativit\u00e9 est non seulement communale mais cast\u00e9iste \u00e9galement. Ce m\u00e9canisme s\u2019\u00e9tend m\u00eame au recrutement dans le secteur public ou encore dans les universit\u00e9s.<\/span><\/p>\n<p><span style=\"color: #000000;\">Singapour a mis\u00e9 sur la m\u00e9ritocratie et la discipline mais elle n\u2019est pas la meilleure instance de d\u00e9mocratie. Je crois qu\u2019il faut nous laisser guider par nos principes et la r\u00e9alit\u00e9 de notre contexte, et non par l\u2019obsession de l\u2019image que nous projetons de nous-m\u00eames aux autres.<\/span><\/p>\n<p><span style=\"color: #000000;\"><strong>* Yousuf Mohamed rejette la proposition qui soutient que le BLS emp\u00eache la construction de la nation. \u00ab\u00a0Mais nous sommes d\u00e9j\u00e0 une nation,\u00a0\u00bb affirme-t-il. \u00ab\u00a0Certes, avec ses faiblesses, mais nous ne sommes ni le Liban, ni l\u2019Inde, ni le Pakistan. Nous sommes une \u00eele pluriethnique et paisible. Alors, \u00e7a d\u00e9range qui les Best Losers ?\u00a0\u00bb se demande-t-il. A-t-il tort\u00a0?<\/strong><\/span><\/p>\n<p><span style=\"color: #000000;\">Ma foi de musulman m\u2019interdit de ne penser que pour les Musulmans. Par exemple, c\u2019est inacceptable que toute une partie de notre peuple soit par d\u00e9faut qualifi\u00e9e de \u201cPopulation g\u00e9n\u00e9rale\u2019\u2019. Dois-je aussi comprendre que, selon cette logique, les d\u00e9put\u00e9s correctifs non-musulmans ne repr\u00e9sentent pas les Musulmans\u00a0? J\u2019ai m\u00eame dans ma circonscription \u00e0 Curepipe un tel d\u00e9put\u00e9 qui est aujourd\u2019hui ministre. Est-il uniquement un ministre pour les Sino-mauriciens ou pour la Population g\u00e9n\u00e9rale\u00a0?<\/span><\/p>\n<p><span style=\"color: #000000;\"><strong>* Allez-vous soutenir la demande de Mohamed p\u00e8re en faveur des garanties constitutionnelles pour assurer une repr\u00e9sentation ad\u00e9quate des minorit\u00e9s, y compris des Musulmans\u00a0? Ou pensez-vous qu\u2019il faudrait, dans un \u00e9lan d\u00e9mocratique, passer par un r\u00e9f\u00e9rendum pour que l\u2019ensemble de nos compatriotes puissent exprimer leur position sur soit l\u2019abolition du BLS ou le maintien du BLS\u00a0?<\/strong><\/span><\/p>\n<p><span style=\"color: #000000;\">Qui dit des demandes pour les minorit\u00e9s veut aussi dire des garanties, des acquis pour la majorit\u00e9. Je n\u2019arrive malheureusement pas \u00e0 comprendre cette logique. Ce n\u2019est pas avec le communalisme que nous combattrons le communalisme. Je respecte le contexte historique et je ne juge personne. Mais je pense que ceux qui ont lutt\u00e9 pour l\u2019ind\u00e9pendance avaient un contexte diff\u00e9rent que celui d\u2019aujourd\u2019hui. S\u2019ils \u00e9taient \u00e0 notre place, ils auraient agi diff\u00e9remment\u2026<\/span><\/p>\n<p><span style=\"color: #000000;\"><strong>* Par ailleurs, vous avez sans doute pris connaissance de cette proposition faite par Paul Berenger \u00e0 Navin Ramgoolam en vue de \u201cfaire un grand pas en avant\u2026 et de retirer l\u2019aspect communal de la r\u00e9forme \u00e9lectorale\u201d. Il la pr\u00e9sente sous forme de projet de loi proposant \u201csoit l\u2019abolition du Best Loser System, soit la diminution des best losers, soit l\u2019abolition du BLS \u00e0 titre exp\u00e9rimental, soit le maintien du BLS sans que les candidats n\u2019aient \u00e0 d\u00e9clarer leur appartenance ethnique\u201d ! En termes de \u00ab\u00a0clart\u00e9 et d\u2019absence d\u2019ambigu\u00eft\u00e9\u00a0\u00bb, on ne trouvera pas mieux\u00a0: il propose tout et son contraire en m\u00eame temps. Qu\u2019en pensez-vous\u00a0? <\/strong><\/span><\/p>\n<p><span style=\"color: #000000;\">Je souhaite vivement que les politiques consultent davantage la base, qu\u2019ils marchent dans les rues et \u00e9coutent les gens. Je peux vous dire qu\u2019il y a un monde de diff\u00e9rence entre ceux qui vont \u00e0 la Mosqu\u00e9e et les quelques-uns qui les dirigent. Effectivement, la question du BLS interpelle mais les gens ont d\u2019autres soucis quotidiens\u2026<\/span><\/p>\n<p><span style=\"color: #000000;\"><strong>* Au-del\u00e0 des craintes soulev\u00e9es chez beaucoup de nos compatriotes par rapport \u00e0 la perspective de l\u2019abolition du BLS, Lindsay Rivi\u00e8re de <\/strong><em><strong>l\u2019express <\/strong><\/em><strong>soutient que les difficult\u00e9s \u00e0 propos de la r\u00e9forme \u00e9lectorale s\u2019amplifient quand s\u2019y m\u00e9langent les calculs partisans des leaders de nos principaux partis. Ces derniers vont essayer \u00ab de se pi\u00e9ger mutuellement et de miner le terrain politique pour la suite des \u00e9v\u00e9nements \u00bb. Il a sans doute raison mais il me semble que l\u2019apparatchik, qu\u2019il soit rouge, mauve ou orange, n\u2019y peut rien visiblement &#8212; malgr\u00e9 ses convictions? Vos commentaires ?<\/strong><\/span><\/p>\n<p><span style=\"color: #000000;\">J\u2019ai vu le film hier \u201cLes hommes de l\u2019ombre\u2019\u2019. Si la politique se d\u00e9roule de cette fa\u00e7on, alors c\u2019est inqui\u00e9tant. Mais en tant qu\u2019\u00eatre humain qui fait l\u2019effort d\u2019\u00eatre fid\u00e8le \u00e0 sa foi, je crois qu\u2019il y a Quelqu\u2019un qui est au-dessus de toute chose et rien ne Le d\u00e9passe, m\u00eame les plans les plus machiav\u00e9liques.<\/span><\/p>\n<p><span style=\"color: #000000;\"><strong>* Autant donc dire qu\u2019il faut cette r\u00e9forme \u00e9lectorale pour consid\u00e9rer de nouveau toute la question de financement des partis politiques et des campagnes \u00e9lectorales, des pratiques \u00e9lectorales mais aussi de la d\u00e9mocratisation des partis politiques\u00a0? Il n\u2019y a pas que le communalisme, mais aussi la dictature des leaders avec laquelle il faudrait en finir, n\u2019est-ce pas\u00a0?<\/strong><\/span><\/p>\n<p><span style=\"color: #000000;\">Oui certainement, mais nous avons les leaders que nous m\u00e9ritons finalement. Je ne pense que qu\u2019il suffit de pointer du doigt le syst\u00e8me. Il y a un \u201cnoubanisme\u2019\u2019 primaire qui est en nous et que nous devons \u00e9viter de promouvoir.<\/span><\/p>\n<p><span style=\"color: #000000;\">La justice, la m\u00e9ritocratie et la transparence ne sont pas de vains mots pour moi, m\u00eame si beaucoup n\u2019y croient pas. Ce sont les choses qui donnent un sens \u00e0 mon existence, des principes qui ne sont pas n\u00e9gociables. L\u2019\u00e9preuve est un fait et il faudra lutter\u2026<\/span><\/p>\n<p><span style=\"color: #000000;\"><strong>* Tous les d\u00e9bats et les discussions autour de la repr\u00e9sentation ad\u00e9quate de la diversit\u00e9 ethnique \u00e0 Maurice, en particulier des minorit\u00e9s ethniques, et les passions soulev\u00e9es d\u00e9montrent comment il est difficile de construire une nation et probablement de g\u00e9rer la petite R\u00e9publique de Maurice, n\u2019est-ce pas ?<\/strong><\/span><\/p>\n<p><span style=\"color: #000000;\">C\u2019est l\u2019\u00e9preuve. Mark Twain n\u2019avait pas \u00e9crit que les habitants de l\u2019\u00eele sont les gens du Paradis\u00a0! Aussi je ne pense pas qu\u2019une nation est un \u00e9tat, un ph\u00e9nom\u00e8ne statique. Il faut un dynamisme d\u2019engagement afin d\u2019entretenir, \u00ab\u00a0sustain\u00a0\u00bb l\u2019id\u00e9al que nous poursuivons\u2026<\/span><\/p>\n<p><span style=\"color: #000000;\"><strong>* Que faire, selon vous, pour qu\u2019il y ait une place pour autre chose que de la passion ethnique \u00e0 Maurice ?<\/strong><\/span><\/p>\n<p><span style=\"color: #000000;\">Etre conscient que nous aurons \u00e0 rendre des comptes au Cr\u00e9ateur et cela peut arriver dans l\u2019instant qui suit\u00a0!<\/span><\/p>\n<hr \/>\n<p><span style=\"color: #008080;\"><em><span style=\"color: #008080;\">* Published in print edition on 10 February\u00a02012<\/span><\/em><\/span><\/p>\n","protected":false},"excerpt":{"rendered":"<p>Interview\u00a0: Khalil Elahee<\/p>\n","protected":false},"author":1,"featured_media":22383,"comment_status":"open","ping_status":"open","sticky":false,"template":"","format":"standard","meta":{"jetpack_post_was_ever_published":false,"_jetpack_newsletter_access":"","_jetpack_dont_email_post_to_subs":false,"_jetpack_newsletter_tier_id":0,"_jetpack_memberships_contains_paywalled_content":false,"_jetpack_memberships_contains_paid_content":false,"footnotes":"","jetpack_publicize_message":"","jetpack_publicize_feature_enabled":true,"jetpack_social_post_already_shared":false,"jetpack_social_options":{"image_generator_settings":{"template":"highway","default_image_id":0,"font":"","enabled":false},"version":2}},"categories":[32],"tags":[991,20200,795,643,36,50,49,14386,2995],"class_list":["post-1497","post","type-post","status-publish","format-standard","has-post-thumbnail","hentry","category-interviews","tag-best-loser-system","tag-interview-khalil-elahee","tag-lindsay-riviere","tag-mark-twain","tag-mauritius-times","tag-navin-ramgoolam","tag-paul-berenger","tag-population-generale","tag-yousuf-mohamed"],"jetpack_publicize_connections":[],"jetpack_featured_media_url":"https:\/\/i0.wp.com\/www.mauritiustimes.com\/mt\/wp-content\/uploads\/2012\/02\/Khalil-Elahee.jpg?fit=958%2C600&ssl=1","jetpack_sharing_enabled":true,"jetpack_shortlink":"https:\/\/wp.me\/p8QzSF-o9","_links":{"self":[{"href":"https:\/\/www.mauritiustimes.com\/mt\/wp-json\/wp\/v2\/posts\/1497","targetHints":{"allow":["GET"]}}],"collection":[{"href":"https:\/\/www.mauritiustimes.com\/mt\/wp-json\/wp\/v2\/posts"}],"about":[{"href":"https:\/\/www.mauritiustimes.com\/mt\/wp-json\/wp\/v2\/types\/post"}],"author":[{"embeddable":true,"href":"https:\/\/www.mauritiustimes.com\/mt\/wp-json\/wp\/v2\/users\/1"}],"replies":[{"embeddable":true,"href":"https:\/\/www.mauritiustimes.com\/mt\/wp-json\/wp\/v2\/comments?post=1497"}],"version-history":[{"count":0,"href":"https:\/\/www.mauritiustimes.com\/mt\/wp-json\/wp\/v2\/posts\/1497\/revisions"}],"wp:featuredmedia":[{"embeddable":true,"href":"https:\/\/www.mauritiustimes.com\/mt\/wp-json\/wp\/v2\/media\/22383"}],"wp:attachment":[{"href":"https:\/\/www.mauritiustimes.com\/mt\/wp-json\/wp\/v2\/media?parent=1497"}],"wp:term":[{"taxonomy":"category","embeddable":true,"href":"https:\/\/www.mauritiustimes.com\/mt\/wp-json\/wp\/v2\/categories?post=1497"},{"taxonomy":"post_tag","embeddable":true,"href":"https:\/\/www.mauritiustimes.com\/mt\/wp-json\/wp\/v2\/tags?post=1497"}],"curies":[{"name":"wp","href":"https:\/\/api.w.org\/{rel}","templated":true}]}}