{"id":1449,"date":"2012-01-13T08:02:08","date_gmt":"2012-01-13T08:02:08","guid":{"rendered":"http:\/\/mauritiustimes.com\/mt\/2012\/01\/13\/jack-bizlall-2\/"},"modified":"2019-11-27T11:37:10","modified_gmt":"2019-11-27T07:37:10","slug":"jack-bizlall-2","status":"publish","type":"post","link":"https:\/\/www.mauritiustimes.com\/mt\/jack-bizlall-2\/","title":{"rendered":"\u00ab\u00a0B\u00e9renger-Ramgoolam ont un int\u00e9r\u00eat commun: le pouvoir politique\u2026"},"content":{"rendered":"<h5 style=\"text-align: center;\"><span style=\"color: #ff0000;\"><u>Interview\u00a0: Jack Bizlall<\/u><\/span><\/h5>\n<h5 style=\"text-align: center;\"><span style=\"color: #ff0000;\"><u><img data-recalc-dims=\"1\" loading=\"lazy\" decoding=\"async\" data-attachment-id=\"12899\" data-permalink=\"https:\/\/www.mauritiustimes.com\/mt\/jack-bizlall-2\/jack-bizlall-6-2\/\" data-orig-file=\"https:\/\/i0.wp.com\/www.mauritiustimes.com\/mt\/wp-content\/uploads\/2018\/04\/Jack-Bizlall-6.jpg?fit=1200%2C830&amp;ssl=1\" data-orig-size=\"1200,830\" data-comments-opened=\"1\" data-image-meta=\"{&quot;aperture&quot;:&quot;0&quot;,&quot;credit&quot;:&quot;&quot;,&quot;camera&quot;:&quot;&quot;,&quot;caption&quot;:&quot;&quot;,&quot;created_timestamp&quot;:&quot;0&quot;,&quot;copyright&quot;:&quot;&quot;,&quot;focal_length&quot;:&quot;0&quot;,&quot;iso&quot;:&quot;0&quot;,&quot;shutter_speed&quot;:&quot;0&quot;,&quot;title&quot;:&quot;&quot;,&quot;orientation&quot;:&quot;0&quot;}\" data-image-title=\"Jack Bizlall 6\" data-image-description=\"\" data-image-caption=\"\" data-large-file=\"https:\/\/i0.wp.com\/www.mauritiustimes.com\/mt\/wp-content\/uploads\/2018\/04\/Jack-Bizlall-6.jpg?fit=640%2C443&amp;ssl=1\" class=\"aligncenter size-full wp-image-12899\" src=\"https:\/\/i0.wp.com\/www.mauritiustimes.com\/mt\/wp-content\/uploads\/2018\/04\/Jack-Bizlall-6.jpg?resize=640%2C443&#038;ssl=1\" alt=\"\" width=\"640\" height=\"443\" srcset=\"https:\/\/i0.wp.com\/www.mauritiustimes.com\/mt\/wp-content\/uploads\/2018\/04\/Jack-Bizlall-6.jpg?w=1200&amp;ssl=1 1200w, https:\/\/i0.wp.com\/www.mauritiustimes.com\/mt\/wp-content\/uploads\/2018\/04\/Jack-Bizlall-6.jpg?resize=300%2C208&amp;ssl=1 300w, https:\/\/i0.wp.com\/www.mauritiustimes.com\/mt\/wp-content\/uploads\/2018\/04\/Jack-Bizlall-6.jpg?resize=768%2C531&amp;ssl=1 768w, https:\/\/i0.wp.com\/www.mauritiustimes.com\/mt\/wp-content\/uploads\/2018\/04\/Jack-Bizlall-6.jpg?resize=1024%2C708&amp;ssl=1 1024w\" sizes=\"auto, (max-width: 640px) 100vw, 640px\" \/><\/u><\/span><!--more--><\/h5>\n<h2 style=\"text-align: center;\"><span style=\"color: #000000;\"><span style=\"color: #800000;\">\u2026 ils peuvent partager le pouvoir avec une constitution pr\u00e9sidentielle semi- monarchique\u00a0\u00bb<\/span><\/span><\/h2>\n<h3 style=\"text-align: center;\"><span style=\"color: #000000;\">\u00ab B\u00e9renger ne pourra jamais r\u00e9duire les Jugnauth. S\u2019il continue son petit jeu pouvoiriste et s\u2019il r\u00e9ussit, c\u2019est cette famille qui sortira gagnante dans quelques ann\u00e9es. \u00bb <\/span><\/h3>\n<hr \/>\n<p><span style=\"color: #000000;\"><strong>Chaque nouvelle ann\u00e9e apporte son lot d\u2019espoirs et d\u2019esp\u00e9rances. Y aura-t-il des changements majeurs ou la population de la R\u00e9publique de Maurice aura-t-elle \u00e0 se satisfaire des m\u00eames vieux d\u00e9bats et des \u00e9ternelles discussions tournant autour des deux protagonistes principaux qui dominent la sc\u00e8ne sur le plan politique, \u00e0 savoir le Premier ministre et le leader de l\u2019opposition\u00a0? Quelle sera la port\u00e9e des discours sur la r\u00e9forme \u00e9lectorale et quelles en seront les implications sur le plan social et \u00e9conomique pour nous\u00a0? Jack Bizlall r\u00e9pond \u00e0 nos questions.<\/strong><\/span><\/p>\n<hr \/>\n<p><span style=\"color: #000000;\"><strong>Mauritius Times\u00a0: Comment s\u2019annonce, \u00e0 votre avis, 2012 sur diff\u00e9rents plans &#8211; politique, social et \u00e9conomique\u00a0? Les astrologues eux pr\u00e9voient de v\u00e9ritables bouleversements, donc une ann\u00e9e chaude en perspective\u2026<\/strong><\/span><\/p>\n<p><span style=\"color: #000000;\"><strong>Jack Bizlall\u00a0: <\/strong>Je ne porte aucune attention \u00e0 l\u2019astrologie. Encore moins aux astrologues, aux devins, aux diseurs de bonne aventure et aux croque-morts qui souhaitent la mort des autres pour gagner leur vie. Nous vivons en soci\u00e9t\u00e9 et comme c\u2019est le cas chaque ann\u00e9e, nous vivrons en 2012 des moments agr\u00e9ables comme des moments d\u00e9sagr\u00e9ables tant en ce qui concerne notre vie personnelle qu\u2019en ce qui concerne notre vie en soci\u00e9t\u00e9. Il ne faut cependant \u00eatre ni complaisant ni alarmiste.<\/span><\/p>\n<p><span style=\"color: #000000;\">Ce qu\u2019il faut faire, c\u2019est comprendre dans quelle situation nous sommes et prendre des d\u00e9cisions pour rectifier les choses, corriger nos erreurs et surtout entrer en rupture avec ce qui n\u2019est pas raisonnable, ce qui n\u2019est pas acceptable et ce qui ne peut \u00eatre subi. Je ne regarde pas le monde en blanc et noir ou en termes de lutte entre le Bien et le Mal.<\/span><\/p>\n<p><span style=\"color: #000000;\">Personnellement, j\u2019analyse les choses et je prends position contre ce qui est inacceptable. Je m\u2019efforce de faire des propositions et d\u2019agir dans le sens de l\u2019alternative, du changement et de la rupture avec tout syst\u00e8me et toute personne responsable de nos probl\u00e8mes. Le reste, c\u2019est l\u2019action politique coh\u00e9rente, intelligente et r\u00e9alisable. Le reste, c\u2019est l\u2019action de masse, c\u2019est-\u00e0-dire l\u2019engagement de nous tous.<\/span><\/p>\n<p><span style=\"color: #000000;\">Sur le plan social, nous sommes au d\u00e9but d\u2019une fracture sociale depuis quelques ann\u00e9es et je rends Navin Ramgoolam personnellement responsable de cet \u00e9tat de la situation. Je souhaite que le gouvernement rectifie les choses ou que Ramgoolam quitte le pouvoir. Ramgoolam est malheureusement incapable de reconna\u00eetre ses erreurs et il ne partira pas de son plein gr\u00e9.<\/span><\/p>\n<p><span style=\"color: #000000;\">Sur le plan politique, je crois que B\u00e9renger nous harc\u00e8lera avec des \u00e9lections g\u00e9n\u00e9rales anticip\u00e9es sans rien proposer de concret sur le plan de l\u2019analyse et sur le plan de l\u2019alternative.<\/span><\/p>\n<p><span style=\"color: #000000;\">Sur le plan \u00e9conomique, nous continuerons \u00e0 vivre en nous endettant et en \u00ab\u00a0vendant le pays\u00a0\u00bb encore plus. Il arrivera un moment o\u00f9 il ne sera plus possible de rembourser nos dettes et il n\u2019y aura plus rien \u00e0 vendre et nous serons \u00ab\u00a0dans la m\u00e9lasse\u00a0\u00bb individuellement et socialement parlant.<\/span><\/p>\n<p><span style=\"color: #000000;\">L\u2019alternative \u00e9conomique se trouve dans l\u2019antith\u00e8se de cette politique. L\u2019alternative politique se trouve dans la cr\u00e9ation d\u2019une autre force politique. L\u2019alternative sociale se trouve dans le d\u00e9mant\u00e8lement de l\u2019h\u00e9g\u00e9monie capitaliste qui nous agresse. Si nous prenons ces dispositions d\u2019une fa\u00e7on consciente, 2012 peut effectivement \u00eatre une ann\u00e9e charni\u00e8re, une ann\u00e9e transitionnelle.<\/span><\/p>\n<p><span style=\"color: #000000;\"><strong>* 2012\u00a0sera aussi l\u2019ann\u00e9e de la confrontation, dit-on, en ce qui concerne les rapports entre le Pr\u00e9sident de la R\u00e9publique et le Premier ministre. Une confrontation in\u00e9vitable, affirme-t-on, qui coupera d\u00e9finitivement les ponts entre le PTr et le MSM<\/strong>.<strong> Qu\u2019en pensez-vous\u00a0?<\/strong><\/span><\/p>\n<p><span style=\"color: #000000;\">2012 sera d\u00e9finitivement une ann\u00e9e de confrontation. Je pense que diff\u00e9rents secteurs vont r\u00e9agir. La situation est intenable. Il y a quelques 700,000 personnes qui produisent des biens et des services dans notre pays. Les travailleurs r\u00e9agiront. Ils sont 550,000 et parmi eux il y a au moins 350,000 qui sont sous-r\u00e9mun\u00e9r\u00e9s et ils vivent dans l\u2019ins\u00e9curit\u00e9 de leur emploi. Les institutions qui r\u00e9gissent le monde du travail sont vendues au syst\u00e8me. Trois manifestations sont pr\u00e9vues pour le 17 janvier.<\/span><\/p>\n<p><span style=\"color: #000000;\">Par ailleurs, il y a presque 50,000 petits producteurs. Si les petits planteurs ne r\u00e9agissent pas, si les p\u00eacheurs ne r\u00e9agissent pas, si les fermiers ne r\u00e9agissent pas, ils dispara\u00eetront dans quelques ann\u00e9es. Nous avons quelque 40,000 ch\u00f4meurs qui n\u2019int\u00e9ressent personne. Pour le reste, c\u2019est le secteur informel avec des agressions presque journali\u00e8res contre ceux qui gagnent autrement leur vie. Avec l\u2019endettement, les prix qui augmentent et qui font monter le co\u00fbt de la vie, et surtout la cassure sociale, nous entrons dans un chaudron social.<\/span><\/p>\n<p><span style=\"color: #000000;\">Sur le plan social, le Pr\u00e9sident de la R\u00e9publique a pris quelques distances du Premier ministre &#8212; partiellement et d\u2019une fa\u00e7on man\u0153uvri\u00e8re. Je n\u2019ai absolument aucun respect pour la famille Jugnauth parce qu\u2019elle constitue d\u2019abord une oligarchie politique et parce que cette famille ne pense qu\u2019\u00e0 ses int\u00e9r\u00eats. Qu\u2019il y ait une cassure d\u00e9finitive entre le PTr et le MSM\u2026 je crois que c\u2019est dans l\u2019int\u00e9r\u00eat de la population.<\/span><\/p>\n<p><span style=\"color: #000000;\">Ce jeu politique entre Ramgoolam, les Jugnauth et B\u00e9renger a assez dur\u00e9. Ce que je trouve dramatique, c\u2019est que ce jeu d\u00e9tourne l\u2019attention de la population de ses probl\u00e8mes et la pousse \u00e0 penser que la solution se trouve dans une alliance entre le MMM et le PTr ou entre le MMM et le MSM.<\/span><\/p>\n<p><span style=\"color: #000000;\">Or il n\u2019y a aucune confrontation entre ces partis politiques sur la question de la fracture sociale. Donc, nous resterons dans l\u2019attentisme et s\u2019il y a des \u00e9lections g\u00e9n\u00e9rales, nous serons dans l\u2019alternance. Si la situation \u00e9clate, nous vivrons soit une r\u00e9volution politique ou une r\u00e9volte sociale.<\/span><\/p>\n<p><span style=\"color: #000000;\">Toutefois, le fait demeure que nous avons surtout besoin d\u2019une rupture politique, sociale et \u00e9conomique dans le cadre d\u2019une alternative construite par une nouvelle force politique.<\/span><\/p>\n<p><span style=\"color: #000000;\"><strong>* 2012\u00a0: ann\u00e9e de confrontation, mais il s\u2019agit d\u2019une confrontation redout\u00e9e, plus particuli\u00e8rement par les partisans du MSM qui voient avec appr\u00e9hension leur parti livr\u00e9 pieds et poings au MMM qui semble, ces derniers temps, vouloir r\u00e9duire ce parti \u00e0 sa plus simple valeur\u2026<\/strong><\/span><\/p>\n<p><span style=\"color: #000000;\">J\u2019ai d\u00e9j\u00e0 dit que le MSM ne repr\u00e9sente que 4-6% de l\u2019\u00e9lectorat. Mais ce que je n\u2019ai pas encore dit, c\u2019est que les partisans du MSM constituent une force politique importante dans la mesure o\u00f9 quelques 40,000 \u00e0 45,000 \u00e9lecteurs, soit quelque 8,000 familles environ soutiennent une famille et non pas le MSM. Ni Ramgoolam, ni Berenger n\u2019ont un tel soutien. Fort heureusement\u00a0! (Pour des raisons qu\u2019il serait trop long d\u2019expliquer dans une interview).<\/span><\/p>\n<p><span style=\"color: #000000;\">En sus de cela, la famille Jugnauth a des moyens financiers colossaux \u00e0 sa disposition. Comprendre ce que repr\u00e9sente la famille Jugnauth n\u2019est point facile. Je dois \u00e0 Lindsay Rivi\u00e8re, alors qu\u2019il \u00e9tait au journal <em>Le Mauricien<\/em>, mon analyse de cette famille.<\/span><\/p>\n<p><span style=\"color: #000000;\">Ramgoolam a fait une erreur politique grave en s\u2019associant aux Jugnauth et en maintenant Aneerood Jugnauth au R\u00e9duit. B\u00e9renger fera une erreur monumentale en voulant, \u00e0 tout prix et par tous les moyens, provoquer des \u00e9lections g\u00e9n\u00e9rales en associant le MMM \u00e0 la famille Jugnauth.<\/span><\/p>\n<p><span style=\"color: #000000;\">B\u00e9renger ne pourra jamais r\u00e9duire les Jugnauth. S\u2019il continue son petit jeu pouvoiriste et s\u2019il r\u00e9ussit, c\u2019est cette famille qui en sortira gagnante dans quelques ann\u00e9es et nous aurons une oligarchie au-dessus de nous. B\u00e9renger ne sera plus de ce monde. Moi non plus. C\u2019est pour cela que je me bats pour pr\u00e9server la nature r\u00e9publicaine de notre soci\u00e9t\u00e9.<\/span><\/p>\n<p><span style=\"color: #000000;\"><strong>* La facture r\u00e9clam\u00e9e par le leader du MMM aux Jugnauth\u00a0s\u2019allonge de semaine en semaine\u00a0: apr\u00e8s le maintien du <em>Best Loser System<\/em>, l\u2019exigence concernant le retour du p\u00e8re aux d\u00e9pens du fils \u00e0 la t\u00eate du MSM. B\u00e9renger reviendra sans doute \u00e0 de meilleurs sentiments\u00a0au bout de quelques semaines: alliance MMM-MSM certes, mais sans partage \u00e9gal du nombre des investitures &#8212; et du <em>prime ministership. <\/em>Pr\u00e9visible ce Paul B\u00e9renger, n\u2019est-ce pas\u00a0?<\/strong><\/span><\/p>\n<p><span style=\"color: #000000;\">Je pense que l\u2019on ne conna\u00eet pas assez B\u00e9renger. Il a de grandes qualit\u00e9s que je respecte. J\u2019en parlerai un jour (car le moment n\u2019est pas opportun). Mais il est avant tout un pulsionnel du pouvoir. C\u2019est une maladie dont il souffre depuis des ann\u00e9es. Une pulsion, c\u2019est quoi d\u2019autre sinon une force psychique que l\u2019on ne peut att\u00e9nuer que par son assouvissement. Excusez l\u2019analogie, c\u2019est ce qui se passe chez un cleptomane, un pyromane ou un m\u00e9galomane, entre autres.<\/span><\/p>\n<p><span style=\"color: #000000;\">B\u00e9renger ne s\u2019int\u00e9resse pas au poste de Premier ministre. Il a trop peur de beaucoup de choses. Ce qui l\u2019int\u00e9resse, c\u2019est de pouvoir tout diriger. Si vous suivez son itin\u00e9raire, ses d\u00e9cisions pour parachuter ceux qu\u2019il croit \u00eatre des imb\u00e9ciles \u00e0 la t\u00eate du MMM, ses alliances politiques avec Ramgoolam et les Jugnauth, vous comprendrez ce que j\u2019avance. Est-il conscient de ce dont il souffre\u00a0? Difficile \u00e0 dire.<\/span><\/p>\n<p><span style=\"color: #000000;\">Mais je crois qu\u2019\u00e0 la fin de ses jours, il ne veut rien partager avec qui que ce soit. Son choix portant sur Anerood Jugnauth au lieu de Pravind Jugnauth n\u2019est pas sans fondement. Anerood Jugnauth, Premier ministre, ne sera en aucun cas le m\u00eame que celui qui a \u00e9t\u00e9 Premier ministre dans le pass\u00e9. Trop vieux et surtout d\u00e9pass\u00e9 par les enjeux politiques contemporains. Son discours pour la No\u00ebl est r\u00e9v\u00e9lateur de son incapacit\u00e9 de comprendre ce qui se passe dans notre pays.<\/span><\/p>\n<p><span style=\"color: #000000;\">La petitesse d\u2019esprit de la MBC a d\u00e9tourn\u00e9 l\u2019attention du public d\u2019un discours qui aurait eu un effet boomerang sur son auteur. Par exemple, tout le monde a oubli\u00e9 MedPoint alors que l\u2019on qualifie cette affaire de scandale du si\u00e8cle. Le public sait-il et se pose-t-il des questions pour savoir avec quel argent le Sun Trust a \u00e9t\u00e9 construit\u00a0?<\/span><\/p>\n<p><span style=\"color: #000000;\"><strong>* On \u00e9crivait dans nos colonnes en mars 2010 que \u00ab\u00a0Pravind Jugnauth dispose personnellement de quelques s\u00e9rieux atouts\u00a0: un nom, un tr\u00e9sor de guerre et la jeunesse. Il y a aussi le ph\u00e9nom\u00e8ne d\u2019usure du pouvoir et la logique d\u2019alternance qui joueront en sa faveur. De plus, il pourra compter sur une partie de l\u2019\u00e9lectorat mauve s\u2019il sait bien s\u2019y prendre\u2026\u00a0\u00bb Les donn\u00e9es ont chang\u00e9. D\u00e9finitivement, selon vous\u00a0? <\/strong><\/span><\/p>\n<p><span style=\"color: #000000;\">C\u2019est effectivement les atouts de Pravind Jugnauth. Il faut ajouter la photo de maman sur les billets et le r\u00f4le de maman dans les coulisses du pouvoir. Vous avez une lecture int\u00e9ressante de ce que repr\u00e9sente l\u2019h\u00e9ritier de la famille Jugnauth. Voil\u00e0 la r\u00e9alit\u00e9 que les gens refusent de voir et encore moins de refuser.<\/span><\/p>\n<p><span style=\"color: #000000;\">Ce n\u2019est pas B\u00e9renger qui se pose en obstacle \u00e0 Pravind Jugnauth. C\u2019est Anerood Jugnauth. Une oligarchie fonctionne diff\u00e9remment. Il faut que le p\u00e8re disparaisse pour que le prince h\u00e9ritier soit port\u00e9 au pouvoir. Pravind Jugnauth est oblig\u00e9 d\u2019attendre d\u2019une fa\u00e7on ou d\u2019une autre. Il n\u2019a aucun choix. Tous les dirigeants du MSM et les familles qui soutiennent cette famille doivent all\u00e9geance \u00e0 Anerood Jugnauth et non pas \u00e0 Pravind Jugnauth.<\/span><\/p>\n<p><span style=\"color: #000000;\">Dans une oligarchie, le fils souffre plus qu\u2019il n\u2019en faut du complexe d\u2019\u0152dipe. Dans une soci\u00e9t\u00e9 moderne, on ne lui pardonnera pas de vouloir d\u00e9tr\u00f4ner son p\u00e8re. La destitution de son oncle pose d\u00e9j\u00e0 un probl\u00e8me dans le cadre d\u2019une alliance avec le MMM.<\/span><\/p>\n<p><span style=\"color: #000000;\"><strong>* Ce qui est \u00e9galement pr\u00e9visible, c\u2019est la strat\u00e9gie du leader du MMM qui ne fait qu\u2019employer celle utilis\u00e9e par Navin Ramgoolam de 2005 \u00e0 2010. Car le sc\u00e9nario id\u00e9al pour le MMM, ce serait une lutte \u00e0 trois, et c\u2019est ce qu\u2019il s\u2019efforce d\u2019accomplir\u00a0en essayant de maintenir le PTr et le MSM s\u00e9par\u00e9 l\u2019un de l\u2019autre. Faites-vous la m\u00eame lecture\u00a0?<\/strong><\/span><\/p>\n<p><span style=\"color: #000000;\">Une lutte \u00e0 trois serait la r\u00e9p\u00e9tition des \u00e9lections g\u00e9n\u00e9rales de 1976 o\u00f9 le MMM n\u2019avait pas \u00e9t\u00e9 port\u00e9 au pouvoir. On aurait d\u00fb, comme propos\u00e9 \u00e0 l\u2019\u00e9poque, forcer les choses en mobilisant la population devant l\u2019Assembl\u00e9e nationale pour assumer le pouvoir par la force politique du MMM.<\/span><\/p>\n<p><span style=\"color: #000000;\">C\u2019est dommage que Neil Komul et le d\u00e9put\u00e9 Ramoly du PMSD soient d\u00e9c\u00e9d\u00e9s, et que personne n\u2019a jusqu\u2019ici racont\u00e9 les n\u00e9gociations entre la direction du MMM avec le PMSD ou le PTr.<\/span><\/p>\n<p><span style=\"color: #000000;\">Croyez-vous que la politique \u00e0 Maurice se joue par des tractations pareilles\u00a0? M\u00eame avec un 60-0, le MMM n\u2019a pas tenu longtemps en 1982. Ce sc\u00e9nario est hors jeu. B\u00e9renger ne souhaite pas que le MMM dirige seul le pays. Quoi qu\u2019il arrive, m\u00eame dans le cas des \u00e9lections g\u00e9n\u00e9rales \u00e0 trois, le MMM recherchera une alliance \u00e9lectorale c&#8217;est-\u00e0-dire avant ou apr\u00e8s les \u00e9lections. Or, il est plus rationnel de rechercher des alliances avant qu\u2019apr\u00e8s.<\/span><\/p>\n<p><span style=\"color: #000000;\">Mais il y a un hic. Pour qu\u2019il y ait des \u00e9lections g\u00e9n\u00e9rales, il faut que Ramgoolam soit pouss\u00e9 \u00e0 quitter le pouvoir. B\u00e9renger a fait avaler l\u2019incompr\u00e9hensible en poussant le MSM hors du gouvernement avec l\u2019affaire MedPoint, pour ensuite n\u00e9gocier une alliance avec cette famille. Le public a aval\u00e9 cette pilule avec l\u2019aide d\u2019un journal en particulier.<\/span><\/p>\n<p><span style=\"color: #000000;\">Il sait tr\u00e8s bien que forcer Ramgoolam hors du pouvoir, pour ensuite s\u2019allier avec le PTr, n\u2019est pas chose possible en ce moment. Cependant, il a pris l\u2019initiative de faire l\u2019apologie du PTr pour d\u00e9velopper l\u2019id\u00e9e d\u2019une alliance MMM-PTr et forcer une alliance avec Ramgoolam. Il a eu un lapsus qui r\u00e9v\u00e8le son \u00e9tat d\u2019\u00e2me.<\/span><\/p>\n<p><span style=\"color: #000000;\">Ramgoolam a plusieurs cartes en main. La plus importante, c\u2019est de pouvoir anticiper les choses et dissoudre\u00a0l\u2019Assembl\u00e9e nationale s\u2019il y a des indications qu\u2019il pourrait se retrouver en minorit\u00e9. Je crois que c\u2019est en Australie qu\u2019une telle d\u00e9cision n\u2019a pas \u00e9t\u00e9 ent\u00e9rin\u00e9e par le Gouverneur g\u00e9n\u00e9ral de ce pays. Ici, dans le cadre actuel des choses, si une telle chose a lieu, ce serait la crise politique la plus aigu\u00eb que personne ne recherche, d\u2019o\u00f9 la pression de B\u00e9renger afin de forcer Anerood Jugnauth \u00e0 d\u00e9missionner.<\/span><\/p>\n<p><span style=\"color: #000000;\">Permettez-moi de vous demander de publier ce qu\u2019Anerood Jugnauth avait dit quand Cassam Uteem a voulu faire de la politique active. Ce qui n\u2019avait pas \u00e9t\u00e9 possible pour Uteem est pr\u00e9sent\u00e9 comme possible pour Anerood Jugnauth par une certaine presse. Demander donc \u00e0 Kasenally ce qu\u2019il avait conseill\u00e9 au MMM quand on avait voulu mettre Anerood Jugnauth en minorit\u00e9 en 1983 et ce qui s\u2019est pass\u00e9 par la suite.<\/span><\/p>\n<p><span style=\"color: #000000;\"><strong>* Par ailleurs, il semble de plus en plus que le projet de r\u00e9forme \u00e9lectorale \u00e0 la Carcassonne sera renvoy\u00e9 au fond d\u2019un tiroir (c\u2019est un \u00ab\u00a0mort-n\u00e9, dixit le leader du MMM), et les politiques vont revenir \u00e0 leurs vieilles habitudes \u2013 <em>tried and tested<\/em>, comme dirait l\u2019Anglais \u2013 et se remettre \u00e0 tourner en cercle autour de la chaise musicale jusqu\u2019\u00e0 ce que la musique s\u2019arr\u00eate, n\u2019est-ce pas\u00a0?<\/strong><\/span><\/p>\n<p><span style=\"color: #000000;\">Avant que B\u00e9renger n\u2019exprime sa position sur le Rapport Carcassonne, j\u2019avais d\u00e9clar\u00e9 dans le journal <em>Week End<\/em> &#8211; et j\u2019avais soutenu ma position par des arguments politiques &#8211; que ce rapport doit \u00eatre jet\u00e9 \u00e0 la poubelle.<\/span><\/p>\n<p><span style=\"color: #000000;\">Deux personnes monopolisent le d\u00e9bat politique. Navin Ramgoolam ne s\u2019est jamais int\u00e9ress\u00e9 \u00e0 la politique. Il est rentr\u00e9 en pays conquis comme h\u00e9ritier de son p\u00e8re. Il ne fait pas d\u2019efforts pour \u00eatre cr\u00e9atif et acqu\u00e9rir un savoir-faire. Le plus grave, c\u2019est qu\u2019il est en train de d\u00e9truire ce que son p\u00e8re a construit. Dans quelques ann\u00e9es, il ne restera rien du bonhomme et, dans un certain sens, Ramgoolam entrera dans l\u2019Histoire comme celui qui a fait sortir son p\u00e8re de l\u2019Histoire.<\/span><\/p>\n<p><span style=\"color: #000000;\">B\u00e9renger, par contre, avait une avance consid\u00e9rable sur les jeunes de sa g\u00e9n\u00e9ration, tant sur le plan intellectuel que sur le plan de l\u2019engagement. Il a consid\u00e9rablement r\u00e9gress\u00e9. Il peut affirmer qu\u2019il a \u00e9t\u00e9 l\u2019initiateur de plusieurs d\u00e9cisions politiques depuis qu\u2019il a quitt\u00e9 le monde syndical pour s\u2019engager en politique. Mais si on doit le juger en tant qu\u2019homme de gauche, il n\u2019y a rien, absolument rien, de valable sur le plan de changement politique depuis 1982. Pour avoir \u00e9t\u00e9 son ami et pour avoir \u00e9t\u00e9 membre du MMM, cela me fait de la peine de lire ses positions politiques. Il reste un fin tacticien, mais un tr\u00e8s mauvais strat\u00e8ge.<\/span><\/p>\n<p><span style=\"color: #000000;\">J\u2019ai toujours cru, qu\u2019arriv\u00e9 \u00e0 un certain \u00e2ge, les gens font un bilan de leur vie et rectifie le tir. Malheureusement ce n\u2019est pas le cas pour B\u00e9renger, Bappoo, Beebeejaun, etc. C\u2019est navrant. <em>Musical chair<\/em>, dites-vous ? C\u2019est vrai. Mais c\u2019est aussi et surtout une danse macabre.<\/span><\/p>\n<p><span style=\"color: #000000;\">Nous aurions d\u00fb passer \u00e0 la deuxi\u00e8me r\u00e9publique et changer les choses. Nous sommes toujours en train de d\u00e9battre du syst\u00e8me \u00e9lectoral. Le <em>best loser system<\/em> nous fait un tort immense de par sa nature ethnique. Nous allons nous faire encore plus de mal en suivant la logique du Rapport Carcassonne. Comment convaincre nos dirigeants que la solution est ailleurs\u00a0? Il faut mobiliser la population sur l\u2019alternative.<\/span><\/p>\n<p><span style=\"color: #000000;\"><strong>* Qu\u2019en sera-t-il, dans ces conditions, du \u00ab\u00a0scandale du si\u00e8cle\u00a0\u00bb\u00a0? Vous savez que c&#8217;est en ces termes que Paul B\u00e9renger avait qualifi\u00e9 l&#8217;achat de la clinique MedPoint par l&#8217;Etat. Il nous semble que les dirigeants du MMM et du PTr ne privil\u00e9gieraient pas vraiment un d\u00e9nouement rapide de cette affaire. Qu\u2019en pensez-vous\u00a0?<\/strong><\/span><\/p>\n<p><span style=\"color: #000000;\">J\u2019ai lu un document \u00e9crit par John Doe sur l\u2019histoire initiale de MedPoint. Ce n\u2019est pas le scandale du si\u00e8cle. B\u00e9renger a l\u2019habitude d\u2019utiliser le superlatif et l\u2019exag\u00e9ration pour se donner de l&#8217;importance. MedPoint n&#8217;est que la partie visible de l\u2019iceberg.<\/span><\/p>\n<p><span style=\"color: #000000;\">Dans une interview \u00e0 votre journal, j\u2019avais parl\u00e9 de la cassure du contrat entre MedPoint et le gouvernement. Il n\u2019y avait pas d\u2019autre solution. Mais je crains fort que la SICOM ait d\u00e9j\u00e0 investi de l\u2019argent dans la clinique. J\u2019ai appris que des travaux y ont \u00e9t\u00e9 effectu\u00e9s, ce qui rend cette cassure impossible.<\/span><\/p>\n<p><span style=\"color: #000000;\">Il ne reste qu\u2019une seule possibilit\u00e9: une commission d\u2019enqu\u00eate nomm\u00e9e par le Pr\u00e9sident de la R\u00e9publique \u00e0 la demande du Premier ministre. Le fait m\u00eame que le Premier ministre n\u2019ait pas opt\u00e9 pour cette solution me donne l\u2019impression qu\u2019il y a anguille sous roche. J\u2019ai d\u00e9j\u00e0 dit que Ramgoolam ne peut pas dire qu\u2019il ne sait rien de toute cette affaire. Avec une majorit\u00e9 marginale, il se retrouverait en grande difficult\u00e9 si l\u2019on apprend qu\u2019un ou deux ministres de son gouvernement y sont impliqu\u00e9s.<\/span><\/p>\n<p><span style=\"color: #000000;\">John Doe poursuit son enqu\u00eate. Attendons voir.<\/span><\/p>\n<p><span style=\"color: #000000;\"><strong>* De toute \u00e9vidence, c\u2019est Paul B\u00e9renger qui, valeur du jour, d\u00e9tient pratiquement toutes les cartes en main. En l\u2019absence d\u2019une redistribution des cartes politiques d\u2019ici 2015, Navin Ramgoolam s\u2019efforcera de sauvegarder sa majorit\u00e9 jusqu\u2019\u00e0 la fin de son mandat. Parviendra-t-il, selon vous\u00a0?<\/strong><\/span><\/p>\n<p><span style=\"color: #000000;\">La seule carte que d\u00e9tient B\u00e9renger est celle de son r\u00f4le de <em>Leader of Opposition<\/em>. S\u2019il restructure le MMM, nomme un cabinet fant\u00f4me, fait fonctionner les commissions politiques du MMM, mobilise son organisation sur la r\u00e9daction d\u2019un nouveau programme politique, il aura alors une cr\u00e9dibilit\u00e9 qu\u2019il a perdu depuis son altercation idiote avec Lollbeeharry de la GTU et son association &#8212; apr\u00e8s cet incident &#8212; avec l\u2019oligarchie sucri\u00e8re.<\/span><\/p>\n<p><span style=\"color: #000000;\">Aujourd\u2019hui, il agit comme s\u2019il ne sait pas quoi faire. Il rencontre Ramgoolam, les Jugnauth, Sithanen\u2026 discute alliance avec tout le monde. Il s\u00e8me le trouble dans ses rangs et dans la population, et pire, emp\u00eache les autres d\u2019agir. Il ne d\u00e9tient aucune carte en main. C\u2019est une perception qu\u2019il entretient dans l\u2019inconscient collectif.<\/span><\/p>\n<p><span style=\"color: #000000;\">Ramgoolam, de son cot\u00e9, contr\u00f4le le PTr comme jamais ce parti politique n\u2019a \u00e9t\u00e9 contr\u00f4l\u00e9 dans le pass\u00e9. Il contr\u00f4le bien plus son gouvernement qu\u2019il ne pouvait le faire \u00e0 l\u2019\u00e9poque de son alliance avec le MSM. Je le vois tenir jusqu&#8217;\u00e0 2015 sans probl\u00e8me.<\/span><\/p>\n<p><span style=\"color: #000000;\">Son d\u00e9part ne peut \u00eatre assur\u00e9 que par l\u2019opposition de masse. Pour arriver \u00e0 faire cela, il faut contourner la MBC-TV et d\u00e9manteler son r\u00e9seau de communication extra \u00e9tatique. Or Dawood Rawat est en train de contr\u00f4ler les m\u00e9dias. Il a d\u00e9j\u00e0 des int\u00e9r\u00eats dans des radios priv\u00e9es, et il contr\u00f4le plusieurs publications.<\/span><\/p>\n<p><span style=\"color: #000000;\"><strong>* Un remake PTr-MMM serait dans l\u2019int\u00e9r\u00eat du pays, nous disent les \u00ab\u00a0rouges\u00a0\u00bb au sein du MMM. \u00ab\u00a0M\u00eame combat\u2026\u00a0deux partis n\u00e9s dans la lutte et non au pouvoir\u00a0\u00bb, a ajout\u00e9 le leader des Travaillistes. Reste \u00e0 voir si Paul B\u00e9renger partage le m\u00eame avis. Qu\u2019en pensez-vous\u00a0? <\/strong><\/span><\/p>\n<p><span style=\"color: #000000;\">Le PTr est mort. Il est tout au moins dans un coma qui perdure. Le MMM est scl\u00e9ros\u00e9. Une alliance MMM-PTr serait une alliance incapable d\u2019assumer quoi que ce soit. Parlons plut\u00f4t d\u2019une alliance B\u00e9renger-Ramgoolam. Ce sont deux personnes qui ont un int\u00e9r\u00eat commun: le pouvoir politique. Ils peuvent partager le pouvoir avec une Constitution pr\u00e9sidentielle semi-monarchique. C\u2019est ce qu\u2019ils souhaitent au fond. Ce sont deux grands amis qui se connaissent et qui sont aussi voisins. Ils savent tout sur l\u2019autre. Je dis bien tout.<\/span><\/p>\n<p><span style=\"color: #000000;\">Mais, il y a toujours un mais, les deux ont une pratique totalement diff\u00e9rente de l\u2019exercice du pouvoir. B\u00e9renger est un homme de dossier, plus technocrate que politicien. Ramgoolam est plus politicien qu\u2019autre chose. Ramgoolam est un bon communicateur, B\u00e9renger ne se soucie pas de ce que les autres pensent. Ces deux hommes sont totalement diff\u00e9rents. Les deux sont hypocrites dans leurs rapports.<\/span><\/p>\n<p><span style=\"color: #000000;\">J\u2019ai le droit de me poser la question suivante\u00a0: jusqu&#8217;\u00e0 quand vont-ils d\u00e9cider \u00e0 notre place\u00a0? Aucun dirigeant politique n\u2019est \u00e9ternel. Il faudra bien qu\u2019ils partent un jour. Pourquoi pas maintenant\u00a0? Ni l\u2019un ni l\u2019autre n\u2019ont l\u2019ouverture d\u2019esprit et l\u2019humilit\u00e9 d\u2019un Mandela ou d\u2019un Nyerere. Dans les faits, nous avons affaire \u00e0 une association \u00e9ventuelle entre un chimpanz\u00e9 et un bonobo. Le Darwinisme affirme que l\u2019\u00e9volution est irr\u00e9versible mais j\u2019ai l\u2019impression que nous r\u00e9gressons vers la plan\u00e8te des singes en regardant ce qui se passe \u00e0 Maurice et ailleurs.<\/span><\/p>\n<hr \/>\n<p><span style=\"color: #008080;\"><em>* Published in print edition on 13 January 2012<\/em><\/span><\/p>\n","protected":false},"excerpt":{"rendered":"<p>Interview\u00a0: Jack Bizlall<\/p>\n","protected":false},"author":1,"featured_media":12899,"comment_status":"open","ping_status":"open","sticky":false,"template":"","format":"standard","meta":{"jetpack_post_was_ever_published":false,"_jetpack_newsletter_access":"","_jetpack_dont_email_post_to_subs":false,"_jetpack_newsletter_tier_id":0,"_jetpack_memberships_contains_paywalled_content":false,"_jetpack_memberships_contains_paid_content":false,"footnotes":"","jetpack_publicize_message":"","jetpack_publicize_feature_enabled":true,"jetpack_social_post_already_shared":false,"jetpack_social_options":{"image_generator_settings":{"template":"highway","default_image_id":0,"font":"","enabled":false},"version":2}},"categories":[32],"tags":[284,20325,12393,10462,991,381,12469,795,787,280,50,20323,323,48,12251,813,2124,20324,10789],"class_list":["post-1449","post","type-post","status-publish","format-standard","has-post-thumbnail","hentry","category-interviews","tag-anerood-jugnauth","tag-bappoo","tag-beebeejaun","tag-berenger-ramgoolam","tag-best-loser-system","tag-interview-jack-bizlall","tag-leader-of-opposition","tag-lindsay-riviere","tag-medpoint","tag-msm","tag-navin-ramgoolam","tag-neil-komul","tag-pmsd","tag-pravind-jugnauth","tag-president-de-la-republique","tag-ptr","tag-ptr-mmm","tag-ramoly","tag-republique-de-maurice"],"jetpack_publicize_connections":[],"jetpack_featured_media_url":"https:\/\/i0.wp.com\/www.mauritiustimes.com\/mt\/wp-content\/uploads\/2018\/04\/Jack-Bizlall-6.jpg?fit=1200%2C830&ssl=1","jetpack_sharing_enabled":true,"jetpack_shortlink":"https:\/\/wp.me\/p8QzSF-nn","_links":{"self":[{"href":"https:\/\/www.mauritiustimes.com\/mt\/wp-json\/wp\/v2\/posts\/1449","targetHints":{"allow":["GET"]}}],"collection":[{"href":"https:\/\/www.mauritiustimes.com\/mt\/wp-json\/wp\/v2\/posts"}],"about":[{"href":"https:\/\/www.mauritiustimes.com\/mt\/wp-json\/wp\/v2\/types\/post"}],"author":[{"embeddable":true,"href":"https:\/\/www.mauritiustimes.com\/mt\/wp-json\/wp\/v2\/users\/1"}],"replies":[{"embeddable":true,"href":"https:\/\/www.mauritiustimes.com\/mt\/wp-json\/wp\/v2\/comments?post=1449"}],"version-history":[{"count":0,"href":"https:\/\/www.mauritiustimes.com\/mt\/wp-json\/wp\/v2\/posts\/1449\/revisions"}],"wp:featuredmedia":[{"embeddable":true,"href":"https:\/\/www.mauritiustimes.com\/mt\/wp-json\/wp\/v2\/media\/12899"}],"wp:attachment":[{"href":"https:\/\/www.mauritiustimes.com\/mt\/wp-json\/wp\/v2\/media?parent=1449"}],"wp:term":[{"taxonomy":"category","embeddable":true,"href":"https:\/\/www.mauritiustimes.com\/mt\/wp-json\/wp\/v2\/categories?post=1449"},{"taxonomy":"post_tag","embeddable":true,"href":"https:\/\/www.mauritiustimes.com\/mt\/wp-json\/wp\/v2\/tags?post=1449"}],"curies":[{"name":"wp","href":"https:\/\/api.w.org\/{rel}","templated":true}]}}