{"id":1245,"date":"2011-09-16T06:30:20","date_gmt":"2011-09-16T06:30:20","guid":{"rendered":"http:\/\/mauritiustimes.com\/mt\/2011\/09\/16\/jean-baptiste-placca-30\/"},"modified":"2019-12-15T21:40:34","modified_gmt":"2019-12-15T17:40:34","slug":"jean-baptiste-placca-30","status":"publish","type":"post","link":"https:\/\/www.mauritiustimes.com\/mt\/jean-baptiste-placca-30\/","title":{"rendered":"Lybie\u00a0: Quand les Noirs \u00ab paient \u00bb pour Kadhafi\u00a0"},"content":{"rendered":"<h5 style=\"text-align: center;\"><span style=\"color: #000000;\"><u>Chronique de Jean-Baptiste Placca <\/u><\/span><!--more--><\/h5>\n<p><span style=\"color: #000000;\"><strong>Devant la joie d\u00e9bordante du peuple libyen, ivre du simple bonheur d\u2019en avoir fini avec le colonel Kadhafi, la d\u00e9cence commande de taire un peu les querelles africaines sur la l\u00e9galit\u00e9 des interventions ext\u00e9rieures. Pour entendre la m\u00e9lodie de la d\u00e9livrance, qui \u00e9mane des flots humains convergeant vers Tripoli, il faut faire silence.<\/strong><\/span><\/p>\n<p><span style=\"color: #000000;\">Certes, la fracture demeure entre ceux qui ne voudront prendre en compte que la possibilit\u00e9 enfin offerte au peuple libyen de se lancer \u00e0 la conqu\u00eate de la d\u00e9mocratie, et ceux qui n\u2019en finissent pas de r\u00e9prouver le r\u00f4le de l\u2019Occident dans la guerre qui a permis aux rebelles de venir \u00e0 bout du r\u00e9gime du <em>\u00ab Fr\u00e8re Guide \u00bb<\/em>.<\/span><br \/>\n<span style=\"color: #000000;\">Apr\u00e8s la chute de Ben Ali puis de Moubarak, le colonel avait encore la possibilit\u00e9 de prendre les devants, avec des initiatives d\u2019ouverture d\u00e9mocratique. Pour n\u2019avoir pas su offrir \u00e0 son peuple un peu de la libert\u00e9 qu\u2019elle r\u00e9clamait, lui et sa famille ont tout perdu. Seriez-vous surpris, si l\u2019on vous disait que nombre de ces manifestants qui juraient, hier, sur la Place verte, de donner leur sang pour sauver le r\u00e9gime, font partie de ceux qui c\u00e9l\u00e8brent aujourd\u2019hui la fin de la dictature, sur cette m\u00eame place, d\u00e9sormais d\u00e9di\u00e9e aux martyrs ?<\/span><\/p>\n<p><span style=\"color: #000000;\"><strong>Entendre les appels de d\u00e9tresse <\/strong><\/span><\/p>\n<p><span style=\"color: #000000;\">A une semaine pr\u00e8s, le colonel aurait c\u00e9l\u00e9br\u00e9, ce jeudi 1er septembre, le quarante-deuxi\u00e8me anniversaire de ce qu\u2019il faut bien appeler son long r\u00e8gne. Le voil\u00e0 oblig\u00e9 de se cacher, pour sauver sa t\u00eate, mise \u00e0 prix pour un petit million et demi de dollars. Quelle offense ! Quelque part dans le d\u00e9sert (ou d\u00e9j\u00e0 dans un pays \u00e9tranger), le colonel prendra peut-\u00eatre le temps de m\u00e9diter sur la vacuit\u00e9 de ce jeu dangereux, qui consiste \u00e0 mesurer sa puissance au nombre de d\u00e9cennies pass\u00e9es au pouvoir. <em>\u00ab On n\u2019a plus peur ! \u00bb<\/em>, disent les Libyens. Cette phrase, nous l\u2019avons beaucoup entendue \u00e0 Tunis et au Caire. Quelle meilleure fa\u00e7on, pour ces peuples, de dire au monde qu\u2019ils \u00e9taient tenus par la terreur !<\/span><br \/>\n<span style=\"color: #000000;\">Il faut donc vraiment faire silence, et souhaiter le meilleur au peuple libyen. Et, qui sait, ce silence permettra peut-\u00eatre d\u2019entendre les appels de d\u00e9tresse des Africains de peau noire, livr\u00e9s \u00e0 la vindicte de certains Libyens, sous pr\u00e9texte que le colonel Kadhafi a eu recours \u00e0 des mercenaires subsahariens pour \u00e9craser la r\u00e9bellion. <\/span><br \/>\n<span style=\"color: #000000;\">Le sort de ces milliers de Noirs en danger de mort en Libye est certainement plus pr\u00e9occupant que les petites querelles africaines, y compris celles qui se d\u00e9roulent au sein de l\u2019Union africaine, \u00e0 propos de la reconnaissance du CNT, l\u2019organe de transition libyen.<\/span><\/p>\n<hr \/>\n<p><span style=\"color: #008080;\"><em>* Published in print edition on 16 September 2011<\/em><\/span><\/p>\n","protected":false},"excerpt":{"rendered":"<p>Chronique de Jean-Baptiste Placca<\/p>\n","protected":false},"author":284,"featured_media":6560,"comment_status":"open","ping_status":"open","sticky":false,"template":"","format":"standard","meta":{"jetpack_post_was_ever_published":false,"_jetpack_newsletter_access":"","_jetpack_dont_email_post_to_subs":false,"_jetpack_newsletter_tier_id":0,"_jetpack_memberships_contains_paywalled_content":false,"_jetpack_memberships_contains_paid_content":false,"footnotes":"","jetpack_publicize_message":"","jetpack_publicize_feature_enabled":true,"jetpack_social_post_already_shared":false,"jetpack_social_options":{"image_generator_settings":{"template":"highway","default_image_id":0,"font":"","enabled":false},"version":2}},"categories":[28],"tags":[8477,20798,21095,19238,20764],"class_list":["post-1245","post","type-post","status-publish","format-standard","has-post-thumbnail","hentry","category-world-affairs","tag-ben-ali","tag-colonel-kadhafi","tag-frere-guide","tag-jean-baptiste-placca","tag-moubarak"],"jetpack_publicize_connections":[],"jetpack_featured_media_url":"https:\/\/i0.wp.com\/www.mauritiustimes.com\/mt\/wp-content\/uploads\/2016\/12\/MT-Logokk.jpg?fit=1200%2C880&ssl=1","jetpack_sharing_enabled":true,"jetpack_shortlink":"https:\/\/wp.me\/p8QzSF-k5","_links":{"self":[{"href":"https:\/\/www.mauritiustimes.com\/mt\/wp-json\/wp\/v2\/posts\/1245","targetHints":{"allow":["GET"]}}],"collection":[{"href":"https:\/\/www.mauritiustimes.com\/mt\/wp-json\/wp\/v2\/posts"}],"about":[{"href":"https:\/\/www.mauritiustimes.com\/mt\/wp-json\/wp\/v2\/types\/post"}],"author":[{"embeddable":true,"href":"https:\/\/www.mauritiustimes.com\/mt\/wp-json\/wp\/v2\/users\/284"}],"replies":[{"embeddable":true,"href":"https:\/\/www.mauritiustimes.com\/mt\/wp-json\/wp\/v2\/comments?post=1245"}],"version-history":[{"count":0,"href":"https:\/\/www.mauritiustimes.com\/mt\/wp-json\/wp\/v2\/posts\/1245\/revisions"}],"wp:featuredmedia":[{"embeddable":true,"href":"https:\/\/www.mauritiustimes.com\/mt\/wp-json\/wp\/v2\/media\/6560"}],"wp:attachment":[{"href":"https:\/\/www.mauritiustimes.com\/mt\/wp-json\/wp\/v2\/media?parent=1245"}],"wp:term":[{"taxonomy":"category","embeddable":true,"href":"https:\/\/www.mauritiustimes.com\/mt\/wp-json\/wp\/v2\/categories?post=1245"},{"taxonomy":"post_tag","embeddable":true,"href":"https:\/\/www.mauritiustimes.com\/mt\/wp-json\/wp\/v2\/tags?post=1245"}],"curies":[{"name":"wp","href":"https:\/\/api.w.org\/{rel}","templated":true}]}}