{"id":1177,"date":"2011-08-12T06:40:12","date_gmt":"2011-08-12T06:40:12","guid":{"rendered":"http:\/\/mauritiustimes.com\/mt\/2011\/08\/12\/jean-baptiste-placca-29\/"},"modified":"2020-01-04T22:21:44","modified_gmt":"2020-01-04T18:21:44","slug":"jean-baptiste-placca-29","status":"publish","type":"post","link":"https:\/\/www.mauritiustimes.com\/mt\/jean-baptiste-placca-29\/","title":{"rendered":"Comme elle serait belle \u00e0 voir, cette Afrique !"},"content":{"rendered":"<h6 style=\"text-align: center;\"><u>Chronique de Jean-Baptiste Placca <\/u><\/h6>\n<p><!--more--><\/p>\n<p><strong>Vous avez tous suivi le sommet extraordinaire de l\u2019Union africaine, r\u00e9uni la semaine derni\u00e8re \u00e0 Addis-Abeba pour arr\u00eater des mesures vigoureuses face \u00e0 la famine qui affecte quelque 12 millions de personnes dans la Corne de l\u2019Afrique.<\/strong><\/p>\n<p>L\u2019Afrique refuse de se donner une nouvelle fois en spectacle. Et elle agit !<\/p>\n<p>Avant m\u00eame que le sommet ne s&#8217;ach\u00e8ve, les chefs d&#8217;Etat ont donn\u00e9 des consignes de mobilisation, chacun au niveau de son pays. Des luxuriantes hauteurs du Fouta-Djalon aux g\u00e9n\u00e9reuses plantations du pays bamil\u00e9k\u00e9, les vivres affluent vers les ports et les a\u00e9roports. Partout, les peuples donnent et se donnent pour venir en aide aux populations en danger en Ethiopie, en Somalie, \u00e0 Djibouti et en Ouganda.<\/p>\n<p>Dans les champs, les b\u00e9n\u00e9voles n\u2019en finissent pas de remplir les sacs de c\u00e9r\u00e9ales pour les wagons gracieusement mis \u00e0 disposition par les compagnies de chemins de fer. Les transporteurs routiers ne sont pas en reste, qui chargent leurs camions de produits frais vers les a\u00e9rodromes, d\u2019o\u00f9 les avions de transport militaire, charg\u00e9s de fruits et l\u00e9gumes, font des rotations pour d\u00e9verser leurs cargaisons dans la Corne de l\u2019Afrique.<\/p>\n<p style=\"text-align: center;\"><strong>Cette Afrique solidaire d\u2019elle-m\u00eame !<\/strong><\/p>\n<p>Depuis son poste de commandement, \u00e0 Addis-Abeba, l\u2019Union africaine centralise les offres d\u2019aide et oriente chaque cargaison vers les r\u00e9gions sinistr\u00e9es, en fonction des urgences. Dans les \u00e9glises et les temples, une qu\u00eate sp\u00e9ciale est organis\u00e9e en faveur de la Corne de l\u2019Afrique. Des dons sont recueillis dans les mosqu\u00e9es et dans certains lieux publics. L\u2019Afrique g\u00e9n\u00e9reuse est en mouvement ! Comme elle est belle \u00e0 voir !<\/p>\n<p>Mais oui ! L\u2019Afrique peut largement nourrir l\u2019Afrique. Dans les ann\u00e9es soixante-dix, Ebongue Soelle, percutant \u00e9ditorialiste africain du Cameroun, \u00e9crivait dans la revue <em>Bingo<\/em> que si l\u2019on amoncelait les restes de nourriture que jettent chaque jour les Africains, du sommet de ces gaspillages, l\u2019on pourrait regarder avec m\u00e9pris l\u2019Himalaya. L\u2019Afrique, d\u00e9sormais raisonnable, a d\u00e9cid\u00e9 de traquer la famine.<\/p>\n<p>Dites-nous donc que nous ne r\u00eavons pas, et que ce sommet a bien eu lieu ! Ne nous dites pas que les dirigeants africains observent passivement, pendant que les autres, venus d\u2019ailleurs, se portent au secours des millions de sinistr\u00e9s de la faim, sous leur nez ! Dites-nous que l\u2019Afrique ne laissera pas passer cette \u00e9ni\u00e8me occasion de r\u00e9demption ! Elle serait tellement belle \u00e0 voir, cette Afrique solidaire d\u2019elle-m\u00eame !<\/p>\n<p>&nbsp;<\/p>\n<p><strong>Jean-Baptiste Placca <\/strong><strong><br \/>\n<\/strong>MFI<\/p>\n<hr \/>\n<p><span style=\"color: #008080;\"><em>* Published in print edition on 12 August 2011<\/em><\/span><\/p>\n","protected":false},"excerpt":{"rendered":"<p>Chronique de Jean-Baptiste Placca<\/p>\n","protected":false},"author":284,"featured_media":6560,"comment_status":"open","ping_status":"open","sticky":false,"template":"","format":"standard","meta":{"jetpack_post_was_ever_published":false,"_jetpack_newsletter_access":"","_jetpack_dont_email_post_to_subs":false,"_jetpack_newsletter_tier_id":0,"_jetpack_memberships_contains_paywalled_content":false,"_jetpack_memberships_contains_paid_content":false,"footnotes":"","jetpack_publicize_message":"","jetpack_publicize_feature_enabled":true,"jetpack_social_post_already_shared":false,"jetpack_social_options":{"image_generator_settings":{"template":"highway","default_image_id":0,"font":"","enabled":false},"version":2}},"categories":[28],"tags":[19757,21412,21413,19238,21411,19971],"class_list":["post-1177","post","type-post","status-publish","format-standard","has-post-thumbnail","hentry","category-world-affairs","tag-addis-abeba","tag-corne-de-lafrique","tag-ebongue-soelle","tag-jean-baptiste-placca","tag-lunion-africaine","tag-mfi"],"jetpack_publicize_connections":[],"jetpack_featured_media_url":"https:\/\/i0.wp.com\/www.mauritiustimes.com\/mt\/wp-content\/uploads\/2016\/12\/MT-Logokk.jpg?fit=1200%2C880&ssl=1","jetpack_sharing_enabled":true,"jetpack_shortlink":"https:\/\/wp.me\/p8QzSF-iZ","_links":{"self":[{"href":"https:\/\/www.mauritiustimes.com\/mt\/wp-json\/wp\/v2\/posts\/1177","targetHints":{"allow":["GET"]}}],"collection":[{"href":"https:\/\/www.mauritiustimes.com\/mt\/wp-json\/wp\/v2\/posts"}],"about":[{"href":"https:\/\/www.mauritiustimes.com\/mt\/wp-json\/wp\/v2\/types\/post"}],"author":[{"embeddable":true,"href":"https:\/\/www.mauritiustimes.com\/mt\/wp-json\/wp\/v2\/users\/284"}],"replies":[{"embeddable":true,"href":"https:\/\/www.mauritiustimes.com\/mt\/wp-json\/wp\/v2\/comments?post=1177"}],"version-history":[{"count":0,"href":"https:\/\/www.mauritiustimes.com\/mt\/wp-json\/wp\/v2\/posts\/1177\/revisions"}],"wp:featuredmedia":[{"embeddable":true,"href":"https:\/\/www.mauritiustimes.com\/mt\/wp-json\/wp\/v2\/media\/6560"}],"wp:attachment":[{"href":"https:\/\/www.mauritiustimes.com\/mt\/wp-json\/wp\/v2\/media?parent=1177"}],"wp:term":[{"taxonomy":"category","embeddable":true,"href":"https:\/\/www.mauritiustimes.com\/mt\/wp-json\/wp\/v2\/categories?post=1177"},{"taxonomy":"post_tag","embeddable":true,"href":"https:\/\/www.mauritiustimes.com\/mt\/wp-json\/wp\/v2\/tags?post=1177"}],"curies":[{"name":"wp","href":"https:\/\/api.w.org\/{rel}","templated":true}]}}